{"id":52132,"date":"2024-08-23T18:31:02","date_gmt":"2024-08-23T21:31:02","guid":{"rendered":"https:\/\/temucotelevision.cl\/web\/?p=52132"},"modified":"2024-08-23T18:31:02","modified_gmt":"2024-08-23T21:31:02","slug":"wallmapu-foto-el-primer-festival-de-la-imagen-que-recorre-la-araucania","status":"publish","type":"post","link":"https:\/\/temucotelevision.cl\/web\/2024\/08\/23\/wallmapu-foto-el-primer-festival-de-la-imagen-que-recorre-la-araucania\/","title":{"rendered":"WALLMAPU FOTO: El primer festival de la imagen que recorre La Araucan\u00eda"},"content":{"rendered":"<div class=\"pvc_clear\"><\/div><p id=\"pvc_stats_52132\" class=\"pvc_stats total_only  \" data-element-id=\"52132\" style=\"\"><i class=\"pvc-stats-icon large\" aria-hidden=\"true\"><svg aria-hidden=\"true\" focusable=\"false\" data-prefix=\"far\" data-icon=\"chart-bar\" role=\"img\" xmlns=\"http:\/\/www.w3.org\/2000\/svg\" viewBox=\"0 0 512 512\" class=\"svg-inline--fa fa-chart-bar fa-w-16 fa-2x\"><path fill=\"currentColor\" d=\"M396.8 352h22.4c6.4 0 12.8-6.4 12.8-12.8V108.8c0-6.4-6.4-12.8-12.8-12.8h-22.4c-6.4 0-12.8 6.4-12.8 12.8v230.4c0 6.4 6.4 12.8 12.8 12.8zm-192 0h22.4c6.4 0 12.8-6.4 12.8-12.8V140.8c0-6.4-6.4-12.8-12.8-12.8h-22.4c-6.4 0-12.8 6.4-12.8 12.8v198.4c0 6.4 6.4 12.8 12.8 12.8zm96 0h22.4c6.4 0 12.8-6.4 12.8-12.8V204.8c0-6.4-6.4-12.8-12.8-12.8h-22.4c-6.4 0-12.8 6.4-12.8 12.8v134.4c0 6.4 6.4 12.8 12.8 12.8zM496 400H48V80c0-8.84-7.16-16-16-16H16C7.16 64 0 71.16 0 80v336c0 17.67 14.33 32 32 32h464c8.84 0 16-7.16 16-16v-16c0-8.84-7.16-16-16-16zm-387.2-48h22.4c6.4 0 12.8-6.4 12.8-12.8v-70.4c0-6.4-6.4-12.8-12.8-12.8h-22.4c-6.4 0-12.8 6.4-12.8 12.8v70.4c0 6.4 6.4 12.8 12.8 12.8z\" class=\"\"><\/path><\/svg><\/i> <img loading=\"lazy\" decoding=\"async\" width=\"16\" height=\"16\" alt=\"Loading\" src=\"https:\/\/temucotelevision.cl\/web\/wp-content\/plugins\/page-views-count\/ajax-loader-2x.gif\" border=0 \/><\/p><div class=\"pvc_clear\"><\/div>\n<p><strong>La propuesta se desarrolla entre el 21 y el 28 de agosto, en el marco del D\u00eda Mundial de la Fotograf\u00eda.<\/strong><\/p>\n\n\n\n<p><strong>WALLMAPU FOTO<\/strong>&nbsp;es el&nbsp;primer festival de la imagen en la regi\u00f3n con enfoque territorial, tiene como objetivo fomentar y visibilizar los trabajos de artistas de la fotograf\u00eda en La Araucan\u00eda, a trav\u00e9s de diversas actividades colaborativas como talleres, conversatorios y exposiciones. Se realiza en el marco del D\u00eda Mundial de la Fotograf\u00eda, que se conmemora el 19 de agosto cada a\u00f1o, y cuenta con el apoyo de la Seremi de las Culturas de La Araucan\u00eda.<\/p>\n\n\n\n<p>Las integrantes de la agrupaci\u00f3n enfatizan que \u201ccomo colectiva de fot\u00f3grafas FRONTERIZAS, estamos emocionadas de presentar el primer festival de fotograf\u00eda en la regi\u00f3n: WALLMAPU FOTO. Este evento se convierte en un espacio esencial para la creaci\u00f3n y difusi\u00f3n de la fotograf\u00eda regional. Consideramos fundamental para la memoria del territorio y el desarrollo de la disciplina fotogr\u00e1fica llevar a cabo esta iniciativa de formaci\u00f3n y exhibici\u00f3n de im\u00e1genes creadas desde y para el territorio. Les invitamos a celebrar la fotograf\u00eda, la memoria y la historia. Todas las actividades son gratuitas y abiertas al p\u00fablico. \u00a1Esperamos contar con su participaci\u00f3n!\u201d.<\/p>\n\n\n\n<p>\u201cEn Wallmapu nuestra cultura se ha construido desde distintas miradas alojadas en esta t\u00e9cnica, aunque en gran parte ha sido normada por la hegemon\u00eda econ\u00f3mica \u2013asim\u00e9trica y jer\u00e1rquica\u2013 demasiadas veces centralizada. Sin embargo, la fotograf\u00eda del territorio se ha mantenido viva, presente y vibrante, como las placas tect\u00f3nicas sobre las cuales los volcanes y los r\u00edos fluyen, y donde surge una historia del cruce de miradas que no ha sido narrada; la cual expresa una identidad compleja y la vastedad de una cultura tan da\u00f1ada como resistente\u201d, agrega la Colectiva Fronterizas.<\/p>\n\n\n\n<p>\u201cEste territorio FRONTERIZO\/ MESTIZO, es el contexto para reflexionar y compartir la fotograf\u00eda y sus desplazamientos. Lejos de la imposici\u00f3n de miradas externas, proponemos crear y visualizar im\u00e1genes situadas, interceptadas por m\u00faltiples tensiones, donde convive una cosmovisi\u00f3n occidentalizada con nuestras ancestralidades, permitiendo en su conjunto la coexistencia de lo tradicional y lo contempor\u00e1neo, lo rural y lo urbano, lo artificial y lo natural. De modo que&nbsp;<strong>WALLMAPU FOTO<\/strong>&nbsp;consiste en un ejercicio de memoria, proponiendo una perspectiva anticolonial, ecol\u00f3gica y experimental, como lo vemos en el trabajo de las obras seleccionadas que forman parte de nuestra convocatoria\u201d, concluyen las organizadoras.<\/p>\n\n\n\n<p>Por su parte, el seremi de las Culturas Eric Iturriaga Guti\u00e9rrez expresa que \u201cnos complace en aportar y generar un trabajo conjunto con organizaciones de mujeres creadoras; impulsando, de manera asociativa con agentes culturales, iniciativas que recorrer\u00e1n distintos espacios culturales en la regi\u00f3n, lo que permitir\u00e1 promover un v\u00ednculo entre la creaci\u00f3n art\u00edstica y los p\u00fablicos y aportando a la descentralizaci\u00f3n\u201d.<\/p>\n\n\n\n<p>El viaje visual tuvo su inicio con la&nbsp;<strong>Exposici\u00f3n Colectiva de 9 fot\u00f3grafos regionales \u201cLINDES IMAGINARIOS DE UN TERRITORIO\u201d<\/strong><em>,<\/em>&nbsp;en torno a los bordes e imaginarios del WALLMAPU. Compuesta por diversas fotograf\u00edas, cuenta con la participaci\u00f3n de Luciano M\u00e1rquez, Camilo Bahamonde, Patricia Pichun, Cecilia Hormaz\u00e1bal, Patricio Saavedra, Alicia Hern\u00e1ndez, Mauricio Ascencio, Lissette Ruiz y Miguel Guti\u00e9rrez Yem. Se inaugur\u00f3 el 21 de agosto en el Centro cultural de Angol. Lautaro 101, Angol. Estar\u00e1 abierta al p\u00fablico hasta el 23 de septiembre.<\/p>\n\n\n\n<p>La iniciativa contempl\u00f3 el n\u00fctxam sobre FOTOGRAF\u00cdA Y ARCHIVO&nbsp;<strong><em>\u201cLa pedagog\u00eda del Ojo: Memoria \/imaginarios sociales\/fotograf\u00eda<\/em><\/strong>\u201d, del Poeta e Historiador&nbsp;<strong>Bernardo Colip\u00e1n<\/strong>. Realizado el 22 de agosto en el Archivo Regional. Tambi\u00e9n se desarroll\u00f3 una instancia formativa con el Taller de Fotograf\u00eda \u201c<strong>Pictorialismo y apropiaci\u00f3n<\/strong>\u201d, encuentros entre pintura y fotograf\u00eda,<em>&nbsp;<\/em>a partir de la obra fotogr\u00e1fica de&nbsp;<strong>Mabel Ruiz<\/strong>, viernes 23 de agosto en la Biblioetca Galo Sep\u00falveda de Temuco.<\/p>\n\n\n\n<p><strong>WALLMAPU FOTO contin\u00faa este viernes, en una actividad que&nbsp;<\/strong>contar\u00e1 con la vista desde Santiago warria la cineasta y reportera gr\u00e1fica&nbsp;<strong>Nicole Kramm Caifal<\/strong>, premio Nacional de Fotograf\u00eda Joven, Rodrigo Rojas de Negri, con su obra&nbsp;<strong>Terricidio: \u201cResistencia de las mujeres en territorios\u201d<\/strong>. La muestra consta de una selecci\u00f3n de fotograf\u00edas, breves textos testimoniales y material audiovisual, a trav\u00e9s de los cuales se narran los conflictos socioambientales que enfrentan localidades de cuatro regiones del pa\u00eds, desde la mirada de mujeres, especialmente de comunidades ind\u00edgenas. Inauguraci\u00f3n: viernes, 23 de agosto, 18:00 horas, en la sala de exposiciones del Museo Ferroviario Pablo Neruda.&nbsp;<a href=\"https:\/\/www.bing.com\/ck\/a?!&amp;&amp;p=bc82a29b16c4dd39JmltdHM9MTcyMzQyMDgwMCZpZ3VpZD0zNjViMWNlYy0zOWY0LTZmYjEtM2RhMS0wODM0MzgxOTZlNzcmaW5zaWQ9NTc5MA&amp;ptn=3&amp;ver=2&amp;hsh=3&amp;fclid=365b1cec-39f4-6fb1-3da1-083438196e77&amp;u=a1L21hcHM_Jm1lcGk9MTAxfn5Vbmtub3dufkFkZHJlc3NfTGluayZ0eT0xOCZxPU11c2VvJTIwTmFjaW9uYWwlMjBGZXJyaW92aWFyaW8lMjBQYWJsbyUyME5lcnVkYSUyMFRlbXVjbyZzcz15cGlkLllOODAzOXgxMDIyMzg0MDkwODY2MDU3OTQ3NCZwcG9pcz0tMzguNzI2Njc2OTQwOTE3OTdfLTcyLjU3MDgzMTI5ODgyODEyX011c2VvJTIwTmFjaW9uYWwlMjBGZXJyaW92aWFyaW8lMjBQYWJsbyUyME5lcnVkYSUyMFRlbXVjb19ZTjgwMzl4MTAyMjM4NDA5MDg2NjA1Nzk0NzR-JmNwPS0zOC43MjY2Nzd-LTcyLjU3MDgzMSZ2PTImc1Y9MSZGT1JNPU1QU1JQTA&amp;ntb=1\" target=\"_blank\" rel=\"noreferrer noopener\">Av. Barros Arana 0565, Temuco<\/a>.<\/p>\n\n\n\n<p><strong>Homenaje a Juan Carlos Gedda.&nbsp;<\/strong>Conversatorio en torno a&nbsp;unos de los grandes fot\u00f3grafos de nuestro territorio, Juan Carlos Gedda, en el sal\u00f3n audiovisual del Museo Ferroviario Pablo Neruda de Temuco. S\u00e1bado 24 de agosto, 16:00 horas. &nbsp;Modera: periodista, escritor y fot\u00f3grafo: Carlos Valverde. Dirige la mesa: el escritor Patricio Alvarado. Invitados: Bruno Toro y Habana Mu\u00f1oz.<\/p>\n\n\n\n<p>El Festival proseguir\u00e1 con la Exposici\u00f3n de fotograf\u00eda y video \u201c<strong>UNA ZONA DE TR\u00c1FICO ENTRE LAS INTENSIDADES Y LAS COSAS\u201d<\/strong>, de la Cineasta y Fot\u00f3grafa&nbsp;<strong>Katherine Antivilo<\/strong>.&nbsp; Quien propone la fotograf\u00eda y el videoarte como un diario de vida enfocado en la materialidad cruda y fragmentada del cotidiano. Las im\u00e1genes y secuencias, despojadas de adornos, capturan la realidad en su forma m\u00e1s directa, desafiando las nociones tradicionales de lo visible. Este enfoque convierte la obra en un registro \u00edntimo y disruptivo, que cuestiona la esencia del acto de mirar y documentar. Inauguraci\u00f3n: s\u00e1bado, 24 de agosto, 19:00 horas. en el espacio de KOM&nbsp;Creaci\u00f3n y Cultura Contempor\u00e1nea. Aldunate 898,&nbsp;Temuco.<\/p>\n\n\n\n<p>Cerrar\u00e1 esta propuesta con la Exposici\u00f3n&nbsp;<strong>\u201cNODAL\u201d<\/strong>&nbsp;del&nbsp;<strong>colectivo Fronterizas<\/strong>, 4 fotograf\u00edas de gran formato, sobre im\u00e1genes situadas en Wallmapu, exhibidas en el hall de acceso del Hospital Intercultural de Padre Las Casas. Inauguraci\u00f3n: mi\u00e9rcoles, 28 de agosto 16:00 horas.<\/p>\n\n\n\n<p>Todas las actividades son gratuitas y abiertas al p\u00fablico.<\/p>\n\n\n\n<p>M\u00e1s informaci\u00f3n:&nbsp;<a href=\"https:\/\/www.instagram.com\/wallmapu_foto\" target=\"_blank\" rel=\"noreferrer noopener\">https:\/\/www.instagram.com\/wallmapu_foto<\/a><\/p>\n","protected":false},"excerpt":{"rendered":"<div class=\"pvc_clear\"><\/div>\n<p id=\"pvc_stats_52132\" class=\"pvc_stats total_only  \" data-element-id=\"52132\" style=\"\"><i class=\"pvc-stats-icon large\" aria-hidden=\"true\"><svg aria-hidden=\"true\" focusable=\"false\" data-prefix=\"far\" data-icon=\"chart-bar\" role=\"img\" xmlns=\"http:\/\/www.w3.org\/2000\/svg\" viewBox=\"0 0 512 512\" class=\"svg-inline--fa fa-chart-bar fa-w-16 fa-2x\"><path fill=\"currentColor\" d=\"M396.8 352h22.4c6.4 0 12.8-6.4 12.8-12.8V108.8c0-6.4-6.4-12.8-12.8-12.8h-22.4c-6.4 0-12.8 6.4-12.8 12.8v230.4c0 6.4 6.4 12.8 12.8 12.8zm-192 0h22.4c6.4 0 12.8-6.4 12.8-12.8V140.8c0-6.4-6.4-12.8-12.8-12.8h-22.4c-6.4 0-12.8 6.4-12.8 12.8v198.4c0 6.4 6.4 12.8 12.8 12.8zm96 0h22.4c6.4 0 12.8-6.4 12.8-12.8V204.8c0-6.4-6.4-12.8-12.8-12.8h-22.4c-6.4 0-12.8 6.4-12.8 12.8v134.4c0 6.4 6.4 12.8 12.8 12.8zM496 400H48V80c0-8.84-7.16-16-16-16H16C7.16 64 0 71.16 0 80v336c0 17.67 14.33 32 32 32h464c8.84 0 16-7.16 16-16v-16c0-8.84-7.16-16-16-16zm-387.2-48h22.4c6.4 0 12.8-6.4 12.8-12.8v-70.4c0-6.4-6.4-12.8-12.8-12.8h-22.4c-6.4 0-12.8 6.4-12.8 12.8v70.4c0 6.4 6.4 12.8 12.8 12.8z\" class=\"\"><\/path><\/svg><\/i> <img loading=\"lazy\" decoding=\"async\" width=\"16\" height=\"16\" alt=\"Loading\" src=\"https:\/\/temucotelevision.cl\/web\/wp-content\/plugins\/page-views-count\/ajax-loader-2x.gif\" border=0 \/><\/p>\n<div class=\"pvc_clear\"><\/div>\n<p>La propuesta se desarrolla entre el 21 y el 28 de agosto, en el marco del D\u00eda Mundial de la<\/p>\n","protected":false},"author":1,"featured_media":52133,"comment_status":"open","ping_status":"open","sticky":false,"template":"","format":"standard","meta":{"colormag_page_container_layout":"default_layout","colormag_page_sidebar_layout":"default_layout","footnotes":""},"categories":[1],"tags":[],"class_list":["post-52132","post","type-post","status-publish","format-standard","has-post-thumbnail","hentry","category-sin-categoria"],"a3_pvc":{"activated":true,"total_views":1053,"today_views":0},"_links":{"self":[{"href":"https:\/\/temucotelevision.cl\/web\/wp-json\/wp\/v2\/posts\/52132","targetHints":{"allow":["GET"]}}],"collection":[{"href":"https:\/\/temucotelevision.cl\/web\/wp-json\/wp\/v2\/posts"}],"about":[{"href":"https:\/\/temucotelevision.cl\/web\/wp-json\/wp\/v2\/types\/post"}],"author":[{"embeddable":true,"href":"https:\/\/temucotelevision.cl\/web\/wp-json\/wp\/v2\/users\/1"}],"replies":[{"embeddable":true,"href":"https:\/\/temucotelevision.cl\/web\/wp-json\/wp\/v2\/comments?post=52132"}],"version-history":[{"count":1,"href":"https:\/\/temucotelevision.cl\/web\/wp-json\/wp\/v2\/posts\/52132\/revisions"}],"predecessor-version":[{"id":52134,"href":"https:\/\/temucotelevision.cl\/web\/wp-json\/wp\/v2\/posts\/52132\/revisions\/52134"}],"wp:featuredmedia":[{"embeddable":true,"href":"https:\/\/temucotelevision.cl\/web\/wp-json\/wp\/v2\/media\/52133"}],"wp:attachment":[{"href":"https:\/\/temucotelevision.cl\/web\/wp-json\/wp\/v2\/media?parent=52132"}],"wp:term":[{"taxonomy":"category","embeddable":true,"href":"https:\/\/temucotelevision.cl\/web\/wp-json\/wp\/v2\/categories?post=52132"},{"taxonomy":"post_tag","embeddable":true,"href":"https:\/\/temucotelevision.cl\/web\/wp-json\/wp\/v2\/tags?post=52132"}],"curies":[{"name":"wp","href":"https:\/\/api.w.org\/{rel}","templated":true}]}}