{"id":52130,"date":"2024-08-23T10:15:47","date_gmt":"2024-08-23T13:15:47","guid":{"rendered":"https:\/\/temucotelevision.cl\/web\/?p=52130"},"modified":"2024-08-23T10:15:48","modified_gmt":"2024-08-23T13:15:48","slug":"sernac-inicia-procedimientos-colectivos-compensaciones-por-cortes-electricos-podrian-beneficiar-a-1-7-millones-de-hogares","status":"publish","type":"post","link":"https:\/\/temucotelevision.cl\/web\/2024\/08\/23\/sernac-inicia-procedimientos-colectivos-compensaciones-por-cortes-electricos-podrian-beneficiar-a-1-7-millones-de-hogares\/","title":{"rendered":"SERNAC inicia procedimientos colectivos: Compensaciones por cortes el\u00e9ctricos podr\u00edan beneficiar a 1.7 millones de hogares"},"content":{"rendered":"<div class=\"pvc_clear\"><\/div><p id=\"pvc_stats_52130\" class=\"pvc_stats total_only  \" data-element-id=\"52130\" style=\"\"><i class=\"pvc-stats-icon large\" aria-hidden=\"true\"><svg aria-hidden=\"true\" focusable=\"false\" data-prefix=\"far\" data-icon=\"chart-bar\" role=\"img\" xmlns=\"http:\/\/www.w3.org\/2000\/svg\" viewBox=\"0 0 512 512\" class=\"svg-inline--fa fa-chart-bar fa-w-16 fa-2x\"><path fill=\"currentColor\" d=\"M396.8 352h22.4c6.4 0 12.8-6.4 12.8-12.8V108.8c0-6.4-6.4-12.8-12.8-12.8h-22.4c-6.4 0-12.8 6.4-12.8 12.8v230.4c0 6.4 6.4 12.8 12.8 12.8zm-192 0h22.4c6.4 0 12.8-6.4 12.8-12.8V140.8c0-6.4-6.4-12.8-12.8-12.8h-22.4c-6.4 0-12.8 6.4-12.8 12.8v198.4c0 6.4 6.4 12.8 12.8 12.8zm96 0h22.4c6.4 0 12.8-6.4 12.8-12.8V204.8c0-6.4-6.4-12.8-12.8-12.8h-22.4c-6.4 0-12.8 6.4-12.8 12.8v134.4c0 6.4 6.4 12.8 12.8 12.8zM496 400H48V80c0-8.84-7.16-16-16-16H16C7.16 64 0 71.16 0 80v336c0 17.67 14.33 32 32 32h464c8.84 0 16-7.16 16-16v-16c0-8.84-7.16-16-16-16zm-387.2-48h22.4c6.4 0 12.8-6.4 12.8-12.8v-70.4c0-6.4-6.4-12.8-12.8-12.8h-22.4c-6.4 0-12.8 6.4-12.8 12.8v70.4c0 6.4 6.4 12.8 12.8 12.8z\" class=\"\"><\/path><\/svg><\/i> <img loading=\"lazy\" decoding=\"async\" width=\"16\" height=\"16\" alt=\"Loading\" src=\"https:\/\/temucotelevision.cl\/web\/wp-content\/plugins\/page-views-count\/ajax-loader-2x.gif\" border=0 \/><\/p><div class=\"pvc_clear\"><\/div>\n<ul class=\"wp-block-list\">\n<li><strong>Todas aquellas personas que sean clientes residenciales y que hayan sufrido cortes de energ\u00eda el\u00e9ctrica a partir del 1 de agosto, podr\u00e1n recibir las compensaciones que se acuerden.<\/strong><\/li>\n\n\n\n<li><strong>Las compensaciones deber\u00e1n considerar tiempos de cortes de energ\u00eda, da\u00f1o moral, p\u00e9rdida de alimentos, medicamentos o desperfectos de artefactos<\/strong>,\u00a0<strong>entre otros.<\/strong><\/li>\n<\/ul>\n\n\n\n<p>El Servicio Nacional del Consumidor (SERNAC) ya comenz\u00f3 a trabajar junto a Enel, CGE y Chilquinta, luego de que aceptaran iniciar Procedimientos Voluntarios Colectivos (PVC) para que todas y todos los afectados puedan recibir compensaciones adecuadas y en el menor tiempo posible por los extensos cortes de electricidad registrados.&nbsp;<\/p>\n\n\n\n<p>Pero,&nbsp;<strong>\u00bfqui\u00e9nes podr\u00e1n recibir estas compensaciones?<\/strong>&nbsp;Es importante resaltar que todas aquellas personas que sean&nbsp;<strong>clientes residenciales<\/strong>&nbsp;y que hayan sufrido cortes de energ\u00eda el\u00e9ctrica como consecuencia del temporal, podr\u00e1n optar a las compensaciones en las que el Servicio est\u00e1 trabajando junto a las compa\u00f1\u00edas.&nbsp;<\/p>\n\n\n\n<p>En este sentido, SERNAC ha estimado en&nbsp;<strong>1.713.709 el n\u00famero potencial m\u00e1ximo de consumidores y consumidoras<\/strong>&nbsp;que podr\u00edan recibir alg\u00fan tipo de compensaci\u00f3n de llegar a buen puerto con los procedimientos voluntarios que se est\u00e1n llevando adelante con las empresas<strong>Enel, CGE y Chilquinta<\/strong>.<\/p>\n\n\n\n<p>El Director Nacional de SERNAC, Andr\u00e9s Herrera, explic\u00f3 la importancia de estas compensaciones para todos y todas quienes resultaron afectados por alg\u00fan corte de suministro el\u00e9ctrico.<\/p>\n\n\n\n<p>\u201cEl Servicio Nacional del Consumidor hist\u00f3ricamente siempre ha estado al lado de los vecinos y particularmente en situaciones como esta y, por lo tanto, en este caso no ser\u00e1 la excepci\u00f3n. Vamos a hacer un proceso permanente de acompa\u00f1amiento con nuestros funcionarios\u201d, puntualiz\u00f3.<\/p>\n\n\n\n<p>Respecto a SAESA, Herrera plante\u00f3 nuevamente la irresponsabilidad de la empresa al no reconocer la Ley del Consumidor como afecta al r\u00e9gimen compensatorio de las y los clientes, \u201cal parecer creen que hay habitantes en nuestro pa\u00eds de primera y segunda categor\u00eda, esto es completamente grave y por lo mismo buscaremos que con la arremetida judicial quede absolutamente claro\u201d.<\/p>\n\n\n\n<p>En las compensaciones que est\u00e1 solicitando SERNAC a las compa\u00f1\u00edas el\u00e9ctricas, se est\u00e1n tomando en cuenta diferentes factores como&nbsp;<strong>da\u00f1o moral, p\u00e9rdida de alimentos, medicamentos o desperfectos de artefactos<\/strong>, entre otros.<\/p>\n\n\n\n<p>De todas formas, a\u00fan falta que entregue una respuesta la compa\u00f1\u00eda Codiner, por lo que, de aceptar iniciar un PVC, el n\u00famero podr\u00eda aumentar.&nbsp;<\/p>\n\n\n\n<p><strong>\u00bfCu\u00e1ndo estar\u00e1n disponibles estas compensaciones?<\/strong><\/p>\n\n\n\n<p>Se estima que los procedimientos colectivos podr\u00edan tener un tiempo de tratamiento de entre 1 a 2 meses, lo que adem\u00e1s debe someterse a un proceso de consulta p\u00fablica para su posterior ejecuci\u00f3n. Todo depender\u00e1 tambi\u00e9n de la voluntad expresa de las empresas a compensar lo antes posible.<\/p>\n\n\n\n<p><strong>Importancia de reclamar<\/strong><\/p>\n\n\n\n<p>Si bien se ha insistido en que no es obligatorio ingresar un reclamo por cortes de energ\u00eda el\u00e9ctrica<strong>, s\u00ed es importante para conocer detalles de la afectaci\u00f3n y poder caracterizar con mayor precisi\u00f3n cada caso.&nbsp;<\/strong><\/p>\n\n\n\n<p>Las y los consumidores pueden ingresar sus reclamos directamente en SERNAC.cl, llamando gratuitamente al 800 700 100 y de forma presencial en cualquier de las oficinas regionales.<\/p>\n\n\n\n<p>Adem\u00e1s, tambi\u00e9n est\u00e1n disponibles todas las sucursales de ChileAtiende a lo largo del pa\u00eds.<\/p>\n\n\n\n<p>Gracias al trabajo coordinado entre SERNAC, IPS y los municipios, hasta la fecha se han recibido un total de&nbsp;<strong>29.382 reclamos<\/strong>, aunque se esperan recepcionar m\u00e1s casos de parte de las personas afectadas.<\/p>\n\n\n\n<p><strong>\u00bfQu\u00e9 pasa si tengo una microempresa?<\/strong><\/p>\n\n\n\n<p>Si bien la Ley del Consumidor resulta aplicable respecto de las micro y peque\u00f1as empresas (MYPES), lamentablemente, de acuerdo a la legislaci\u00f3n vigente, el SERNAC no puede tramitar sus reclamos o procedimientos en su beneficio a pesar de que estas puedan estar ubicadas geogr\u00e1ficamente en zonas afectadas por los cortes.<\/p>\n\n\n\n<p>Sin embargo, las asociaciones y gremios ya se est\u00e1n organizando para representarlos en demandas colectivas, tal es el caso de la Multigremial Nacional.&nbsp;<\/p>\n\n\n\n<p><strong>Plan Cuentas Claras<\/strong><\/p>\n\n\n\n<p>Todo lo anterior, se suma al \u201cPlan Cuentas Claras\u201d, que fue lanzado esta jornada junto al Ministerio de Energ\u00eda, la Superintendencia de Electricidad y Combustibles (SEC) y municipalidades.<\/p>\n\n\n\n<p>El objetivo del Plan es informar a las y los consumidores afectados por los extensos cortes de electricidad sus derechos y el estado de avance de los procesos compensatorios.<\/p>\n","protected":false},"excerpt":{"rendered":"<div class=\"pvc_clear\"><\/div>\n<p id=\"pvc_stats_52130\" class=\"pvc_stats total_only  \" data-element-id=\"52130\" style=\"\"><i class=\"pvc-stats-icon large\" aria-hidden=\"true\"><svg aria-hidden=\"true\" focusable=\"false\" data-prefix=\"far\" data-icon=\"chart-bar\" role=\"img\" xmlns=\"http:\/\/www.w3.org\/2000\/svg\" viewBox=\"0 0 512 512\" class=\"svg-inline--fa fa-chart-bar fa-w-16 fa-2x\"><path fill=\"currentColor\" d=\"M396.8 352h22.4c6.4 0 12.8-6.4 12.8-12.8V108.8c0-6.4-6.4-12.8-12.8-12.8h-22.4c-6.4 0-12.8 6.4-12.8 12.8v230.4c0 6.4 6.4 12.8 12.8 12.8zm-192 0h22.4c6.4 0 12.8-6.4 12.8-12.8V140.8c0-6.4-6.4-12.8-12.8-12.8h-22.4c-6.4 0-12.8 6.4-12.8 12.8v198.4c0 6.4 6.4 12.8 12.8 12.8zm96 0h22.4c6.4 0 12.8-6.4 12.8-12.8V204.8c0-6.4-6.4-12.8-12.8-12.8h-22.4c-6.4 0-12.8 6.4-12.8 12.8v134.4c0 6.4 6.4 12.8 12.8 12.8zM496 400H48V80c0-8.84-7.16-16-16-16H16C7.16 64 0 71.16 0 80v336c0 17.67 14.33 32 32 32h464c8.84 0 16-7.16 16-16v-16c0-8.84-7.16-16-16-16zm-387.2-48h22.4c6.4 0 12.8-6.4 12.8-12.8v-70.4c0-6.4-6.4-12.8-12.8-12.8h-22.4c-6.4 0-12.8 6.4-12.8 12.8v70.4c0 6.4 6.4 12.8 12.8 12.8z\" class=\"\"><\/path><\/svg><\/i> <img loading=\"lazy\" decoding=\"async\" width=\"16\" height=\"16\" alt=\"Loading\" src=\"https:\/\/temucotelevision.cl\/web\/wp-content\/plugins\/page-views-count\/ajax-loader-2x.gif\" border=0 \/><\/p>\n<div class=\"pvc_clear\"><\/div>\n<p>El Servicio Nacional del Consumidor (SERNAC) ya comenz\u00f3 a trabajar junto a Enel, CGE y Chilquinta, luego de que aceptaran<\/p>\n","protected":false},"author":1,"featured_media":6792,"comment_status":"open","ping_status":"open","sticky":false,"template":"","format":"standard","meta":{"colormag_page_container_layout":"default_layout","colormag_page_sidebar_layout":"default_layout","footnotes":""},"categories":[14],"tags":[7128],"class_list":["post-52130","post","type-post","status-publish","format-standard","has-post-thumbnail","hentry","category-temuco","tag-cortes-luz"],"a3_pvc":{"activated":true,"total_views":1091,"today_views":0},"_links":{"self":[{"href":"https:\/\/temucotelevision.cl\/web\/wp-json\/wp\/v2\/posts\/52130","targetHints":{"allow":["GET"]}}],"collection":[{"href":"https:\/\/temucotelevision.cl\/web\/wp-json\/wp\/v2\/posts"}],"about":[{"href":"https:\/\/temucotelevision.cl\/web\/wp-json\/wp\/v2\/types\/post"}],"author":[{"embeddable":true,"href":"https:\/\/temucotelevision.cl\/web\/wp-json\/wp\/v2\/users\/1"}],"replies":[{"embeddable":true,"href":"https:\/\/temucotelevision.cl\/web\/wp-json\/wp\/v2\/comments?post=52130"}],"version-history":[{"count":1,"href":"https:\/\/temucotelevision.cl\/web\/wp-json\/wp\/v2\/posts\/52130\/revisions"}],"predecessor-version":[{"id":52131,"href":"https:\/\/temucotelevision.cl\/web\/wp-json\/wp\/v2\/posts\/52130\/revisions\/52131"}],"wp:featuredmedia":[{"embeddable":true,"href":"https:\/\/temucotelevision.cl\/web\/wp-json\/wp\/v2\/media\/6792"}],"wp:attachment":[{"href":"https:\/\/temucotelevision.cl\/web\/wp-json\/wp\/v2\/media?parent=52130"}],"wp:term":[{"taxonomy":"category","embeddable":true,"href":"https:\/\/temucotelevision.cl\/web\/wp-json\/wp\/v2\/categories?post=52130"},{"taxonomy":"post_tag","embeddable":true,"href":"https:\/\/temucotelevision.cl\/web\/wp-json\/wp\/v2\/tags?post=52130"}],"curies":[{"name":"wp","href":"https:\/\/api.w.org\/{rel}","templated":true}]}}