{"id":52116,"date":"2024-08-22T19:45:16","date_gmt":"2024-08-22T22:45:16","guid":{"rendered":"https:\/\/temucotelevision.cl\/web\/?p=52116"},"modified":"2024-08-22T19:45:16","modified_gmt":"2024-08-22T22:45:16","slug":"liceo-bicentenario-de-excelencia-monsenorguillermo-hartl-profesor-leonardo-vasquez-lidera-capacitacion-en-ia-para-docentes","status":"publish","type":"post","link":"https:\/\/temucotelevision.cl\/web\/2024\/08\/22\/liceo-bicentenario-de-excelencia-monsenorguillermo-hartl-profesor-leonardo-vasquez-lidera-capacitacion-en-ia-para-docentes\/","title":{"rendered":"Liceo Bicentenario de Excelencia Monse\u00f1orGuillermo\u00a0Hartl: Profesor Leonardo V\u00e1squez Lidera Capacitaci\u00f3n en IA para Docentes"},"content":{"rendered":"<div class=\"pvc_clear\"><\/div><p id=\"pvc_stats_52116\" class=\"pvc_stats total_only  \" data-element-id=\"52116\" style=\"\"><i class=\"pvc-stats-icon large\" aria-hidden=\"true\"><svg aria-hidden=\"true\" focusable=\"false\" data-prefix=\"far\" data-icon=\"chart-bar\" role=\"img\" xmlns=\"http:\/\/www.w3.org\/2000\/svg\" viewBox=\"0 0 512 512\" class=\"svg-inline--fa fa-chart-bar fa-w-16 fa-2x\"><path fill=\"currentColor\" d=\"M396.8 352h22.4c6.4 0 12.8-6.4 12.8-12.8V108.8c0-6.4-6.4-12.8-12.8-12.8h-22.4c-6.4 0-12.8 6.4-12.8 12.8v230.4c0 6.4 6.4 12.8 12.8 12.8zm-192 0h22.4c6.4 0 12.8-6.4 12.8-12.8V140.8c0-6.4-6.4-12.8-12.8-12.8h-22.4c-6.4 0-12.8 6.4-12.8 12.8v198.4c0 6.4 6.4 12.8 12.8 12.8zm96 0h22.4c6.4 0 12.8-6.4 12.8-12.8V204.8c0-6.4-6.4-12.8-12.8-12.8h-22.4c-6.4 0-12.8 6.4-12.8 12.8v134.4c0 6.4 6.4 12.8 12.8 12.8zM496 400H48V80c0-8.84-7.16-16-16-16H16C7.16 64 0 71.16 0 80v336c0 17.67 14.33 32 32 32h464c8.84 0 16-7.16 16-16v-16c0-8.84-7.16-16-16-16zm-387.2-48h22.4c6.4 0 12.8-6.4 12.8-12.8v-70.4c0-6.4-6.4-12.8-12.8-12.8h-22.4c-6.4 0-12.8 6.4-12.8 12.8v70.4c0 6.4 6.4 12.8 12.8 12.8z\" class=\"\"><\/path><\/svg><\/i> <img loading=\"lazy\" decoding=\"async\" width=\"16\" height=\"16\" alt=\"Loading\" src=\"https:\/\/temucotelevision.cl\/web\/wp-content\/plugins\/page-views-count\/ajax-loader-2x.gif\" border=0 \/><\/p><div class=\"pvc_clear\"><\/div>\n<p>En&nbsp;un compromiso&nbsp;por mantenerse a la vanguardia en el \u00e1mbito educativo y adaptarse a las crecientes demandas tecnol\u00f3gicas, el Liceo Bicentenario de Excelencia Monse\u00f1or Guillermo Hartl de Pitrufqu\u00e9n,&nbsp;organiz\u00f3 recientemente una capacitaci\u00f3n&nbsp;dirigida por el&nbsp;profeso<strong>r Leonardo&nbsp;<\/strong><strong>V\u00e1squez<\/strong>. En esta sesi\u00f3n, se ofreci\u00f3 a los docentes del establecimiento una introducci\u00f3n fundamental al uso de los recursos tecnol\u00f3gicos emergentes, con un enfoque particular en la<em>INTELIGENCIA ARTIFICIAL<\/em>.<\/p>\n\n\n\n<p>La capacitaci\u00f3n, permiti\u00f3 a los profesores adquirir conocimientos esenciales sobre las nuevas herramientas digitales que hoy en d\u00eda est\u00e1n al alcance de todos de manera gratuita en la web. Durante su presentaci\u00f3n, el profesor&nbsp;V\u00e1squez&nbsp;no solo explic\u00f3 los principios b\u00e1sicos de la inteligencia artificial, sino que tambi\u00e9n abord\u00f3 c\u00f3mo estas tecnolog\u00edas pueden integrarse efectivamente en el aula para potenciar el aprendizaje y la ense\u00f1anza colaborativa con los estudiantes<\/p>\n\n\n\n<p><em>\u201c<\/em><em>La adopci\u00f3n de tecnolog\u00edas basadas en inteligencia artificial en el sector educativo tiene el potencial de transformar significativamente la forma en que se ense\u00f1a<\/em><em>y se aprende. Al optimizar la productividad educativa a trav\u00e9s de la personalizaci\u00f3n del aprendizaje, la automatizaci\u00f3n de tareas, el an\u00e1lisis productivo, la creaci\u00f3n de contenidos y la mejora de la experiencia del estudiante las instituciones educativas pueden lograr resultados m\u00e1s eficientes y efectivos, beneficiando a todos los actores del proceso educativo<\/em><em>\u201d,&nbsp;<\/em>manifest\u00f3 el&nbsp;profesor&nbsp;<strong>Leonardo&nbsp;<\/strong><strong>V\u00e1squez<\/strong><a><\/a><strong>.<\/strong><\/p>\n\n\n\n<p>El impacto de esta iniciativa se refleja en la oportunidad que ahora tienen los docentes de trabajar en conjunto con sus alumnos en la exploraci\u00f3n y utilizaci\u00f3n de estas herramientas, lo que promete enriquecer el proceso educativo. Con esta capacitaci\u00f3n, el Liceo Bicentenario de Excelencia Monse\u00f1or Guillermo Hartl reafirma su compromiso con la innovaci\u00f3n y el desarrollo profesional de su equipo docente, prepar\u00e1ndolos para enfrentar los desaf\u00edos del futuro en un mundo cada vez m\u00e1s digitalizado.<\/p>\n\n\n\n<p>El establecimiento&nbsp;no solo busca mejorar la calidad educativa, sino tambi\u00e9n garantizar que tanto profesores&nbsp;como estudiantes est\u00e9n preparados&nbsp;con las competencias necesarias para aprovechar al m\u00e1ximo las oportunidades que las IA&nbsp;y otros recursos tecnol\u00f3gicos ofrecen. Esta iniciativa subraya la dedicaci\u00f3n del establecimiento hacia el progreso continuo y el uso responsable de las tecnolog\u00edas, asegurando un beneficio mutuo para toda la comunidad educativa.<\/p>\n\n\n\n<figure class=\"wp-block-image size-large\"><img loading=\"lazy\" decoding=\"async\" width=\"1000\" height=\"750\" src=\"https:\/\/temucotelevision.cl\/web\/wp-content\/uploads\/2024\/08\/b70a6fca-d1cb-4914-9506-ed8cd8c808ea-1000x750.jpeg\" alt=\"\" class=\"wp-image-52118\" srcset=\"https:\/\/temucotelevision.cl\/web\/wp-content\/uploads\/2024\/08\/b70a6fca-d1cb-4914-9506-ed8cd8c808ea-1000x750.jpeg 1000w, https:\/\/temucotelevision.cl\/web\/wp-content\/uploads\/2024\/08\/b70a6fca-d1cb-4914-9506-ed8cd8c808ea-768x576.jpeg 768w, https:\/\/temucotelevision.cl\/web\/wp-content\/uploads\/2024\/08\/b70a6fca-d1cb-4914-9506-ed8cd8c808ea-1536x1153.jpeg 1536w, https:\/\/temucotelevision.cl\/web\/wp-content\/uploads\/2024\/08\/b70a6fca-d1cb-4914-9506-ed8cd8c808ea.jpeg 1599w\" sizes=\"auto, (max-width: 1000px) 100vw, 1000px\" \/><\/figure>\n","protected":false},"excerpt":{"rendered":"<div class=\"pvc_clear\"><\/div>\n<p id=\"pvc_stats_52116\" class=\"pvc_stats total_only  \" data-element-id=\"52116\" style=\"\"><i class=\"pvc-stats-icon large\" aria-hidden=\"true\"><svg aria-hidden=\"true\" focusable=\"false\" data-prefix=\"far\" data-icon=\"chart-bar\" role=\"img\" xmlns=\"http:\/\/www.w3.org\/2000\/svg\" viewBox=\"0 0 512 512\" class=\"svg-inline--fa fa-chart-bar fa-w-16 fa-2x\"><path fill=\"currentColor\" d=\"M396.8 352h22.4c6.4 0 12.8-6.4 12.8-12.8V108.8c0-6.4-6.4-12.8-12.8-12.8h-22.4c-6.4 0-12.8 6.4-12.8 12.8v230.4c0 6.4 6.4 12.8 12.8 12.8zm-192 0h22.4c6.4 0 12.8-6.4 12.8-12.8V140.8c0-6.4-6.4-12.8-12.8-12.8h-22.4c-6.4 0-12.8 6.4-12.8 12.8v198.4c0 6.4 6.4 12.8 12.8 12.8zm96 0h22.4c6.4 0 12.8-6.4 12.8-12.8V204.8c0-6.4-6.4-12.8-12.8-12.8h-22.4c-6.4 0-12.8 6.4-12.8 12.8v134.4c0 6.4 6.4 12.8 12.8 12.8zM496 400H48V80c0-8.84-7.16-16-16-16H16C7.16 64 0 71.16 0 80v336c0 17.67 14.33 32 32 32h464c8.84 0 16-7.16 16-16v-16c0-8.84-7.16-16-16-16zm-387.2-48h22.4c6.4 0 12.8-6.4 12.8-12.8v-70.4c0-6.4-6.4-12.8-12.8-12.8h-22.4c-6.4 0-12.8 6.4-12.8 12.8v70.4c0 6.4 6.4 12.8 12.8 12.8z\" class=\"\"><\/path><\/svg><\/i> <img loading=\"lazy\" decoding=\"async\" width=\"16\" height=\"16\" alt=\"Loading\" src=\"https:\/\/temucotelevision.cl\/web\/wp-content\/plugins\/page-views-count\/ajax-loader-2x.gif\" border=0 \/><\/p>\n<div class=\"pvc_clear\"><\/div>\n<p>En&nbsp;un compromiso&nbsp;por mantenerse a la vanguardia en el \u00e1mbito educativo y adaptarse a las crecientes demandas tecnol\u00f3gicas, el Liceo Bicentenario<\/p>\n","protected":false},"author":1,"featured_media":52117,"comment_status":"open","ping_status":"open","sticky":false,"template":"","format":"standard","meta":{"colormag_page_container_layout":"default_layout","colormag_page_sidebar_layout":"default_layout","footnotes":""},"categories":[6973],"tags":[],"class_list":["post-52116","post","type-post","status-publish","format-standard","has-post-thumbnail","hentry","category-tecnologia"],"a3_pvc":{"activated":true,"total_views":918,"today_views":0},"_links":{"self":[{"href":"https:\/\/temucotelevision.cl\/web\/wp-json\/wp\/v2\/posts\/52116","targetHints":{"allow":["GET"]}}],"collection":[{"href":"https:\/\/temucotelevision.cl\/web\/wp-json\/wp\/v2\/posts"}],"about":[{"href":"https:\/\/temucotelevision.cl\/web\/wp-json\/wp\/v2\/types\/post"}],"author":[{"embeddable":true,"href":"https:\/\/temucotelevision.cl\/web\/wp-json\/wp\/v2\/users\/1"}],"replies":[{"embeddable":true,"href":"https:\/\/temucotelevision.cl\/web\/wp-json\/wp\/v2\/comments?post=52116"}],"version-history":[{"count":1,"href":"https:\/\/temucotelevision.cl\/web\/wp-json\/wp\/v2\/posts\/52116\/revisions"}],"predecessor-version":[{"id":52119,"href":"https:\/\/temucotelevision.cl\/web\/wp-json\/wp\/v2\/posts\/52116\/revisions\/52119"}],"wp:featuredmedia":[{"embeddable":true,"href":"https:\/\/temucotelevision.cl\/web\/wp-json\/wp\/v2\/media\/52117"}],"wp:attachment":[{"href":"https:\/\/temucotelevision.cl\/web\/wp-json\/wp\/v2\/media?parent=52116"}],"wp:term":[{"taxonomy":"category","embeddable":true,"href":"https:\/\/temucotelevision.cl\/web\/wp-json\/wp\/v2\/categories?post=52116"},{"taxonomy":"post_tag","embeddable":true,"href":"https:\/\/temucotelevision.cl\/web\/wp-json\/wp\/v2\/tags?post=52116"}],"curies":[{"name":"wp","href":"https:\/\/api.w.org\/{rel}","templated":true}]}}