{"id":51983,"date":"2024-08-13T11:04:39","date_gmt":"2024-08-13T14:04:39","guid":{"rendered":"https:\/\/temucotelevision.cl\/web\/?p=51983"},"modified":"2024-08-13T22:19:45","modified_gmt":"2024-08-14T01:19:45","slug":"estudiantes-del-liceo-bicentenario-excelencia-monsenor-guillermo-hartl-finalizan-proceso-de-alternancia","status":"publish","type":"post","link":"https:\/\/temucotelevision.cl\/web\/2024\/08\/13\/estudiantes-del-liceo-bicentenario-excelencia-monsenor-guillermo-hartl-finalizan-proceso-de-alternancia\/","title":{"rendered":"Estudiantes del Liceo Bicentenario Excelencia Monse\u00f1or Guillermo Hartl finalizan proceso de alternancia"},"content":{"rendered":"<div class=\"pvc_clear\"><\/div><p id=\"pvc_stats_51983\" class=\"pvc_stats total_only  \" data-element-id=\"51983\" style=\"\"><i class=\"pvc-stats-icon large\" aria-hidden=\"true\"><svg aria-hidden=\"true\" focusable=\"false\" data-prefix=\"far\" data-icon=\"chart-bar\" role=\"img\" xmlns=\"http:\/\/www.w3.org\/2000\/svg\" viewBox=\"0 0 512 512\" class=\"svg-inline--fa fa-chart-bar fa-w-16 fa-2x\"><path fill=\"currentColor\" d=\"M396.8 352h22.4c6.4 0 12.8-6.4 12.8-12.8V108.8c0-6.4-6.4-12.8-12.8-12.8h-22.4c-6.4 0-12.8 6.4-12.8 12.8v230.4c0 6.4 6.4 12.8 12.8 12.8zm-192 0h22.4c6.4 0 12.8-6.4 12.8-12.8V140.8c0-6.4-6.4-12.8-12.8-12.8h-22.4c-6.4 0-12.8 6.4-12.8 12.8v198.4c0 6.4 6.4 12.8 12.8 12.8zm96 0h22.4c6.4 0 12.8-6.4 12.8-12.8V204.8c0-6.4-6.4-12.8-12.8-12.8h-22.4c-6.4 0-12.8 6.4-12.8 12.8v134.4c0 6.4 6.4 12.8 12.8 12.8zM496 400H48V80c0-8.84-7.16-16-16-16H16C7.16 64 0 71.16 0 80v336c0 17.67 14.33 32 32 32h464c8.84 0 16-7.16 16-16v-16c0-8.84-7.16-16-16-16zm-387.2-48h22.4c6.4 0 12.8-6.4 12.8-12.8v-70.4c0-6.4-6.4-12.8-12.8-12.8h-22.4c-6.4 0-12.8 6.4-12.8 12.8v70.4c0 6.4 6.4 12.8 12.8 12.8z\" class=\"\"><\/path><\/svg><\/i> <img loading=\"lazy\" decoding=\"async\" width=\"16\" height=\"16\" alt=\"Loading\" src=\"https:\/\/temucotelevision.cl\/web\/wp-content\/plugins\/page-views-count\/ajax-loader-2x.gif\" border=0 \/><\/p><div class=\"pvc_clear\"><\/div>\n<p>En el marco de su proceso educativo, los estudiantes de cuarto medio de las especialidades de Administraci\u00f3n en Menci\u00f3n Recursos Humanos y Gr\u00e1fica del Liceo Bicentenario Excelencia Monse\u00f1or Guillermo Hartl participaron de un proceso de alternancia en la ciudad de Temuco.<\/p>\n\n\n\n<p>Los estudiantes de la especialidad de Administraci\u00f3n Menci\u00f3n Recursos Humanos realizaron su alternancia en la Universidad Santo Tom\u00e1s. Durante este periodo, fueron capacitados por destacados profesores, quienes compartieron su experiencia y conocimientos en el \u00e1rea de legislaci\u00f3n laboral, preparando a los j\u00f3venes para enfrentar con \u00e9xito los desaf\u00edos del mundo del trabajo y educaci\u00f3n superior.<\/p>\n\n\n\n<p>Por su parte, los estudiantes de la especialidad de Gr\u00e1fica participaron de su alternancia en Inacap y se enfocaron en el dise\u00f1o digital. Los j\u00f3venes adquirieron conocimientos en modelado b\u00e1sico 3D y animaci\u00f3n utilizando Blender, explorando su creatividad y desarrollando habilidades esenciales para el trabajo en tres dimensiones, \u00e1rea en la que fueron instruidos por expertos. Este proceso les permiti\u00f3 adquirir habilidades clave en un entorno que refleja las exigencias y tendencias actuales del mercado profesional.<\/p>\n\n\n\n<p>El compromiso del Liceo Bicentenario de Excelencia Monse\u00f1or Guillermo Hartl con la educaci\u00f3n de excelencia se manifiesta en la continuidad de estas actividades, que se siguen realizando con otras especialidades, siempre con el objetivo de proporcionar a sus estudiantes herramientas pr\u00e1cticas y pertinentes que potencien su futuro laboral.<\/p>\n\n\n\n<p>.&nbsp;<\/p>\n\n\n\n<p>.&nbsp;<\/p>\n","protected":false},"excerpt":{"rendered":"<div class=\"pvc_clear\"><\/div>\n<p id=\"pvc_stats_51983\" class=\"pvc_stats total_only  \" data-element-id=\"51983\" style=\"\"><i class=\"pvc-stats-icon large\" aria-hidden=\"true\"><svg aria-hidden=\"true\" focusable=\"false\" data-prefix=\"far\" data-icon=\"chart-bar\" role=\"img\" xmlns=\"http:\/\/www.w3.org\/2000\/svg\" viewBox=\"0 0 512 512\" class=\"svg-inline--fa fa-chart-bar fa-w-16 fa-2x\"><path fill=\"currentColor\" d=\"M396.8 352h22.4c6.4 0 12.8-6.4 12.8-12.8V108.8c0-6.4-6.4-12.8-12.8-12.8h-22.4c-6.4 0-12.8 6.4-12.8 12.8v230.4c0 6.4 6.4 12.8 12.8 12.8zm-192 0h22.4c6.4 0 12.8-6.4 12.8-12.8V140.8c0-6.4-6.4-12.8-12.8-12.8h-22.4c-6.4 0-12.8 6.4-12.8 12.8v198.4c0 6.4 6.4 12.8 12.8 12.8zm96 0h22.4c6.4 0 12.8-6.4 12.8-12.8V204.8c0-6.4-6.4-12.8-12.8-12.8h-22.4c-6.4 0-12.8 6.4-12.8 12.8v134.4c0 6.4 6.4 12.8 12.8 12.8zM496 400H48V80c0-8.84-7.16-16-16-16H16C7.16 64 0 71.16 0 80v336c0 17.67 14.33 32 32 32h464c8.84 0 16-7.16 16-16v-16c0-8.84-7.16-16-16-16zm-387.2-48h22.4c6.4 0 12.8-6.4 12.8-12.8v-70.4c0-6.4-6.4-12.8-12.8-12.8h-22.4c-6.4 0-12.8 6.4-12.8 12.8v70.4c0 6.4 6.4 12.8 12.8 12.8z\" class=\"\"><\/path><\/svg><\/i> <img loading=\"lazy\" decoding=\"async\" width=\"16\" height=\"16\" alt=\"Loading\" src=\"https:\/\/temucotelevision.cl\/web\/wp-content\/plugins\/page-views-count\/ajax-loader-2x.gif\" border=0 \/><\/p>\n<div class=\"pvc_clear\"><\/div>\n<p>En el marco de su proceso educativo, los estudiantes de cuarto medio de las especialidades de Administraci\u00f3n en Menci\u00f3n Recursos<\/p>\n","protected":false},"author":1,"featured_media":51984,"comment_status":"open","ping_status":"open","sticky":false,"template":"","format":"standard","meta":{"colormag_page_container_layout":"default_layout","colormag_page_sidebar_layout":"default_layout","footnotes":""},"categories":[101],"tags":[302],"class_list":["post-51983","post","type-post","status-publish","format-standard","has-post-thumbnail","hentry","category-actualidad","tag-liceo"],"a3_pvc":{"activated":true,"total_views":713,"today_views":0},"_links":{"self":[{"href":"https:\/\/temucotelevision.cl\/web\/wp-json\/wp\/v2\/posts\/51983","targetHints":{"allow":["GET"]}}],"collection":[{"href":"https:\/\/temucotelevision.cl\/web\/wp-json\/wp\/v2\/posts"}],"about":[{"href":"https:\/\/temucotelevision.cl\/web\/wp-json\/wp\/v2\/types\/post"}],"author":[{"embeddable":true,"href":"https:\/\/temucotelevision.cl\/web\/wp-json\/wp\/v2\/users\/1"}],"replies":[{"embeddable":true,"href":"https:\/\/temucotelevision.cl\/web\/wp-json\/wp\/v2\/comments?post=51983"}],"version-history":[{"count":1,"href":"https:\/\/temucotelevision.cl\/web\/wp-json\/wp\/v2\/posts\/51983\/revisions"}],"predecessor-version":[{"id":51985,"href":"https:\/\/temucotelevision.cl\/web\/wp-json\/wp\/v2\/posts\/51983\/revisions\/51985"}],"wp:featuredmedia":[{"embeddable":true,"href":"https:\/\/temucotelevision.cl\/web\/wp-json\/wp\/v2\/media\/51984"}],"wp:attachment":[{"href":"https:\/\/temucotelevision.cl\/web\/wp-json\/wp\/v2\/media?parent=51983"}],"wp:term":[{"taxonomy":"category","embeddable":true,"href":"https:\/\/temucotelevision.cl\/web\/wp-json\/wp\/v2\/categories?post=51983"},{"taxonomy":"post_tag","embeddable":true,"href":"https:\/\/temucotelevision.cl\/web\/wp-json\/wp\/v2\/tags?post=51983"}],"curies":[{"name":"wp","href":"https:\/\/api.w.org\/{rel}","templated":true}]}}