{"id":51981,"date":"2024-08-13T10:59:33","date_gmt":"2024-08-13T13:59:33","guid":{"rendered":"https:\/\/temucotelevision.cl\/web\/?p=51981"},"modified":"2024-08-13T10:59:33","modified_gmt":"2024-08-13T13:59:33","slug":"diputado-schubert-exige-decision-politica-para-combatir-el-terrorismo-en-la-araucania","status":"publish","type":"post","link":"https:\/\/temucotelevision.cl\/web\/2024\/08\/13\/diputado-schubert-exige-decision-politica-para-combatir-el-terrorismo-en-la-araucania\/","title":{"rendered":"Diputado Schubert exige decisi\u00f3n pol\u00edtica para combatir el terrorismo en La Araucan\u00eda"},"content":{"rendered":"<div class=\"pvc_clear\"><\/div><p id=\"pvc_stats_51981\" class=\"pvc_stats total_only  \" data-element-id=\"51981\" style=\"\"><i class=\"pvc-stats-icon large\" aria-hidden=\"true\"><svg aria-hidden=\"true\" focusable=\"false\" data-prefix=\"far\" data-icon=\"chart-bar\" role=\"img\" xmlns=\"http:\/\/www.w3.org\/2000\/svg\" viewBox=\"0 0 512 512\" class=\"svg-inline--fa fa-chart-bar fa-w-16 fa-2x\"><path fill=\"currentColor\" d=\"M396.8 352h22.4c6.4 0 12.8-6.4 12.8-12.8V108.8c0-6.4-6.4-12.8-12.8-12.8h-22.4c-6.4 0-12.8 6.4-12.8 12.8v230.4c0 6.4 6.4 12.8 12.8 12.8zm-192 0h22.4c6.4 0 12.8-6.4 12.8-12.8V140.8c0-6.4-6.4-12.8-12.8-12.8h-22.4c-6.4 0-12.8 6.4-12.8 12.8v198.4c0 6.4 6.4 12.8 12.8 12.8zm96 0h22.4c6.4 0 12.8-6.4 12.8-12.8V204.8c0-6.4-6.4-12.8-12.8-12.8h-22.4c-6.4 0-12.8 6.4-12.8 12.8v134.4c0 6.4 6.4 12.8 12.8 12.8zM496 400H48V80c0-8.84-7.16-16-16-16H16C7.16 64 0 71.16 0 80v336c0 17.67 14.33 32 32 32h464c8.84 0 16-7.16 16-16v-16c0-8.84-7.16-16-16-16zm-387.2-48h22.4c6.4 0 12.8-6.4 12.8-12.8v-70.4c0-6.4-6.4-12.8-12.8-12.8h-22.4c-6.4 0-12.8 6.4-12.8 12.8v70.4c0 6.4 6.4 12.8 12.8 12.8z\" class=\"\"><\/path><\/svg><\/i> <img loading=\"lazy\" decoding=\"async\" width=\"16\" height=\"16\" alt=\"Loading\" src=\"https:\/\/temucotelevision.cl\/web\/wp-content\/plugins\/page-views-count\/ajax-loader-2x.gif\" border=0 \/><\/p><div class=\"pvc_clear\"><\/div>\n<p><strong>La Araucan\u00eda, Chile<\/strong>&nbsp;&#8211; El diputado por La Araucan\u00eda, Stephan Schubert, ha manifestado su preocupaci\u00f3n por los recientes atentados terroristas que han golpeado nuevamente la regi\u00f3n en los \u00faltimos d\u00edas. En una declaraci\u00f3n contundente, Schubert cuestion\u00f3 la respuesta del gobierno, particularmente la del Ministerio del Interior, ante la creciente violencia.<\/p>\n\n\n\n<p>&#8220;En La Araucan\u00eda, nuevamente hemos sufrido ataques terroristas estos \u00faltimos d\u00edas&#8221;, afirm\u00f3 Schubert, subrayando la gravedad de la situaci\u00f3n. La ministra del Interior, seg\u00fan Schubert, ha indicado que estos actos de violencia est\u00e1n motivados por la presi\u00f3n de ciertos grupos sobre un proceso judicial en curso. Sin embargo, el diputado enfatiz\u00f3 que &#8220;ese es el terrorismo, el que quiere sacar una decisi\u00f3n pol\u00edtica o judicial respecto de una situaci\u00f3n puntual a trav\u00e9s del uso de la fuerza y la violencia, sin importar a quienes pueda afectar&#8221;.<\/p>\n\n\n\n<p>Para Schubert, el enfoque del gobierno es insuficiente. &#8220;El terrorismo sigue siendo un problema en nuestra sociedad y la ministra, m\u00e1s que reconocer esta extorsi\u00f3n de ciertos grupos respecto del Estado, debiera establecer un plan para desbaratar a esos grupos&#8221;, se\u00f1al\u00f3. Seg\u00fan el diputado, no basta con constatar la existencia de estas amenazas; es crucial desarrollar y ejecutar una estrategia efectiva para combatirlas.<\/p>\n\n\n\n<p>El parlamentario hizo hincapi\u00e9 en la falta de acci\u00f3n decidida por parte de las autoridades: &#8220;Aqu\u00ed falta decisi\u00f3n pol\u00edtica, seguimos lament\u00e1ndonos d\u00eda tras d\u00eda de los ataques terroristas y haciendo distintos gestos menores&#8221;. En su opini\u00f3n, lo que se necesita es una &#8220;decisi\u00f3n pol\u00edtica de desbaratar a estas bandas&#8221; y advirti\u00f3 que, hasta ahora, el gobierno no ha demostrado la voluntad necesaria para enfrentar de manera efectiva la violencia en la regi\u00f3n.<\/p>\n\n\n\n<p>Las declaraciones de Schubert reflejan la creciente frustraci\u00f3n entre los residentes de La Araucan\u00eda, quienes han sido testigos de repetidos actos de violencia en su territorio. A medida que la tensi\u00f3n aumenta, las demandas por una respuesta m\u00e1s firme y coordinada por parte del Estado se vuelven cada vez m\u00e1s urgentes.<\/p>\n","protected":false},"excerpt":{"rendered":"<div class=\"pvc_clear\"><\/div>\n<p id=\"pvc_stats_51981\" class=\"pvc_stats total_only  \" data-element-id=\"51981\" style=\"\"><i class=\"pvc-stats-icon large\" aria-hidden=\"true\"><svg aria-hidden=\"true\" focusable=\"false\" data-prefix=\"far\" data-icon=\"chart-bar\" role=\"img\" xmlns=\"http:\/\/www.w3.org\/2000\/svg\" viewBox=\"0 0 512 512\" class=\"svg-inline--fa fa-chart-bar fa-w-16 fa-2x\"><path fill=\"currentColor\" d=\"M396.8 352h22.4c6.4 0 12.8-6.4 12.8-12.8V108.8c0-6.4-6.4-12.8-12.8-12.8h-22.4c-6.4 0-12.8 6.4-12.8 12.8v230.4c0 6.4 6.4 12.8 12.8 12.8zm-192 0h22.4c6.4 0 12.8-6.4 12.8-12.8V140.8c0-6.4-6.4-12.8-12.8-12.8h-22.4c-6.4 0-12.8 6.4-12.8 12.8v198.4c0 6.4 6.4 12.8 12.8 12.8zm96 0h22.4c6.4 0 12.8-6.4 12.8-12.8V204.8c0-6.4-6.4-12.8-12.8-12.8h-22.4c-6.4 0-12.8 6.4-12.8 12.8v134.4c0 6.4 6.4 12.8 12.8 12.8zM496 400H48V80c0-8.84-7.16-16-16-16H16C7.16 64 0 71.16 0 80v336c0 17.67 14.33 32 32 32h464c8.84 0 16-7.16 16-16v-16c0-8.84-7.16-16-16-16zm-387.2-48h22.4c6.4 0 12.8-6.4 12.8-12.8v-70.4c0-6.4-6.4-12.8-12.8-12.8h-22.4c-6.4 0-12.8 6.4-12.8 12.8v70.4c0 6.4 6.4 12.8 12.8 12.8z\" class=\"\"><\/path><\/svg><\/i> <img loading=\"lazy\" decoding=\"async\" width=\"16\" height=\"16\" alt=\"Loading\" src=\"https:\/\/temucotelevision.cl\/web\/wp-content\/plugins\/page-views-count\/ajax-loader-2x.gif\" border=0 \/><\/p>\n<div class=\"pvc_clear\"><\/div>\n<p>La Araucan\u00eda, Chile&nbsp;&#8211; El diputado por La Araucan\u00eda, Stephan Schubert, ha manifestado su preocupaci\u00f3n por los recientes atentados terroristas que<\/p>\n","protected":false},"author":1,"featured_media":51979,"comment_status":"open","ping_status":"open","sticky":false,"template":"","format":"standard","meta":{"colormag_page_container_layout":"default_layout","colormag_page_sidebar_layout":"default_layout","footnotes":""},"categories":[84],"tags":[154],"class_list":["post-51981","post","type-post","status-publish","format-standard","has-post-thumbnail","hentry","category-politica","tag-diputado"],"a3_pvc":{"activated":true,"total_views":1023,"today_views":0},"_links":{"self":[{"href":"https:\/\/temucotelevision.cl\/web\/wp-json\/wp\/v2\/posts\/51981","targetHints":{"allow":["GET"]}}],"collection":[{"href":"https:\/\/temucotelevision.cl\/web\/wp-json\/wp\/v2\/posts"}],"about":[{"href":"https:\/\/temucotelevision.cl\/web\/wp-json\/wp\/v2\/types\/post"}],"author":[{"embeddable":true,"href":"https:\/\/temucotelevision.cl\/web\/wp-json\/wp\/v2\/users\/1"}],"replies":[{"embeddable":true,"href":"https:\/\/temucotelevision.cl\/web\/wp-json\/wp\/v2\/comments?post=51981"}],"version-history":[{"count":1,"href":"https:\/\/temucotelevision.cl\/web\/wp-json\/wp\/v2\/posts\/51981\/revisions"}],"predecessor-version":[{"id":51982,"href":"https:\/\/temucotelevision.cl\/web\/wp-json\/wp\/v2\/posts\/51981\/revisions\/51982"}],"wp:featuredmedia":[{"embeddable":true,"href":"https:\/\/temucotelevision.cl\/web\/wp-json\/wp\/v2\/media\/51979"}],"wp:attachment":[{"href":"https:\/\/temucotelevision.cl\/web\/wp-json\/wp\/v2\/media?parent=51981"}],"wp:term":[{"taxonomy":"category","embeddable":true,"href":"https:\/\/temucotelevision.cl\/web\/wp-json\/wp\/v2\/categories?post=51981"},{"taxonomy":"post_tag","embeddable":true,"href":"https:\/\/temucotelevision.cl\/web\/wp-json\/wp\/v2\/tags?post=51981"}],"curies":[{"name":"wp","href":"https:\/\/api.w.org\/{rel}","templated":true}]}}