{"id":51957,"date":"2024-08-12T13:38:03","date_gmt":"2024-08-12T16:38:03","guid":{"rendered":"https:\/\/temucotelevision.cl\/web\/?p=51957"},"modified":"2024-08-12T13:38:04","modified_gmt":"2024-08-12T16:38:04","slug":"500-jovenes-en-temuco-exploran-su-futuro-en-la-2da-feria-vocacional-araucania","status":"publish","type":"post","link":"https:\/\/temucotelevision.cl\/web\/2024\/08\/12\/500-jovenes-en-temuco-exploran-su-futuro-en-la-2da-feria-vocacional-araucania\/","title":{"rendered":"500 j\u00f3venes en Temuco exploran su futuro en la 2da Feria Vocacional Araucan\u00eda"},"content":{"rendered":"<div class=\"pvc_clear\"><\/div><p id=\"pvc_stats_51957\" class=\"pvc_stats total_only  \" data-element-id=\"51957\" style=\"\"><i class=\"pvc-stats-icon large\" aria-hidden=\"true\"><svg aria-hidden=\"true\" focusable=\"false\" data-prefix=\"far\" data-icon=\"chart-bar\" role=\"img\" xmlns=\"http:\/\/www.w3.org\/2000\/svg\" viewBox=\"0 0 512 512\" class=\"svg-inline--fa fa-chart-bar fa-w-16 fa-2x\"><path fill=\"currentColor\" d=\"M396.8 352h22.4c6.4 0 12.8-6.4 12.8-12.8V108.8c0-6.4-6.4-12.8-12.8-12.8h-22.4c-6.4 0-12.8 6.4-12.8 12.8v230.4c0 6.4 6.4 12.8 12.8 12.8zm-192 0h22.4c6.4 0 12.8-6.4 12.8-12.8V140.8c0-6.4-6.4-12.8-12.8-12.8h-22.4c-6.4 0-12.8 6.4-12.8 12.8v198.4c0 6.4 6.4 12.8 12.8 12.8zm96 0h22.4c6.4 0 12.8-6.4 12.8-12.8V204.8c0-6.4-6.4-12.8-12.8-12.8h-22.4c-6.4 0-12.8 6.4-12.8 12.8v134.4c0 6.4 6.4 12.8 12.8 12.8zM496 400H48V80c0-8.84-7.16-16-16-16H16C7.16 64 0 71.16 0 80v336c0 17.67 14.33 32 32 32h464c8.84 0 16-7.16 16-16v-16c0-8.84-7.16-16-16-16zm-387.2-48h22.4c6.4 0 12.8-6.4 12.8-12.8v-70.4c0-6.4-6.4-12.8-12.8-12.8h-22.4c-6.4 0-12.8 6.4-12.8 12.8v70.4c0 6.4 6.4 12.8 12.8 12.8z\" class=\"\"><\/path><\/svg><\/i> <img loading=\"lazy\" decoding=\"async\" width=\"16\" height=\"16\" alt=\"Loading\" src=\"https:\/\/temucotelevision.cl\/web\/wp-content\/plugins\/page-views-count\/ajax-loader-2x.gif\" border=0 \/><\/p><div class=\"pvc_clear\"><\/div>\n<p><em>500 estudiantes de 3ero y 4to medio pudieron participar de charlas, talleres vocacionales y recorrer stands con informaci\u00f3n de casas de estudios superiores de la regi\u00f3n, para conocer las alternativas existentes en su territorio y tomar una decisi\u00f3n vocacional informada.<\/em><\/p>\n\n\n\n<p><em>Temuco, 10 de agosto.<\/em>&nbsp;El s\u00e1bado se realiz\u00f3 la 2da versi\u00f3n de la \u201cFeria Vocacional Araucan\u00eda\u201d, organizada por Fundaci\u00f3n 99, la corporaci\u00f3n Formando Chile y la Red Futuro T\u00e9cnico del Ministerio de Educaci\u00f3n, que cont\u00f3 con la participaci\u00f3n de 500 j\u00f3venes de ense\u00f1anza media de la regi\u00f3n.<\/p>\n\n\n\n<p>El objetivo de este evento fue que los estudiantes que se preparan para rendir la Prueba de Acceso a la Educaci\u00f3n Superior (PAES), conozcan la oferta acad\u00e9mica de la regi\u00f3n de La Araucan\u00eda, para que luego tomen una decisi\u00f3n vocacional informada.<\/p>\n\n\n\n<p>La Feria, que se realiz\u00f3 en la sede de Inacap Temuco, cont\u00f3 con stands con informaci\u00f3n de universidades, institutos profesionales (IP) y centros de formaci\u00f3n t\u00e9cnica (CFT), sus carreras, las especialidades y requisitos de ingreso.<\/p>\n\n\n\n<p>Asimismo, se realizaron charlas tem\u00e1ticas, entre ellas \u201cQu\u00e9 necesitas para transformar el mundo\u201d, impartida por Alejandro Rubilar, director de Admisi\u00f3n y Comunicaciones de Inacap Temuco y el taller \u201cTermina el colegio \u00bfy ahora qu\u00e9?: construyamos un nuevo punto de partida\u201d, dirigido por la carrera de Bachillerato del Campus Villarrica de la Pontificia Universidad Cat\u00f3lica de Chile.<\/p>\n\n\n\n<p>El evento termin\u00f3 con la presentaci\u00f3n en vivo del cantante urbano Bezzeta.<\/p>\n\n\n\n<p>Gonzalo Plaza, director ejecutivo de Fundaci\u00f3n 99, coment\u00f3 que \u201cel proyecto Puentes Educativos TP busca que las y los estudiantes de liceos t\u00e9cnico-profesionales en contexto rural tengan m\u00e1s oportunidades. Una de esas oportunidades es que tengan acceso a m\u00e1s y mejor calidad de informaci\u00f3n vocacional, para que puedan elegir libremente sus trayectorias. Que puedan decir quiero seguir estudiando, o quiero entrar al mercado del trabajo, pero que sea una decisi\u00f3n libre e infirmada\u201d.&nbsp;<\/p>\n\n\n\n<p>Por su parte Mariana Cordero, coordinadora de Desarrollo Vocacional de la corporaci\u00f3n Formando Chile, se\u00f1al\u00f3 que \u201cel principal objetivo de la Feria Vocacional es poder ayudar a las y los j\u00f3venes que se encuentran en una etapa trascendental en su vida, como lo es el finalizar la educaci\u00f3n escolar y proyectar sus trayectorias vitales, entreg\u00e1ndoles informaci\u00f3n e instancias para reflexionar sobre la amplia gama de alternativas y oportunidades existentes en el territorio donde viven\u201d.<\/p>\n\n\n\n<p>\u201cEl fin \u00faltimo de la feria es proporcionar informaci\u00f3n de calidad y pertinente al contexto, para que ampl\u00ede las oportunidades de los estudiantes\u201d, concluy\u00f3 Gonzalo Plaza.<\/p>\n","protected":false},"excerpt":{"rendered":"<div class=\"pvc_clear\"><\/div>\n<p id=\"pvc_stats_51957\" class=\"pvc_stats total_only  \" data-element-id=\"51957\" style=\"\"><i class=\"pvc-stats-icon large\" aria-hidden=\"true\"><svg aria-hidden=\"true\" focusable=\"false\" data-prefix=\"far\" data-icon=\"chart-bar\" role=\"img\" xmlns=\"http:\/\/www.w3.org\/2000\/svg\" viewBox=\"0 0 512 512\" class=\"svg-inline--fa fa-chart-bar fa-w-16 fa-2x\"><path fill=\"currentColor\" d=\"M396.8 352h22.4c6.4 0 12.8-6.4 12.8-12.8V108.8c0-6.4-6.4-12.8-12.8-12.8h-22.4c-6.4 0-12.8 6.4-12.8 12.8v230.4c0 6.4 6.4 12.8 12.8 12.8zm-192 0h22.4c6.4 0 12.8-6.4 12.8-12.8V140.8c0-6.4-6.4-12.8-12.8-12.8h-22.4c-6.4 0-12.8 6.4-12.8 12.8v198.4c0 6.4 6.4 12.8 12.8 12.8zm96 0h22.4c6.4 0 12.8-6.4 12.8-12.8V204.8c0-6.4-6.4-12.8-12.8-12.8h-22.4c-6.4 0-12.8 6.4-12.8 12.8v134.4c0 6.4 6.4 12.8 12.8 12.8zM496 400H48V80c0-8.84-7.16-16-16-16H16C7.16 64 0 71.16 0 80v336c0 17.67 14.33 32 32 32h464c8.84 0 16-7.16 16-16v-16c0-8.84-7.16-16-16-16zm-387.2-48h22.4c6.4 0 12.8-6.4 12.8-12.8v-70.4c0-6.4-6.4-12.8-12.8-12.8h-22.4c-6.4 0-12.8 6.4-12.8 12.8v70.4c0 6.4 6.4 12.8 12.8 12.8z\" class=\"\"><\/path><\/svg><\/i> <img loading=\"lazy\" decoding=\"async\" width=\"16\" height=\"16\" alt=\"Loading\" src=\"https:\/\/temucotelevision.cl\/web\/wp-content\/plugins\/page-views-count\/ajax-loader-2x.gif\" border=0 \/><\/p>\n<div class=\"pvc_clear\"><\/div>\n<p>500 estudiantes de 3ero y 4to medio pudieron participar de charlas, talleres vocacionales y recorrer stands con informaci\u00f3n de casas<\/p>\n","protected":false},"author":1,"featured_media":51958,"comment_status":"open","ping_status":"open","sticky":false,"template":"","format":"standard","meta":{"colormag_page_container_layout":"default_layout","colormag_page_sidebar_layout":"default_layout","footnotes":""},"categories":[14],"tags":[],"class_list":["post-51957","post","type-post","status-publish","format-standard","has-post-thumbnail","hentry","category-temuco"],"a3_pvc":{"activated":true,"total_views":816,"today_views":0},"_links":{"self":[{"href":"https:\/\/temucotelevision.cl\/web\/wp-json\/wp\/v2\/posts\/51957","targetHints":{"allow":["GET"]}}],"collection":[{"href":"https:\/\/temucotelevision.cl\/web\/wp-json\/wp\/v2\/posts"}],"about":[{"href":"https:\/\/temucotelevision.cl\/web\/wp-json\/wp\/v2\/types\/post"}],"author":[{"embeddable":true,"href":"https:\/\/temucotelevision.cl\/web\/wp-json\/wp\/v2\/users\/1"}],"replies":[{"embeddable":true,"href":"https:\/\/temucotelevision.cl\/web\/wp-json\/wp\/v2\/comments?post=51957"}],"version-history":[{"count":1,"href":"https:\/\/temucotelevision.cl\/web\/wp-json\/wp\/v2\/posts\/51957\/revisions"}],"predecessor-version":[{"id":51959,"href":"https:\/\/temucotelevision.cl\/web\/wp-json\/wp\/v2\/posts\/51957\/revisions\/51959"}],"wp:featuredmedia":[{"embeddable":true,"href":"https:\/\/temucotelevision.cl\/web\/wp-json\/wp\/v2\/media\/51958"}],"wp:attachment":[{"href":"https:\/\/temucotelevision.cl\/web\/wp-json\/wp\/v2\/media?parent=51957"}],"wp:term":[{"taxonomy":"category","embeddable":true,"href":"https:\/\/temucotelevision.cl\/web\/wp-json\/wp\/v2\/categories?post=51957"},{"taxonomy":"post_tag","embeddable":true,"href":"https:\/\/temucotelevision.cl\/web\/wp-json\/wp\/v2\/tags?post=51957"}],"curies":[{"name":"wp","href":"https:\/\/api.w.org\/{rel}","templated":true}]}}