{"id":51955,"date":"2024-08-12T13:17:07","date_gmt":"2024-08-12T16:17:07","guid":{"rendered":"https:\/\/temucotelevision.cl\/web\/?p=51955"},"modified":"2024-08-12T13:17:08","modified_gmt":"2024-08-12T16:17:08","slug":"diputado-henry-leal-acusa-abandono-e-indolencia-del-gobierno-tras-extensos-cortes-de-luz-que-aun-afectan-a-casi-6-mil-clientes-en-la-araucania","status":"publish","type":"post","link":"https:\/\/temucotelevision.cl\/web\/2024\/08\/12\/diputado-henry-leal-acusa-abandono-e-indolencia-del-gobierno-tras-extensos-cortes-de-luz-que-aun-afectan-a-casi-6-mil-clientes-en-la-araucania\/","title":{"rendered":"Diputado Henry Leal acusa \u201cabandono\u201d e \u201cindolencia\u201d del Gobierno tras extensos cortes de luz que a\u00fan afectan a casi 6 mil clientes en La Araucan\u00eda"},"content":{"rendered":"<div class=\"pvc_clear\"><\/div><p id=\"pvc_stats_51955\" class=\"pvc_stats total_only  \" data-element-id=\"51955\" style=\"\"><i class=\"pvc-stats-icon large\" aria-hidden=\"true\"><svg aria-hidden=\"true\" focusable=\"false\" data-prefix=\"far\" data-icon=\"chart-bar\" role=\"img\" xmlns=\"http:\/\/www.w3.org\/2000\/svg\" viewBox=\"0 0 512 512\" class=\"svg-inline--fa fa-chart-bar fa-w-16 fa-2x\"><path fill=\"currentColor\" d=\"M396.8 352h22.4c6.4 0 12.8-6.4 12.8-12.8V108.8c0-6.4-6.4-12.8-12.8-12.8h-22.4c-6.4 0-12.8 6.4-12.8 12.8v230.4c0 6.4 6.4 12.8 12.8 12.8zm-192 0h22.4c6.4 0 12.8-6.4 12.8-12.8V140.8c0-6.4-6.4-12.8-12.8-12.8h-22.4c-6.4 0-12.8 6.4-12.8 12.8v198.4c0 6.4 6.4 12.8 12.8 12.8zm96 0h22.4c6.4 0 12.8-6.4 12.8-12.8V204.8c0-6.4-6.4-12.8-12.8-12.8h-22.4c-6.4 0-12.8 6.4-12.8 12.8v134.4c0 6.4 6.4 12.8 12.8 12.8zM496 400H48V80c0-8.84-7.16-16-16-16H16C7.16 64 0 71.16 0 80v336c0 17.67 14.33 32 32 32h464c8.84 0 16-7.16 16-16v-16c0-8.84-7.16-16-16-16zm-387.2-48h22.4c6.4 0 12.8-6.4 12.8-12.8v-70.4c0-6.4-6.4-12.8-12.8-12.8h-22.4c-6.4 0-12.8 6.4-12.8 12.8v70.4c0 6.4 6.4 12.8 12.8 12.8z\" class=\"\"><\/path><\/svg><\/i> <img loading=\"lazy\" decoding=\"async\" width=\"16\" height=\"16\" alt=\"Loading\" src=\"https:\/\/temucotelevision.cl\/web\/wp-content\/plugins\/page-views-count\/ajax-loader-2x.gif\" border=0 \/><\/p><div class=\"pvc_clear\"><\/div>\n<p><em>El parlamentario de la UDI cuestion\u00f3 a las autoridades por centrar la atenci\u00f3n de la crisis en Santiago, por lo que emplaz\u00f3 al Presidente Boric y al ministro de Energ\u00eda a visitar la regi\u00f3n.<\/em><\/p>\n\n\n\n<p>El diputado por el Distrito 23 e integrante de la comisi\u00f3n de Seguridad Ciudadana de la C\u00e1mara Baja, Henry Leal (UDI), acus\u00f3 un \u201cabsoluto abandono\u201d y una \u201cgrave desidia\u201d por parte del Gobierno con La Araucan\u00eda, considerando que este lunes se cumplieron doce d\u00edas desde que se produjeran los primeros cortes de energ\u00eda en la regi\u00f3n, donde actualmente siguen habiendo 5.627&nbsp;clientes sin luz, de acuerdo a lo que inform\u00f3 esta ma\u00f1ana&nbsp;la Superintendencia de Electricidad y&nbsp;Combustibles (SEC).<\/p>\n\n\n\n<p>Al respecto, el parlamentario gremialista no s\u00f3lo cuestion\u00f3 a las distintas compa\u00f1\u00edas el\u00e9ctricas que operan en la zona, como CGE, Codiner, Saesa y Frontel, a las que la SEC ya formul\u00f3 una serie de cargos por incumplir los tiempos m\u00e1ximos de reposici\u00f3n y por no entregar informaci\u00f3n precisa sobre el n\u00famero de hogares afectados, sino que tambi\u00e9n apunt\u00f3 a las autoridades centrales de gobierno por \u201cno estar enfrentando esta grave situaci\u00f3n con todas las herramientas y facultades que existen\u201d.<\/p>\n\n\n\n<p>En ese sentido, por ejemplo, el diputado Leal critic\u00f3 que el Ejecutivo no haya visitado las viviendas rurales que llevan todo este mes sin luz, sobre todo donde viven adultos mayores. Adem\u00e1s, cuestion\u00f3 que el Gobierno tampoco entregara cajas con alimentos no perecibles para las familias que han perdido todos sus productos y que no han podido cocinar debido a la situaci\u00f3n, como tambi\u00e9n que no se haya solicitado la colaboraci\u00f3n de privados para la remoci\u00f3n de los escombros.<\/p>\n\n\n\n<p>\u201cEl Gobierno ha abandonado a La Araucan\u00eda a su propia suerte, demostrando una absoluta desidia con las miles de familias que est\u00e1n pronto a cumplir dos semanas sin electricidad. Hasta el fin de semana eran al menos ocho mil hogares que segu\u00edan sin luz, y no hemos visto ninguna ayuda por parte de las actuales autoridades. Si desde un momento se\u00f1alaron que esta situaci\u00f3n se asemejaba bastante al terremoto de 2010, lo que hubiese correspondido, entonces, es que se adoptaran medidas en esa l\u00ednea, habilitando albergues, entregando comida a los afectados, solicitando la colaboraci\u00f3n de privados y voluntarios, entre otras acciones. Sin embargo, nada de eso hemos visto durante estos d\u00edas, lo que demuestra el absoluto abandono de parte del Gobierno\u201d, cuestion\u00f3 Leal.<\/p>\n\n\n\n<p>Pero adem\u00e1s, el parlamentario de la UDI tambi\u00e9n acus\u00f3 una actitud \u201ccentralista\u201d de las autoridades, asegurando que \u201ctodos los esfuerzos han estado centrados \u00fanica y exclusivamente en Santiago, ignorando por completo que, por magnitud, somos por lejos la regi\u00f3n m\u00e1s afectada en esta crisis\u201d.<\/p>\n\n\n\n<p>Por lo mismo, Leal no s\u00f3lo exigi\u00f3 al Gobierno a que, en el resto de las zonas afectadas, \u201cact\u00faen con la&nbsp;misma&nbsp;varaque han utilizado en la Regi\u00f3n Metropolitana\u201d, sino que tambi\u00e9n emplaz\u00f3&nbsp;al&nbsp;Presidente Gabriel Boric y al ministro de Energ\u00eda, Diego Pardow, a que visiten esta semana la zona m\u00e1s afectada.<\/p>\n\n\n\n<p>\u201cEs en este tipo de situaciones donde se echa de menos a un presidente en terreno, conversando con los afectados y coordinando todos los servicios p\u00fablicos. Por eso esperamos un gesto de las autoridades y que se enteren de lo que hoy est\u00e1 ocurriendo en La Araucan\u00eda\u201d, reiter\u00f3 el legislador.<\/p>\n","protected":false},"excerpt":{"rendered":"<div class=\"pvc_clear\"><\/div>\n<p id=\"pvc_stats_51955\" class=\"pvc_stats total_only  \" data-element-id=\"51955\" style=\"\"><i class=\"pvc-stats-icon large\" aria-hidden=\"true\"><svg aria-hidden=\"true\" focusable=\"false\" data-prefix=\"far\" data-icon=\"chart-bar\" role=\"img\" xmlns=\"http:\/\/www.w3.org\/2000\/svg\" viewBox=\"0 0 512 512\" class=\"svg-inline--fa fa-chart-bar fa-w-16 fa-2x\"><path fill=\"currentColor\" d=\"M396.8 352h22.4c6.4 0 12.8-6.4 12.8-12.8V108.8c0-6.4-6.4-12.8-12.8-12.8h-22.4c-6.4 0-12.8 6.4-12.8 12.8v230.4c0 6.4 6.4 12.8 12.8 12.8zm-192 0h22.4c6.4 0 12.8-6.4 12.8-12.8V140.8c0-6.4-6.4-12.8-12.8-12.8h-22.4c-6.4 0-12.8 6.4-12.8 12.8v198.4c0 6.4 6.4 12.8 12.8 12.8zm96 0h22.4c6.4 0 12.8-6.4 12.8-12.8V204.8c0-6.4-6.4-12.8-12.8-12.8h-22.4c-6.4 0-12.8 6.4-12.8 12.8v134.4c0 6.4 6.4 12.8 12.8 12.8zM496 400H48V80c0-8.84-7.16-16-16-16H16C7.16 64 0 71.16 0 80v336c0 17.67 14.33 32 32 32h464c8.84 0 16-7.16 16-16v-16c0-8.84-7.16-16-16-16zm-387.2-48h22.4c6.4 0 12.8-6.4 12.8-12.8v-70.4c0-6.4-6.4-12.8-12.8-12.8h-22.4c-6.4 0-12.8 6.4-12.8 12.8v70.4c0 6.4 6.4 12.8 12.8 12.8z\" class=\"\"><\/path><\/svg><\/i> <img loading=\"lazy\" decoding=\"async\" width=\"16\" height=\"16\" alt=\"Loading\" src=\"https:\/\/temucotelevision.cl\/web\/wp-content\/plugins\/page-views-count\/ajax-loader-2x.gif\" border=0 \/><\/p>\n<div class=\"pvc_clear\"><\/div>\n<p>El parlamentario de la UDI cuestion\u00f3 a las autoridades por centrar la atenci\u00f3n de la crisis en Santiago, por lo<\/p>\n","protected":false},"author":1,"featured_media":38037,"comment_status":"open","ping_status":"open","sticky":false,"template":"","format":"standard","meta":{"colormag_page_container_layout":"default_layout","colormag_page_sidebar_layout":"default_layout","footnotes":""},"categories":[84],"tags":[],"class_list":["post-51955","post","type-post","status-publish","format-standard","has-post-thumbnail","hentry","category-politica"],"a3_pvc":{"activated":true,"total_views":1269,"today_views":0},"_links":{"self":[{"href":"https:\/\/temucotelevision.cl\/web\/wp-json\/wp\/v2\/posts\/51955","targetHints":{"allow":["GET"]}}],"collection":[{"href":"https:\/\/temucotelevision.cl\/web\/wp-json\/wp\/v2\/posts"}],"about":[{"href":"https:\/\/temucotelevision.cl\/web\/wp-json\/wp\/v2\/types\/post"}],"author":[{"embeddable":true,"href":"https:\/\/temucotelevision.cl\/web\/wp-json\/wp\/v2\/users\/1"}],"replies":[{"embeddable":true,"href":"https:\/\/temucotelevision.cl\/web\/wp-json\/wp\/v2\/comments?post=51955"}],"version-history":[{"count":1,"href":"https:\/\/temucotelevision.cl\/web\/wp-json\/wp\/v2\/posts\/51955\/revisions"}],"predecessor-version":[{"id":51956,"href":"https:\/\/temucotelevision.cl\/web\/wp-json\/wp\/v2\/posts\/51955\/revisions\/51956"}],"wp:featuredmedia":[{"embeddable":true,"href":"https:\/\/temucotelevision.cl\/web\/wp-json\/wp\/v2\/media\/38037"}],"wp:attachment":[{"href":"https:\/\/temucotelevision.cl\/web\/wp-json\/wp\/v2\/media?parent=51955"}],"wp:term":[{"taxonomy":"category","embeddable":true,"href":"https:\/\/temucotelevision.cl\/web\/wp-json\/wp\/v2\/categories?post=51955"},{"taxonomy":"post_tag","embeddable":true,"href":"https:\/\/temucotelevision.cl\/web\/wp-json\/wp\/v2\/tags?post=51955"}],"curies":[{"name":"wp","href":"https:\/\/api.w.org\/{rel}","templated":true}]}}