{"id":51949,"date":"2024-08-12T12:24:19","date_gmt":"2024-08-12T15:24:19","guid":{"rendered":"https:\/\/temucotelevision.cl\/web\/?p=51949"},"modified":"2024-08-12T12:24:20","modified_gmt":"2024-08-12T15:24:20","slug":"proyecto-que-prohibe-la-narcocultura-fue-despachado-a-sala-para-votacion","status":"publish","type":"post","link":"https:\/\/temucotelevision.cl\/web\/2024\/08\/12\/proyecto-que-prohibe-la-narcocultura-fue-despachado-a-sala-para-votacion\/","title":{"rendered":"Proyecto que proh\u00edbe la narcocultura fue despachado a sala para votaci\u00f3n"},"content":{"rendered":"<div class=\"pvc_clear\"><\/div><p id=\"pvc_stats_51949\" class=\"pvc_stats total_only  \" data-element-id=\"51949\" style=\"\"><i class=\"pvc-stats-icon large\" aria-hidden=\"true\"><svg aria-hidden=\"true\" focusable=\"false\" data-prefix=\"far\" data-icon=\"chart-bar\" role=\"img\" xmlns=\"http:\/\/www.w3.org\/2000\/svg\" viewBox=\"0 0 512 512\" class=\"svg-inline--fa fa-chart-bar fa-w-16 fa-2x\"><path fill=\"currentColor\" d=\"M396.8 352h22.4c6.4 0 12.8-6.4 12.8-12.8V108.8c0-6.4-6.4-12.8-12.8-12.8h-22.4c-6.4 0-12.8 6.4-12.8 12.8v230.4c0 6.4 6.4 12.8 12.8 12.8zm-192 0h22.4c6.4 0 12.8-6.4 12.8-12.8V140.8c0-6.4-6.4-12.8-12.8-12.8h-22.4c-6.4 0-12.8 6.4-12.8 12.8v198.4c0 6.4 6.4 12.8 12.8 12.8zm96 0h22.4c6.4 0 12.8-6.4 12.8-12.8V204.8c0-6.4-6.4-12.8-12.8-12.8h-22.4c-6.4 0-12.8 6.4-12.8 12.8v134.4c0 6.4 6.4 12.8 12.8 12.8zM496 400H48V80c0-8.84-7.16-16-16-16H16C7.16 64 0 71.16 0 80v336c0 17.67 14.33 32 32 32h464c8.84 0 16-7.16 16-16v-16c0-8.84-7.16-16-16-16zm-387.2-48h22.4c6.4 0 12.8-6.4 12.8-12.8v-70.4c0-6.4-6.4-12.8-12.8-12.8h-22.4c-6.4 0-12.8 6.4-12.8 12.8v70.4c0 6.4 6.4 12.8 12.8 12.8z\" class=\"\"><\/path><\/svg><\/i> <img loading=\"lazy\" decoding=\"async\" width=\"16\" height=\"16\" alt=\"Loading\" src=\"https:\/\/temucotelevision.cl\/web\/wp-content\/plugins\/page-views-count\/ajax-loader-2x.gif\" border=0 \/><\/p><div class=\"pvc_clear\"><\/div>\n<p><br><em>Despu\u00e9s de semanas de tramitaci\u00f3n en la Comisi\u00f3n de La Familia de la C\u00e1mara de Diputados, fue aprobado el denominado proyecto de ley que proh\u00edbe la narcocultura.<\/em><\/p>\n\n\n\n<p>El avance de la iniciativa -correspondiente a dos proyectos de idea matriz similar que fueron refundidos, uno de ellos de autor\u00eda de la diputada Francesca Mu\u00f1oz y patrocinado de manera transversal por lo diputados Sara Concha, Ren\u00e9 Alinco, Felipe Donoso, Juan Irarr\u00e1zabal, Pamela Jiles, Carla Morales, Emilia Nuyado, Jorge Saffiro y Hotuiti Teao, y el otro del diputado Gastar Rivas- nace luego de la pol\u00e9mica que se origin\u00f3 en el contexto del festival de Vi\u00f1a del Mar 2024, que contemplaba en su parrilla la presentaci\u00f3n de artista Peso Pluma, cuyas letras son consideradas una apolog\u00eda a la narcocultura.<\/p>\n\n\n\n<p>En esta l\u00ednea, el proyecto busca prohibir la promoci\u00f3n y apolog\u00eda de la narcocultura, la explotaci\u00f3n sexual, la pornograf\u00eda infantil, el consumo de drogas, uso de armas y otros delitos violentos, prohibiendo la celebraci\u00f3n de espect\u00e1culos y difusi\u00f3n de obras en los que se promueva dichas conductas. Esto, con el objeto de evitar, que bajo el pretexto de la realizaci\u00f3n de actos culturales o art\u00edsticos, se valide pr\u00e1cticas ilegales o delitos que afectan a la ciudadan\u00eda, pero en especial a ni\u00f1os, ni\u00f1as y adolescentes.<\/p>\n\n\n\n<p>Al respecto, la diputada del PSC, autora de uno de los proyectos refundidos, se\u00f1al\u00f3 que hoy la situaci\u00f3n que enfrenta el pa\u00eds es cr\u00edtica en seguridad, por lo que se hace urgente adoptar todas las medidas necesarias y en los distintos \u00e1mbitos de acci\u00f3n, para proteger a los NNA, hoy expuestos al aumento del narcotr\u00e1fico, crimen organizado, consumo de drogas y que los tiene como v\u00edctimas inocentes y en ocasiones invisibilizadas, salvo cuando ocupan espacio en la cr\u00f3nica policial, heridos, muertos o delinquiendo\u201d, puntualiz\u00f3 Mu\u00f1oz.<\/p>\n\n\n\n<p>La parlamentaria record\u00f3, adem\u00e1s, que \u201choy los ni\u00f1os, ni\u00f1as y adolescente est\u00e1n expuestos a ser reclutados por bandas criminales y la narcocultura es una forma de hacerlo, al mostrarle los lujos a los cuales podr\u00edan acceder por esa v\u00eda delictual y normalizando el uso de armas, consumo y tr\u00e1fico de drogas.<\/p>\n\n\n\n<p>Ahora el proyecto -sobre el cual se solicit\u00f3 al Gobierno que ponga alguna urgencia para lograr que avance r\u00e1pido-, queda a la espera de ser puesto en tabla para que sea discutido y votado en sala, para que luego siga su proceso hasta ver la luz y se sume como una medida concreta de protecci\u00f3n a la infancia y adolescencia.<\/p>\n","protected":false},"excerpt":{"rendered":"<div class=\"pvc_clear\"><\/div>\n<p id=\"pvc_stats_51949\" class=\"pvc_stats total_only  \" data-element-id=\"51949\" style=\"\"><i class=\"pvc-stats-icon large\" aria-hidden=\"true\"><svg aria-hidden=\"true\" focusable=\"false\" data-prefix=\"far\" data-icon=\"chart-bar\" role=\"img\" xmlns=\"http:\/\/www.w3.org\/2000\/svg\" viewBox=\"0 0 512 512\" class=\"svg-inline--fa fa-chart-bar fa-w-16 fa-2x\"><path fill=\"currentColor\" d=\"M396.8 352h22.4c6.4 0 12.8-6.4 12.8-12.8V108.8c0-6.4-6.4-12.8-12.8-12.8h-22.4c-6.4 0-12.8 6.4-12.8 12.8v230.4c0 6.4 6.4 12.8 12.8 12.8zm-192 0h22.4c6.4 0 12.8-6.4 12.8-12.8V140.8c0-6.4-6.4-12.8-12.8-12.8h-22.4c-6.4 0-12.8 6.4-12.8 12.8v198.4c0 6.4 6.4 12.8 12.8 12.8zm96 0h22.4c6.4 0 12.8-6.4 12.8-12.8V204.8c0-6.4-6.4-12.8-12.8-12.8h-22.4c-6.4 0-12.8 6.4-12.8 12.8v134.4c0 6.4 6.4 12.8 12.8 12.8zM496 400H48V80c0-8.84-7.16-16-16-16H16C7.16 64 0 71.16 0 80v336c0 17.67 14.33 32 32 32h464c8.84 0 16-7.16 16-16v-16c0-8.84-7.16-16-16-16zm-387.2-48h22.4c6.4 0 12.8-6.4 12.8-12.8v-70.4c0-6.4-6.4-12.8-12.8-12.8h-22.4c-6.4 0-12.8 6.4-12.8 12.8v70.4c0 6.4 6.4 12.8 12.8 12.8z\" class=\"\"><\/path><\/svg><\/i> <img loading=\"lazy\" decoding=\"async\" width=\"16\" height=\"16\" alt=\"Loading\" src=\"https:\/\/temucotelevision.cl\/web\/wp-content\/plugins\/page-views-count\/ajax-loader-2x.gif\" border=0 \/><\/p>\n<div class=\"pvc_clear\"><\/div>\n<p>Despu\u00e9s de semanas de tramitaci\u00f3n en la Comisi\u00f3n de La Familia de la C\u00e1mara de Diputados, fue aprobado el denominado<\/p>\n","protected":false},"author":1,"featured_media":51950,"comment_status":"open","ping_status":"open","sticky":false,"template":"","format":"standard","meta":{"colormag_page_container_layout":"default_layout","colormag_page_sidebar_layout":"default_layout","footnotes":""},"categories":[84],"tags":[],"class_list":["post-51949","post","type-post","status-publish","format-standard","has-post-thumbnail","hentry","category-politica"],"a3_pvc":{"activated":true,"total_views":1029,"today_views":0},"_links":{"self":[{"href":"https:\/\/temucotelevision.cl\/web\/wp-json\/wp\/v2\/posts\/51949","targetHints":{"allow":["GET"]}}],"collection":[{"href":"https:\/\/temucotelevision.cl\/web\/wp-json\/wp\/v2\/posts"}],"about":[{"href":"https:\/\/temucotelevision.cl\/web\/wp-json\/wp\/v2\/types\/post"}],"author":[{"embeddable":true,"href":"https:\/\/temucotelevision.cl\/web\/wp-json\/wp\/v2\/users\/1"}],"replies":[{"embeddable":true,"href":"https:\/\/temucotelevision.cl\/web\/wp-json\/wp\/v2\/comments?post=51949"}],"version-history":[{"count":1,"href":"https:\/\/temucotelevision.cl\/web\/wp-json\/wp\/v2\/posts\/51949\/revisions"}],"predecessor-version":[{"id":51951,"href":"https:\/\/temucotelevision.cl\/web\/wp-json\/wp\/v2\/posts\/51949\/revisions\/51951"}],"wp:featuredmedia":[{"embeddable":true,"href":"https:\/\/temucotelevision.cl\/web\/wp-json\/wp\/v2\/media\/51950"}],"wp:attachment":[{"href":"https:\/\/temucotelevision.cl\/web\/wp-json\/wp\/v2\/media?parent=51949"}],"wp:term":[{"taxonomy":"category","embeddable":true,"href":"https:\/\/temucotelevision.cl\/web\/wp-json\/wp\/v2\/categories?post=51949"},{"taxonomy":"post_tag","embeddable":true,"href":"https:\/\/temucotelevision.cl\/web\/wp-json\/wp\/v2\/tags?post=51949"}],"curies":[{"name":"wp","href":"https:\/\/api.w.org\/{rel}","templated":true}]}}