{"id":51946,"date":"2024-08-12T11:55:17","date_gmt":"2024-08-12T14:55:17","guid":{"rendered":"https:\/\/temucotelevision.cl\/web\/?p=51946"},"modified":"2024-08-12T11:55:18","modified_gmt":"2024-08-12T14:55:18","slug":"candidato-a-gobernador-por-la-araucania-visito-distintas-comunas-de-malleco","status":"publish","type":"post","link":"https:\/\/temucotelevision.cl\/web\/2024\/08\/12\/candidato-a-gobernador-por-la-araucania-visito-distintas-comunas-de-malleco\/","title":{"rendered":"Candidato a gobernador por La Araucan\u00eda visit\u00f3 distintas comunas de Malleco"},"content":{"rendered":"<div class=\"pvc_clear\"><\/div><p id=\"pvc_stats_51946\" class=\"pvc_stats total_only  \" data-element-id=\"51946\" style=\"\"><i class=\"pvc-stats-icon large\" aria-hidden=\"true\"><svg aria-hidden=\"true\" focusable=\"false\" data-prefix=\"far\" data-icon=\"chart-bar\" role=\"img\" xmlns=\"http:\/\/www.w3.org\/2000\/svg\" viewBox=\"0 0 512 512\" class=\"svg-inline--fa fa-chart-bar fa-w-16 fa-2x\"><path fill=\"currentColor\" d=\"M396.8 352h22.4c6.4 0 12.8-6.4 12.8-12.8V108.8c0-6.4-6.4-12.8-12.8-12.8h-22.4c-6.4 0-12.8 6.4-12.8 12.8v230.4c0 6.4 6.4 12.8 12.8 12.8zm-192 0h22.4c6.4 0 12.8-6.4 12.8-12.8V140.8c0-6.4-6.4-12.8-12.8-12.8h-22.4c-6.4 0-12.8 6.4-12.8 12.8v198.4c0 6.4 6.4 12.8 12.8 12.8zm96 0h22.4c6.4 0 12.8-6.4 12.8-12.8V204.8c0-6.4-6.4-12.8-12.8-12.8h-22.4c-6.4 0-12.8 6.4-12.8 12.8v134.4c0 6.4 6.4 12.8 12.8 12.8zM496 400H48V80c0-8.84-7.16-16-16-16H16C7.16 64 0 71.16 0 80v336c0 17.67 14.33 32 32 32h464c8.84 0 16-7.16 16-16v-16c0-8.84-7.16-16-16-16zm-387.2-48h22.4c6.4 0 12.8-6.4 12.8-12.8v-70.4c0-6.4-6.4-12.8-12.8-12.8h-22.4c-6.4 0-12.8 6.4-12.8 12.8v70.4c0 6.4 6.4 12.8 12.8 12.8z\" class=\"\"><\/path><\/svg><\/i> <img loading=\"lazy\" decoding=\"async\" width=\"16\" height=\"16\" alt=\"Loading\" src=\"https:\/\/temucotelevision.cl\/web\/wp-content\/plugins\/page-views-count\/ajax-loader-2x.gif\" border=0 \/><\/p><div class=\"pvc_clear\"><\/div>\n<p>El mi\u00e9rcoles el candidato a gobernador por La Araucan\u00eda, C\u00e9sar Vargas, se traslad\u00f3 hasta la provincia de Malleco para sostener una serie de encuentros con vecinos y candidatos a concejales para dialogar sobre los avances y las medidas que impulsar\u00e1 este nuevo gobierno regional.<\/p>\n\n\n\n<p>El recorrido consisti\u00f3 en dirigirse hacia Collipulli, Ercilla, Capit\u00e1n Pastene y Lumaco para conversar con los ciudadanos respecto a las necesidades que solicitan en los distintos sectores rurales.<\/p>\n\n\n\n<p>En este sentido, el candidato a gobernador por La Araucan\u00eda, C\u00e9sar Vargas, dijo que &#8220;dentro de la planificaci\u00f3n que hemos hecho en esta candidatura como gobernador, justamente tenemos que visitar las 32 comunas de igual manera. Estamos consciente que la regi\u00f3n est\u00e1 viviendo una situaci\u00f3n muy compleja como por ejemplo la delincuencia, el terrorismo y por lo tanto hay mucha inquietud por parte de la ciudadan\u00eda ya que se sienten idefensos y con harta inseguridad. Nos deja muy satisfechos de lo que estamos realizando en esta campa\u00f1a que es con mucho esfuerzo y empe\u00f1o, la idea es buscar al m\u00e1ximo la informaci\u00f3n para que el d\u00eda de ma\u00f1ana pueda hacer una excelente gesti\u00f3n y espero que piensen en que C\u00e9sar Vargas es una excelente alternativa para ser gobernador&#8221;.<\/p>\n\n\n\n<p>Adem\u00e1s de su visita por Malleco, se desplazar\u00e1 este fin de semana por distintas comunas para sostener un di\u00e1logo con diferentes agrupaciones y comunidades para informar sobre las medidas que impulsa su propuesta como futuro gobernador por La Araucan\u00eda.<\/p>\n","protected":false},"excerpt":{"rendered":"<div class=\"pvc_clear\"><\/div>\n<p id=\"pvc_stats_51946\" class=\"pvc_stats total_only  \" data-element-id=\"51946\" style=\"\"><i class=\"pvc-stats-icon large\" aria-hidden=\"true\"><svg aria-hidden=\"true\" focusable=\"false\" data-prefix=\"far\" data-icon=\"chart-bar\" role=\"img\" xmlns=\"http:\/\/www.w3.org\/2000\/svg\" viewBox=\"0 0 512 512\" class=\"svg-inline--fa fa-chart-bar fa-w-16 fa-2x\"><path fill=\"currentColor\" d=\"M396.8 352h22.4c6.4 0 12.8-6.4 12.8-12.8V108.8c0-6.4-6.4-12.8-12.8-12.8h-22.4c-6.4 0-12.8 6.4-12.8 12.8v230.4c0 6.4 6.4 12.8 12.8 12.8zm-192 0h22.4c6.4 0 12.8-6.4 12.8-12.8V140.8c0-6.4-6.4-12.8-12.8-12.8h-22.4c-6.4 0-12.8 6.4-12.8 12.8v198.4c0 6.4 6.4 12.8 12.8 12.8zm96 0h22.4c6.4 0 12.8-6.4 12.8-12.8V204.8c0-6.4-6.4-12.8-12.8-12.8h-22.4c-6.4 0-12.8 6.4-12.8 12.8v134.4c0 6.4 6.4 12.8 12.8 12.8zM496 400H48V80c0-8.84-7.16-16-16-16H16C7.16 64 0 71.16 0 80v336c0 17.67 14.33 32 32 32h464c8.84 0 16-7.16 16-16v-16c0-8.84-7.16-16-16-16zm-387.2-48h22.4c6.4 0 12.8-6.4 12.8-12.8v-70.4c0-6.4-6.4-12.8-12.8-12.8h-22.4c-6.4 0-12.8 6.4-12.8 12.8v70.4c0 6.4 6.4 12.8 12.8 12.8z\" class=\"\"><\/path><\/svg><\/i> <img loading=\"lazy\" decoding=\"async\" width=\"16\" height=\"16\" alt=\"Loading\" src=\"https:\/\/temucotelevision.cl\/web\/wp-content\/plugins\/page-views-count\/ajax-loader-2x.gif\" border=0 \/><\/p>\n<div class=\"pvc_clear\"><\/div>\n<p>El mi\u00e9rcoles el candidato a gobernador por La Araucan\u00eda, C\u00e9sar Vargas, se traslad\u00f3 hasta la provincia de Malleco para sostener<\/p>\n","protected":false},"author":1,"featured_media":51947,"comment_status":"open","ping_status":"open","sticky":false,"template":"","format":"standard","meta":{"colormag_page_container_layout":"default_layout","colormag_page_sidebar_layout":"default_layout","footnotes":""},"categories":[84],"tags":[],"class_list":["post-51946","post","type-post","status-publish","format-standard","has-post-thumbnail","hentry","category-politica"],"a3_pvc":{"activated":true,"total_views":823,"today_views":0},"_links":{"self":[{"href":"https:\/\/temucotelevision.cl\/web\/wp-json\/wp\/v2\/posts\/51946","targetHints":{"allow":["GET"]}}],"collection":[{"href":"https:\/\/temucotelevision.cl\/web\/wp-json\/wp\/v2\/posts"}],"about":[{"href":"https:\/\/temucotelevision.cl\/web\/wp-json\/wp\/v2\/types\/post"}],"author":[{"embeddable":true,"href":"https:\/\/temucotelevision.cl\/web\/wp-json\/wp\/v2\/users\/1"}],"replies":[{"embeddable":true,"href":"https:\/\/temucotelevision.cl\/web\/wp-json\/wp\/v2\/comments?post=51946"}],"version-history":[{"count":1,"href":"https:\/\/temucotelevision.cl\/web\/wp-json\/wp\/v2\/posts\/51946\/revisions"}],"predecessor-version":[{"id":51948,"href":"https:\/\/temucotelevision.cl\/web\/wp-json\/wp\/v2\/posts\/51946\/revisions\/51948"}],"wp:featuredmedia":[{"embeddable":true,"href":"https:\/\/temucotelevision.cl\/web\/wp-json\/wp\/v2\/media\/51947"}],"wp:attachment":[{"href":"https:\/\/temucotelevision.cl\/web\/wp-json\/wp\/v2\/media?parent=51946"}],"wp:term":[{"taxonomy":"category","embeddable":true,"href":"https:\/\/temucotelevision.cl\/web\/wp-json\/wp\/v2\/categories?post=51946"},{"taxonomy":"post_tag","embeddable":true,"href":"https:\/\/temucotelevision.cl\/web\/wp-json\/wp\/v2\/tags?post=51946"}],"curies":[{"name":"wp","href":"https:\/\/api.w.org\/{rel}","templated":true}]}}