{"id":51943,"date":"2024-08-12T11:50:55","date_gmt":"2024-08-12T14:50:55","guid":{"rendered":"https:\/\/temucotelevision.cl\/web\/?p=51943"},"modified":"2024-08-12T11:50:55","modified_gmt":"2024-08-12T14:50:55","slug":"programa-parental-de-fundacion-cmpc-aumento-competencias-formativas-de-padres","status":"publish","type":"post","link":"https:\/\/temucotelevision.cl\/web\/2024\/08\/12\/programa-parental-de-fundacion-cmpc-aumento-competencias-formativas-de-padres\/","title":{"rendered":"Programa parental de Fundaci\u00f3n CMPC aument\u00f3 competencias formativas de padres"},"content":{"rendered":"<div class=\"pvc_clear\"><\/div><p id=\"pvc_stats_51943\" class=\"pvc_stats total_only  \" data-element-id=\"51943\" style=\"\"><i class=\"pvc-stats-icon large\" aria-hidden=\"true\"><svg aria-hidden=\"true\" focusable=\"false\" data-prefix=\"far\" data-icon=\"chart-bar\" role=\"img\" xmlns=\"http:\/\/www.w3.org\/2000\/svg\" viewBox=\"0 0 512 512\" class=\"svg-inline--fa fa-chart-bar fa-w-16 fa-2x\"><path fill=\"currentColor\" d=\"M396.8 352h22.4c6.4 0 12.8-6.4 12.8-12.8V108.8c0-6.4-6.4-12.8-12.8-12.8h-22.4c-6.4 0-12.8 6.4-12.8 12.8v230.4c0 6.4 6.4 12.8 12.8 12.8zm-192 0h22.4c6.4 0 12.8-6.4 12.8-12.8V140.8c0-6.4-6.4-12.8-12.8-12.8h-22.4c-6.4 0-12.8 6.4-12.8 12.8v198.4c0 6.4 6.4 12.8 12.8 12.8zm96 0h22.4c6.4 0 12.8-6.4 12.8-12.8V204.8c0-6.4-6.4-12.8-12.8-12.8h-22.4c-6.4 0-12.8 6.4-12.8 12.8v134.4c0 6.4 6.4 12.8 12.8 12.8zM496 400H48V80c0-8.84-7.16-16-16-16H16C7.16 64 0 71.16 0 80v336c0 17.67 14.33 32 32 32h464c8.84 0 16-7.16 16-16v-16c0-8.84-7.16-16-16-16zm-387.2-48h22.4c6.4 0 12.8-6.4 12.8-12.8v-70.4c0-6.4-6.4-12.8-12.8-12.8h-22.4c-6.4 0-12.8 6.4-12.8 12.8v70.4c0 6.4 6.4 12.8 12.8 12.8z\" class=\"\"><\/path><\/svg><\/i> <img loading=\"lazy\" decoding=\"async\" width=\"16\" height=\"16\" alt=\"Loading\" src=\"https:\/\/temucotelevision.cl\/web\/wp-content\/plugins\/page-views-count\/ajax-loader-2x.gif\" border=0 \/><\/p><div class=\"pvc_clear\"><\/div>\n<p><em>Tras realizar su primera evaluaci\u00f3n de impacto bajo la asesor\u00eda de la Universidad Cat\u00f3lica, el programa Criando y Creciendo comprob\u00f3 su eficacia al arrojar una reducci\u00f3n del estr\u00e9s de las familias y un aumento de las competencias formativas de los padres que recibieron la asesor\u00eda de Fundaci\u00f3n CMPC.<\/em><\/p>\n\n\n\n<p><a><\/a>Presente en 13 comunas de siete regiones del pa\u00eds y con un alcance de 2.500 familias beneficiarias desde 2020, Criando yCreciendo es un programa dise\u00f1ado por la Fundaci\u00f3n CMPC, basado en el modelo del Centro del Ni\u00f1o en Desarrollo de Harvard. Este&nbsp;busca fortalecer las habilidades parentales, promoviendo interacciones de calidad con el fin de potenciar el desarrollo socioemocional y del lenguaje de los ni\u00f1os en edad preescolar.&nbsp;<\/p>\n\n\n\n<p>Por ello, en 2023 y bajo la asesor\u00eda de la acad\u00e9mica de la Universidad Cat\u00f3lica e investigadora del Centro de Justicia Educacional UC, Marigen Narea, se desarroll\u00f3 la primera evaluaci\u00f3n de impacto al programa, cuyos resultados fueron presentados en el seminario \u201cEvaluaci\u00f3n de Impacto de Programas de Parentalidad: El caso de Criando y Creciendo de<a href=\"https:\/\/www.linkedin.com\/company\/fundaci%C3%B3n-cmpc\/\"><\/a>Fundaci\u00f3n CMPC\u201d, ante la presencia del rector de la casa de estudios, Ignacio S\u00e1nchez, y el presidente de CMPC, Luis Felipe Gazit\u00faa.&nbsp;<\/p>\n\n\n\n<p>Entre sus principales conclusiones destaca que un 86% de las familias tuvo mejoras en sus competencias formativas, al aumentar significativamente las pr\u00e1cticas de estimulaci\u00f3n y el desarrollo de autonom\u00eda adecuada para ni\u00f1os y ni\u00f1as. Asimismo, un 83% de los padres, madres y cuidadores sometidos al estudio, dijeron haber disminuido sus niveles de estr\u00e9s tras sentirse m\u00e1s tranquilos con sus tareas y crianza.&nbsp;\u201cEste estudio demuestra que Criando y Creciendo es un programa con evidencia de impacto en mejoras en competencias parentales y reducci\u00f3n de estr\u00e9s parental en familias participantes, y que destaca especialmente por ser costo-efectivo: en siete semanas genera impacto en las familias\u201d, indic\u00f3 la directora ejecutiva de Fundaci\u00f3n CMPC, Carolina Andueza.<\/p>\n\n\n\n<p>Por&nbsp;su&nbsp;parte,&nbsp;el presidente de CMPC, Luis Felipe Gazitua, sostuvo que \u201ccomo empresa hacemos propio ese compromiso con la educaci\u00f3n temprana, a trav\u00e9s de nuestra Fundaci\u00f3n y con programas focalizados en los mediadores del desarrollo y aprendizaje de los ni\u00f1os: los educadores y en este caso, las familias. Estos resultados son un reflejo del compromiso que tenemos con la primera infancia y nuestra visi\u00f3n del rol que cumplimos desde la empresa privada para aportar al desarrollo del pa\u00eds\u201d.&nbsp;<\/p>\n\n\n\n<p>Otro de los resultados a destacar tiene relaci\u00f3n con la sensaci\u00f3n de satisfacci\u00f3n que sienten los cuidadores hacia el programa Criando y Creciendo, dado que un 93% de los participantes manifest\u00f3 estar satisfecho con las herramientas que les entrega la iniciativa de Fundaci\u00f3n CMPC.&nbsp;<\/p>\n\n\n\n<p>Tras la presentaci\u00f3n de los resultados, se realiz\u00f3 un panel de conversaci\u00f3n integrado por la directora de parentalidad de Fundaci\u00f3n CMPC y quien lider\u00f3 el an\u00e1lisis, Cecilia Vald\u00e9s; la acad\u00e9mica de la Facultad de Educaci\u00f3n UC, Susana Mendive; y Paola Rossi, la directora del DAEM de Laja, una de las comunas donde Criando y Creciendo est\u00e1 presente.&nbsp;<\/p>\n\n\n\n<p>Cabe destacar que el estudio consider\u00f3 380 familias, con ni\u00f1os y ni\u00f1as que se encuentran en el rango de edad de 19 a 36 meses y 3 a 5 a\u00f1os, pertenecientes al ciclo jard\u00edn infantil del programa Criando y Creciendo. De estas, 230 fueron parte del grupo experimental bajo una asignaci\u00f3n aleatoria.<\/p>\n","protected":false},"excerpt":{"rendered":"<div class=\"pvc_clear\"><\/div>\n<p id=\"pvc_stats_51943\" class=\"pvc_stats total_only  \" data-element-id=\"51943\" style=\"\"><i class=\"pvc-stats-icon large\" aria-hidden=\"true\"><svg aria-hidden=\"true\" focusable=\"false\" data-prefix=\"far\" data-icon=\"chart-bar\" role=\"img\" xmlns=\"http:\/\/www.w3.org\/2000\/svg\" viewBox=\"0 0 512 512\" class=\"svg-inline--fa fa-chart-bar fa-w-16 fa-2x\"><path fill=\"currentColor\" d=\"M396.8 352h22.4c6.4 0 12.8-6.4 12.8-12.8V108.8c0-6.4-6.4-12.8-12.8-12.8h-22.4c-6.4 0-12.8 6.4-12.8 12.8v230.4c0 6.4 6.4 12.8 12.8 12.8zm-192 0h22.4c6.4 0 12.8-6.4 12.8-12.8V140.8c0-6.4-6.4-12.8-12.8-12.8h-22.4c-6.4 0-12.8 6.4-12.8 12.8v198.4c0 6.4 6.4 12.8 12.8 12.8zm96 0h22.4c6.4 0 12.8-6.4 12.8-12.8V204.8c0-6.4-6.4-12.8-12.8-12.8h-22.4c-6.4 0-12.8 6.4-12.8 12.8v134.4c0 6.4 6.4 12.8 12.8 12.8zM496 400H48V80c0-8.84-7.16-16-16-16H16C7.16 64 0 71.16 0 80v336c0 17.67 14.33 32 32 32h464c8.84 0 16-7.16 16-16v-16c0-8.84-7.16-16-16-16zm-387.2-48h22.4c6.4 0 12.8-6.4 12.8-12.8v-70.4c0-6.4-6.4-12.8-12.8-12.8h-22.4c-6.4 0-12.8 6.4-12.8 12.8v70.4c0 6.4 6.4 12.8 12.8 12.8z\" class=\"\"><\/path><\/svg><\/i> <img loading=\"lazy\" decoding=\"async\" width=\"16\" height=\"16\" alt=\"Loading\" src=\"https:\/\/temucotelevision.cl\/web\/wp-content\/plugins\/page-views-count\/ajax-loader-2x.gif\" border=0 \/><\/p>\n<div class=\"pvc_clear\"><\/div>\n<p>Tras realizar su primera evaluaci\u00f3n de impacto bajo la asesor\u00eda de la Universidad Cat\u00f3lica, el programa Criando y Creciendo comprob\u00f3<\/p>\n","protected":false},"author":1,"featured_media":51944,"comment_status":"open","ping_status":"open","sticky":false,"template":"","format":"standard","meta":{"colormag_page_container_layout":"default_layout","colormag_page_sidebar_layout":"default_layout","footnotes":""},"categories":[101],"tags":[],"class_list":["post-51943","post","type-post","status-publish","format-standard","has-post-thumbnail","hentry","category-actualidad"],"a3_pvc":{"activated":true,"total_views":874,"today_views":0},"_links":{"self":[{"href":"https:\/\/temucotelevision.cl\/web\/wp-json\/wp\/v2\/posts\/51943","targetHints":{"allow":["GET"]}}],"collection":[{"href":"https:\/\/temucotelevision.cl\/web\/wp-json\/wp\/v2\/posts"}],"about":[{"href":"https:\/\/temucotelevision.cl\/web\/wp-json\/wp\/v2\/types\/post"}],"author":[{"embeddable":true,"href":"https:\/\/temucotelevision.cl\/web\/wp-json\/wp\/v2\/users\/1"}],"replies":[{"embeddable":true,"href":"https:\/\/temucotelevision.cl\/web\/wp-json\/wp\/v2\/comments?post=51943"}],"version-history":[{"count":1,"href":"https:\/\/temucotelevision.cl\/web\/wp-json\/wp\/v2\/posts\/51943\/revisions"}],"predecessor-version":[{"id":51945,"href":"https:\/\/temucotelevision.cl\/web\/wp-json\/wp\/v2\/posts\/51943\/revisions\/51945"}],"wp:featuredmedia":[{"embeddable":true,"href":"https:\/\/temucotelevision.cl\/web\/wp-json\/wp\/v2\/media\/51944"}],"wp:attachment":[{"href":"https:\/\/temucotelevision.cl\/web\/wp-json\/wp\/v2\/media?parent=51943"}],"wp:term":[{"taxonomy":"category","embeddable":true,"href":"https:\/\/temucotelevision.cl\/web\/wp-json\/wp\/v2\/categories?post=51943"},{"taxonomy":"post_tag","embeddable":true,"href":"https:\/\/temucotelevision.cl\/web\/wp-json\/wp\/v2\/tags?post=51943"}],"curies":[{"name":"wp","href":"https:\/\/api.w.org\/{rel}","templated":true}]}}