{"id":51933,"date":"2024-08-12T11:36:19","date_gmt":"2024-08-12T14:36:19","guid":{"rendered":"https:\/\/temucotelevision.cl\/web\/?p=51933"},"modified":"2024-08-12T11:36:19","modified_gmt":"2024-08-12T14:36:19","slug":"concurso-de-lectura-la-voz-de-los-ninos-de-la-araucania-el-hito-regional-de-fundacion-araucaniaprende-al-cumplir-18-anos","status":"publish","type":"post","link":"https:\/\/temucotelevision.cl\/web\/2024\/08\/12\/concurso-de-lectura-la-voz-de-los-ninos-de-la-araucania-el-hito-regional-de-fundacion-araucaniaprende-al-cumplir-18-anos\/","title":{"rendered":"Concurso de Lectura: \u201cLa voz de los ni\u00f1os de La Araucan\u00eda\u201d el hito regional de\u00a0Fundaci\u00f3n Araucan\u00edAprende al cumplir 18 a\u00f1os"},"content":{"rendered":"<div class=\"pvc_clear\"><\/div><p id=\"pvc_stats_51933\" class=\"pvc_stats total_only  \" data-element-id=\"51933\" style=\"\"><i class=\"pvc-stats-icon large\" aria-hidden=\"true\"><svg aria-hidden=\"true\" focusable=\"false\" data-prefix=\"far\" data-icon=\"chart-bar\" role=\"img\" xmlns=\"http:\/\/www.w3.org\/2000\/svg\" viewBox=\"0 0 512 512\" class=\"svg-inline--fa fa-chart-bar fa-w-16 fa-2x\"><path fill=\"currentColor\" d=\"M396.8 352h22.4c6.4 0 12.8-6.4 12.8-12.8V108.8c0-6.4-6.4-12.8-12.8-12.8h-22.4c-6.4 0-12.8 6.4-12.8 12.8v230.4c0 6.4 6.4 12.8 12.8 12.8zm-192 0h22.4c6.4 0 12.8-6.4 12.8-12.8V140.8c0-6.4-6.4-12.8-12.8-12.8h-22.4c-6.4 0-12.8 6.4-12.8 12.8v198.4c0 6.4 6.4 12.8 12.8 12.8zm96 0h22.4c6.4 0 12.8-6.4 12.8-12.8V204.8c0-6.4-6.4-12.8-12.8-12.8h-22.4c-6.4 0-12.8 6.4-12.8 12.8v134.4c0 6.4 6.4 12.8 12.8 12.8zM496 400H48V80c0-8.84-7.16-16-16-16H16C7.16 64 0 71.16 0 80v336c0 17.67 14.33 32 32 32h464c8.84 0 16-7.16 16-16v-16c0-8.84-7.16-16-16-16zm-387.2-48h22.4c6.4 0 12.8-6.4 12.8-12.8v-70.4c0-6.4-6.4-12.8-12.8-12.8h-22.4c-6.4 0-12.8 6.4-12.8 12.8v70.4c0 6.4 6.4 12.8 12.8 12.8z\" class=\"\"><\/path><\/svg><\/i> <img loading=\"lazy\" decoding=\"async\" width=\"16\" height=\"16\" alt=\"Loading\" src=\"https:\/\/temucotelevision.cl\/web\/wp-content\/plugins\/page-views-count\/ajax-loader-2x.gif\" border=0 \/><\/p><div class=\"pvc_clear\"><\/div>\n<p>El 2023 m\u00e1s de 200 establecimientos educacionales se inscribieron para participar de la primera versi\u00f3n del concurso regional de lectura &#8220;La voz de los ni\u00f1os de La Araucan\u00eda&#8221;, organizado por Fundaci\u00f3n Araucan\u00edAprende para que ni\u00f1as y ni\u00f1os ya lectores, fuesen destacados por su aprendizaje lector, motivando con ello a quienes se inician en la lectura. Con esta acci\u00f3n educativa de visibilizaci\u00f3n Araucan\u00edAprende fue m\u00e1s&nbsp;all\u00e1 de su compromiso diario con la ense\u00f1anza de la lectura, al crear un hito regional que incentiv\u00f3 a escuelas y colegios a dejar en evidencia que en la regi\u00f3n se celebra a los ni\u00f1os leen.<\/p>\n\n\n\n<p>La exitosa respuesta a la convocatoria del 2023, reafirm\u00f3 la convicci\u00f3n para realizar la segunda versi\u00f3n&nbsp;del concurso de lectura en voz alta, \u201cLa voz de los ni\u00f1os de La Araucan\u00eda\u201d, que se ejecutar\u00e1 como la versi\u00f3n regional de &#8220;El Placer de O\u00edr Leer&#8221; de Fundaci\u00f3n Ib\u00e1\u00f1ez Atkinson; resaltando el sello de La Araucan\u00eda y el valor del aprendizaje lector de ni\u00f1os y ni\u00f1as que de mar a cordillera, habitan en las 32 comunas de la regi\u00f3n; porque para Araucan\u00edAprende escuchar hoy la voz de quienes har\u00e1n crecer a su regi\u00f3n en el futuro es un paso m\u00e1s por hacer posible que todos los ni\u00f1os tengan la satisfacci\u00f3n y sientan la alegr\u00eda de lo que significa aprender a leer.<\/p>\n\n\n\n<p>Este 2024 Fundaci\u00f3n Araucan\u00edAprende cumplir\u00e1 18 a\u00f1os de compromiso con la educaci\u00f3n,&nbsp;ense\u00f1ando a leer a ni\u00f1os y ni\u00f1as para quienes adquirir la habilidad lectora ha sido un proceso m\u00e1s complejo. Es en honor a su experiencia y trayectoria, que celebrar\u00e1 su mayor\u00eda de edad con la segunda versi\u00f3n de su concurso de lectura. Hito que ha tomado fuerza como una acci\u00f3n regional al ser capaz de movilizar e incentivar la participaci\u00f3n voluntaria de escuelas y colegios, que desde sus equipo directivos valoran el concurso, vi\u00e9ndolo como un espacio para visibilizar el trabajo y logros alcanzados en sus salas de clases y tambi\u00e9n, como la oportunidad para&nbsp;desarrollar en sus alumnos el placer por la lectura.<\/p>\n\n\n\n<p><strong>Convocatoria<\/strong><\/p>\n\n\n\n<p>La convocatoria del concurso&nbsp;se extiende a alumnos de establecimientos municipales, particulares y particulares subvencionados, urbanos y rurales de toda la regi\u00f3n, quienes podr\u00e1n participar en la categor\u00eda tercero-cuarto b\u00e1sico y quinto-sexto b\u00e1sico. En una primera etapa y a trav\u00e9s de una invitaci\u00f3n directa que se realizar\u00e1 por mail a los establecimientos educacionales, \u00e9stos deber\u00e1n inscribirse, para en una segunda etapa-de acuerdo a las bases-enviar los videos de los alumnos que han seleccionado por categor\u00eda, rigi\u00e9ndose por los antecedentes requeridos.&nbsp;Informaci\u00f3n oficial publicada de manera permanente en la web de Araucan\u00edAprende desde el mi\u00e9rcoles 24 de julio, que incluye: bases, etapas, fechas l\u00edmite y el&nbsp;formulario de inscripci\u00f3n, \u00e9sto con el&nbsp;&nbsp;prop\u00f3sito de dar m\u00e1s accesibilidad a quienes se interesen en participar, sumando as\u00ed a m\u00e1s ni\u00f1os lectores a la gran convocatoria del concurso con el que Fundaci\u00f3n Araucan\u00edAprende celebrar\u00e1 sus 18 a\u00f1os.<\/p>\n\n\n\n<p>Este a\u00f1o el concurso es apoyado en su realizaci\u00f3n por el Gobierno Regional de La Araucan\u00eda, Corporaci\u00f3n Desarrolla Araucan\u00eda, Isa Intervial, Aguas Araucan\u00eda, El Austral,&nbsp;Universidad Cat\u00f3lica de Temuco, Universidad de La Frontera,&nbsp;Universidad Aut\u00f3noma de Chile,&nbsp;Universidad Mayor, Fundaci\u00f3n Ib\u00e1\u00f1ez Atkinson, El Placer de O\u00edr Leer y Corparaucan\u00eda, lo que deja en manifiesto el potente inter\u00e9s por esta actividad educativa y, c\u00f3mo organizaciones con presencia regional contribuyen a generar instancias en las que el aprendizaje es motivo de orgullo y compromiso.<\/p>\n\n\n\n<p>Ni\u00f1os y ni\u00f1as de La Araucan\u00eda ser\u00e1n los protagonistas, quienes motivados por sus profesores y familias le dar\u00e1n vida al concurso con sus voces, en un escalamiento en el que la organizaci\u00f3n del concurso proyecta fortalecer el sello regional de la convocatoria. &#8220;El resultado de la convocatoria de la primera versi\u00f3n del concurso fue impactante para nosotros, reafirmamos la relevancia de generar actividades educativas en torno a la lectura y con ello, ampliar nuestro objetivo como Fundaci\u00f3n para destacar a ni\u00f1as y ni\u00f1os lectores que pueden motivar a otros con sus logros. Aprender a leer es una necesidad vital a la que como Araucan\u00edAprende siempre estaremos dispuestos a contribuir, como lo haremos por segundo a\u00f1o con&nbsp;\u201cLa voz de los ni\u00f1os de La Araucan\u00eda\u201d, afirm\u00f3, Cinthya&nbsp;Covarrubias, Encargada de Comunicaciones Organizacionales de Fundaci\u00f3n Araucan\u00edAprende.<\/p>\n\n\n\n<p><em>Las inscripciones permanecer\u00e1n abiertas hasta el viernes 06 de septiembre<\/em>, para dar inicio desde el lunes 09 del mismo mes, al per\u00edodo que disponen los establecimientos para&nbsp;<strong>e<\/strong><strong>nviar los videos de sus alumnos hasta el viernes 04 de octubre.&nbsp;<\/strong>Cumpliendo con estas fechas, el jurado integrado por comisiones de acad\u00e9micos de laUniversidad Cat\u00f3lica de Temuco, Universidad de La Frontera,&nbsp;Universidad Aut\u00f3noma de Chile y&nbsp;Universidad Mayor, proceder\u00e1n a la revisi\u00f3n de las lecturas enviadas, para evaluarlas de acuerdo a la pauta publicada en la web de la Fundaci\u00f3n. De esta forma, los seleccionados como ganadores territoriales deber\u00e1n asistir a la final presencial fijada para el mi\u00e9rcoles 27 de noviembre&nbsp;en la&nbsp;Universidad Cat\u00f3lica de Temuco.<\/p>\n","protected":false},"excerpt":{"rendered":"<div class=\"pvc_clear\"><\/div>\n<p id=\"pvc_stats_51933\" class=\"pvc_stats total_only  \" data-element-id=\"51933\" style=\"\"><i class=\"pvc-stats-icon large\" aria-hidden=\"true\"><svg aria-hidden=\"true\" focusable=\"false\" data-prefix=\"far\" data-icon=\"chart-bar\" role=\"img\" xmlns=\"http:\/\/www.w3.org\/2000\/svg\" viewBox=\"0 0 512 512\" class=\"svg-inline--fa fa-chart-bar fa-w-16 fa-2x\"><path fill=\"currentColor\" d=\"M396.8 352h22.4c6.4 0 12.8-6.4 12.8-12.8V108.8c0-6.4-6.4-12.8-12.8-12.8h-22.4c-6.4 0-12.8 6.4-12.8 12.8v230.4c0 6.4 6.4 12.8 12.8 12.8zm-192 0h22.4c6.4 0 12.8-6.4 12.8-12.8V140.8c0-6.4-6.4-12.8-12.8-12.8h-22.4c-6.4 0-12.8 6.4-12.8 12.8v198.4c0 6.4 6.4 12.8 12.8 12.8zm96 0h22.4c6.4 0 12.8-6.4 12.8-12.8V204.8c0-6.4-6.4-12.8-12.8-12.8h-22.4c-6.4 0-12.8 6.4-12.8 12.8v134.4c0 6.4 6.4 12.8 12.8 12.8zM496 400H48V80c0-8.84-7.16-16-16-16H16C7.16 64 0 71.16 0 80v336c0 17.67 14.33 32 32 32h464c8.84 0 16-7.16 16-16v-16c0-8.84-7.16-16-16-16zm-387.2-48h22.4c6.4 0 12.8-6.4 12.8-12.8v-70.4c0-6.4-6.4-12.8-12.8-12.8h-22.4c-6.4 0-12.8 6.4-12.8 12.8v70.4c0 6.4 6.4 12.8 12.8 12.8z\" class=\"\"><\/path><\/svg><\/i> <img loading=\"lazy\" decoding=\"async\" width=\"16\" height=\"16\" alt=\"Loading\" src=\"https:\/\/temucotelevision.cl\/web\/wp-content\/plugins\/page-views-count\/ajax-loader-2x.gif\" border=0 \/><\/p>\n<div class=\"pvc_clear\"><\/div>\n<p>El 2023 m\u00e1s de 200 establecimientos educacionales se inscribieron para participar de la primera versi\u00f3n del concurso regional de lectura<\/p>\n","protected":false},"author":1,"featured_media":51934,"comment_status":"open","ping_status":"open","sticky":false,"template":"","format":"standard","meta":{"colormag_page_container_layout":"default_layout","colormag_page_sidebar_layout":"default_layout","footnotes":""},"categories":[14],"tags":[],"class_list":["post-51933","post","type-post","status-publish","format-standard","has-post-thumbnail","hentry","category-temuco"],"a3_pvc":{"activated":true,"total_views":1029,"today_views":0},"_links":{"self":[{"href":"https:\/\/temucotelevision.cl\/web\/wp-json\/wp\/v2\/posts\/51933","targetHints":{"allow":["GET"]}}],"collection":[{"href":"https:\/\/temucotelevision.cl\/web\/wp-json\/wp\/v2\/posts"}],"about":[{"href":"https:\/\/temucotelevision.cl\/web\/wp-json\/wp\/v2\/types\/post"}],"author":[{"embeddable":true,"href":"https:\/\/temucotelevision.cl\/web\/wp-json\/wp\/v2\/users\/1"}],"replies":[{"embeddable":true,"href":"https:\/\/temucotelevision.cl\/web\/wp-json\/wp\/v2\/comments?post=51933"}],"version-history":[{"count":1,"href":"https:\/\/temucotelevision.cl\/web\/wp-json\/wp\/v2\/posts\/51933\/revisions"}],"predecessor-version":[{"id":51935,"href":"https:\/\/temucotelevision.cl\/web\/wp-json\/wp\/v2\/posts\/51933\/revisions\/51935"}],"wp:featuredmedia":[{"embeddable":true,"href":"https:\/\/temucotelevision.cl\/web\/wp-json\/wp\/v2\/media\/51934"}],"wp:attachment":[{"href":"https:\/\/temucotelevision.cl\/web\/wp-json\/wp\/v2\/media?parent=51933"}],"wp:term":[{"taxonomy":"category","embeddable":true,"href":"https:\/\/temucotelevision.cl\/web\/wp-json\/wp\/v2\/categories?post=51933"},{"taxonomy":"post_tag","embeddable":true,"href":"https:\/\/temucotelevision.cl\/web\/wp-json\/wp\/v2\/tags?post=51933"}],"curies":[{"name":"wp","href":"https:\/\/api.w.org\/{rel}","templated":true}]}}