{"id":51930,"date":"2024-08-11T12:54:47","date_gmt":"2024-08-11T15:54:47","guid":{"rendered":"https:\/\/temucotelevision.cl\/web\/?p=51930"},"modified":"2024-08-11T12:54:47","modified_gmt":"2024-08-11T15:54:47","slug":"inspector-municipal-resulta-herido-al-intervenir-en-robo-violento","status":"publish","type":"post","link":"https:\/\/temucotelevision.cl\/web\/2024\/08\/11\/inspector-municipal-resulta-herido-al-intervenir-en-robo-violento\/","title":{"rendered":"Inspector municipal resulta herido al intervenir en robo violento"},"content":{"rendered":"<div class=\"pvc_clear\"><\/div><p id=\"pvc_stats_51930\" class=\"pvc_stats total_only  \" data-element-id=\"51930\" style=\"\"><i class=\"pvc-stats-icon large\" aria-hidden=\"true\"><svg aria-hidden=\"true\" focusable=\"false\" data-prefix=\"far\" data-icon=\"chart-bar\" role=\"img\" xmlns=\"http:\/\/www.w3.org\/2000\/svg\" viewBox=\"0 0 512 512\" class=\"svg-inline--fa fa-chart-bar fa-w-16 fa-2x\"><path fill=\"currentColor\" d=\"M396.8 352h22.4c6.4 0 12.8-6.4 12.8-12.8V108.8c0-6.4-6.4-12.8-12.8-12.8h-22.4c-6.4 0-12.8 6.4-12.8 12.8v230.4c0 6.4 6.4 12.8 12.8 12.8zm-192 0h22.4c6.4 0 12.8-6.4 12.8-12.8V140.8c0-6.4-6.4-12.8-12.8-12.8h-22.4c-6.4 0-12.8 6.4-12.8 12.8v198.4c0 6.4 6.4 12.8 12.8 12.8zm96 0h22.4c6.4 0 12.8-6.4 12.8-12.8V204.8c0-6.4-6.4-12.8-12.8-12.8h-22.4c-6.4 0-12.8 6.4-12.8 12.8v134.4c0 6.4 6.4 12.8 12.8 12.8zM496 400H48V80c0-8.84-7.16-16-16-16H16C7.16 64 0 71.16 0 80v336c0 17.67 14.33 32 32 32h464c8.84 0 16-7.16 16-16v-16c0-8.84-7.16-16-16-16zm-387.2-48h22.4c6.4 0 12.8-6.4 12.8-12.8v-70.4c0-6.4-6.4-12.8-12.8-12.8h-22.4c-6.4 0-12.8 6.4-12.8 12.8v70.4c0 6.4 6.4 12.8 12.8 12.8z\" class=\"\"><\/path><\/svg><\/i> <img loading=\"lazy\" decoding=\"async\" width=\"16\" height=\"16\" alt=\"Loading\" src=\"https:\/\/temucotelevision.cl\/web\/wp-content\/plugins\/page-views-count\/ajax-loader-2x.gif\" border=0 \/><\/p><div class=\"pvc_clear\"><\/div>\n<p>El funcionario municipal se enfrent\u00f3 a los antisociales luego que estos robaran y apedrearan el local comercial. El ataque deja en evidencia lo expuestos que est\u00e1n los inspectores cuando en muchos casos son los primeros en llegar al sitio del suceso.<\/p>\n\n\n\n<p>El hecho se produjo la noche de este viernes, pasadas las 23:00 horas, cuando durante un patrullaje preventivo de la direcci\u00f3n de Seguridad P\u00fablica de la municipalidad de Temuco en el macrosector Amanecer, un patrullero municipal es interceptado en la calle por unas personas a bordo de un veh\u00edculo particular, quienes le piden ayuda tras sufrir un robo con armas de fuego en una botiller\u00eda.<\/p>\n\n\n\n<p>En simult\u00e1neo, un llamado al 1409 de la Sala de Teleprotecci\u00f3n recibi\u00f3 un llamado reportando un robo en una botiller\u00eda que coincid\u00eda con las caracter\u00edsticas del mismo hecho. En vista de lo advertido, por la persona denunciante, los operadores despacharon tres unidades inmediatamente al lugar.<\/p>\n\n\n\n<p>Mientras tanto, el inspector municipal que hab\u00eda sido avisado en primera instancia, al llegar al sitio del suceso se percata que dos delincuentes est\u00e1n apedreando el local comercial y el autom\u00f3vil de la encargada de la botiller\u00eda, y posteriormente atacan su patrulla, comenzando r\u00e1pidamente un enfrentamiento contra los sujetos que deriv\u00f3 en golpes de pie y pu\u00f1o contra el funcionario municipal qui\u00e9n utiliz\u00f3 su bast\u00f3n retr\u00e1ctil para defenderse y repeler el ataque.<\/p>\n\n\n\n<p>El inspector con m\u00e1s siete a\u00f1os de servicio en la direcci\u00f3n de Seguridad P\u00fablica fue trasladado de urgencia por Samu al hospital regional donde le realizaron un scanner que descart\u00f3 fracturas pero confirm\u00f3 una serie de contusiones en su cr\u00e1neo, rostro y rodillas.<\/p>\n\n\n\n<p>\u201cUna vez m\u00e1s, somos la primera respuesta ante un grave delito en flagrancia\u201d<\/p>\n\n\n\n<p>El alcalde Roberto Neira, se\u00f1al\u00f3 que \u201cuna vez m\u00e1s, somos la primera respuesta ante un grave delito en flagrancia. En muchas ocasiones, nuestros funcionarios municipales son quienes primero llegan a los sitios del suceso y, como en esta ocasi\u00f3n, estamos tremendamente expuestos porque no contamos con herramientas adecuadas para confrontar este nuevo tipo de criminalidad y avezados antisociales que enfrentamos hoy en d\u00eda\u201d.<\/p>\n\n\n\n<p>Por \u00faltimo, Neira adelant\u00f3 que est\u00e1n \u201cevaluando con el equipo jur\u00eddico, las acciones judiciales en defensa y protecci\u00f3n tanto del inspector lesionado como el de sus pares de Seguridad P\u00fablica. Adem\u00e1s, he instruido que intensifique el patrullaje en el macrosector Amanecer. No vamos a permitir que delincuentes agredan a nuestros funcionarios municipales, es por esto que seguiremos trabajando firmemente por la seguridad de nuestra ciudad de Temuco\u201d, concluy\u00f3.<\/p>\n","protected":false},"excerpt":{"rendered":"<div class=\"pvc_clear\"><\/div>\n<p id=\"pvc_stats_51930\" class=\"pvc_stats total_only  \" data-element-id=\"51930\" style=\"\"><i class=\"pvc-stats-icon large\" aria-hidden=\"true\"><svg aria-hidden=\"true\" focusable=\"false\" data-prefix=\"far\" data-icon=\"chart-bar\" role=\"img\" xmlns=\"http:\/\/www.w3.org\/2000\/svg\" viewBox=\"0 0 512 512\" class=\"svg-inline--fa fa-chart-bar fa-w-16 fa-2x\"><path fill=\"currentColor\" d=\"M396.8 352h22.4c6.4 0 12.8-6.4 12.8-12.8V108.8c0-6.4-6.4-12.8-12.8-12.8h-22.4c-6.4 0-12.8 6.4-12.8 12.8v230.4c0 6.4 6.4 12.8 12.8 12.8zm-192 0h22.4c6.4 0 12.8-6.4 12.8-12.8V140.8c0-6.4-6.4-12.8-12.8-12.8h-22.4c-6.4 0-12.8 6.4-12.8 12.8v198.4c0 6.4 6.4 12.8 12.8 12.8zm96 0h22.4c6.4 0 12.8-6.4 12.8-12.8V204.8c0-6.4-6.4-12.8-12.8-12.8h-22.4c-6.4 0-12.8 6.4-12.8 12.8v134.4c0 6.4 6.4 12.8 12.8 12.8zM496 400H48V80c0-8.84-7.16-16-16-16H16C7.16 64 0 71.16 0 80v336c0 17.67 14.33 32 32 32h464c8.84 0 16-7.16 16-16v-16c0-8.84-7.16-16-16-16zm-387.2-48h22.4c6.4 0 12.8-6.4 12.8-12.8v-70.4c0-6.4-6.4-12.8-12.8-12.8h-22.4c-6.4 0-12.8 6.4-12.8 12.8v70.4c0 6.4 6.4 12.8 12.8 12.8z\" class=\"\"><\/path><\/svg><\/i> <img loading=\"lazy\" decoding=\"async\" width=\"16\" height=\"16\" alt=\"Loading\" src=\"https:\/\/temucotelevision.cl\/web\/wp-content\/plugins\/page-views-count\/ajax-loader-2x.gif\" border=0 \/><\/p>\n<div class=\"pvc_clear\"><\/div>\n<p>El funcionario municipal se enfrent\u00f3 a los antisociales luego que estos robaran y apedrearan el local comercial. El ataque deja<\/p>\n","protected":false},"author":1,"featured_media":51931,"comment_status":"open","ping_status":"open","sticky":false,"template":"","format":"standard","meta":{"colormag_page_container_layout":"default_layout","colormag_page_sidebar_layout":"default_layout","footnotes":""},"categories":[15],"tags":[],"class_list":["post-51930","post","type-post","status-publish","format-standard","has-post-thumbnail","hentry","category-la-araucania"],"a3_pvc":{"activated":true,"total_views":1872,"today_views":0},"_links":{"self":[{"href":"https:\/\/temucotelevision.cl\/web\/wp-json\/wp\/v2\/posts\/51930","targetHints":{"allow":["GET"]}}],"collection":[{"href":"https:\/\/temucotelevision.cl\/web\/wp-json\/wp\/v2\/posts"}],"about":[{"href":"https:\/\/temucotelevision.cl\/web\/wp-json\/wp\/v2\/types\/post"}],"author":[{"embeddable":true,"href":"https:\/\/temucotelevision.cl\/web\/wp-json\/wp\/v2\/users\/1"}],"replies":[{"embeddable":true,"href":"https:\/\/temucotelevision.cl\/web\/wp-json\/wp\/v2\/comments?post=51930"}],"version-history":[{"count":1,"href":"https:\/\/temucotelevision.cl\/web\/wp-json\/wp\/v2\/posts\/51930\/revisions"}],"predecessor-version":[{"id":51932,"href":"https:\/\/temucotelevision.cl\/web\/wp-json\/wp\/v2\/posts\/51930\/revisions\/51932"}],"wp:featuredmedia":[{"embeddable":true,"href":"https:\/\/temucotelevision.cl\/web\/wp-json\/wp\/v2\/media\/51931"}],"wp:attachment":[{"href":"https:\/\/temucotelevision.cl\/web\/wp-json\/wp\/v2\/media?parent=51930"}],"wp:term":[{"taxonomy":"category","embeddable":true,"href":"https:\/\/temucotelevision.cl\/web\/wp-json\/wp\/v2\/categories?post=51930"},{"taxonomy":"post_tag","embeddable":true,"href":"https:\/\/temucotelevision.cl\/web\/wp-json\/wp\/v2\/tags?post=51930"}],"curies":[{"name":"wp","href":"https:\/\/api.w.org\/{rel}","templated":true}]}}