{"id":51925,"date":"2024-08-10T22:35:13","date_gmt":"2024-08-11T01:35:13","guid":{"rendered":"https:\/\/temucotelevision.cl\/web\/?p=51925"},"modified":"2024-08-10T22:35:13","modified_gmt":"2024-08-11T01:35:13","slug":"dos-djs-sudamericanos-son-los-primeros-confirmados-de-la-decima-edicion-de-fam-fest-latam","status":"publish","type":"post","link":"https:\/\/temucotelevision.cl\/web\/2024\/08\/10\/dos-djs-sudamericanos-son-los-primeros-confirmados-de-la-decima-edicion-de-fam-fest-latam\/","title":{"rendered":"Dos DJs sudamericanos son los primeros confirmados de la d\u00e9cima edici\u00f3n de Fam Fest Latam"},"content":{"rendered":"<div class=\"pvc_clear\"><\/div><p id=\"pvc_stats_51925\" class=\"pvc_stats total_only  \" data-element-id=\"51925\" style=\"\"><i class=\"pvc-stats-icon large\" aria-hidden=\"true\"><svg aria-hidden=\"true\" focusable=\"false\" data-prefix=\"far\" data-icon=\"chart-bar\" role=\"img\" xmlns=\"http:\/\/www.w3.org\/2000\/svg\" viewBox=\"0 0 512 512\" class=\"svg-inline--fa fa-chart-bar fa-w-16 fa-2x\"><path fill=\"currentColor\" d=\"M396.8 352h22.4c6.4 0 12.8-6.4 12.8-12.8V108.8c0-6.4-6.4-12.8-12.8-12.8h-22.4c-6.4 0-12.8 6.4-12.8 12.8v230.4c0 6.4 6.4 12.8 12.8 12.8zm-192 0h22.4c6.4 0 12.8-6.4 12.8-12.8V140.8c0-6.4-6.4-12.8-12.8-12.8h-22.4c-6.4 0-12.8 6.4-12.8 12.8v198.4c0 6.4 6.4 12.8 12.8 12.8zm96 0h22.4c6.4 0 12.8-6.4 12.8-12.8V204.8c0-6.4-6.4-12.8-12.8-12.8h-22.4c-6.4 0-12.8 6.4-12.8 12.8v134.4c0 6.4 6.4 12.8 12.8 12.8zM496 400H48V80c0-8.84-7.16-16-16-16H16C7.16 64 0 71.16 0 80v336c0 17.67 14.33 32 32 32h464c8.84 0 16-7.16 16-16v-16c0-8.84-7.16-16-16-16zm-387.2-48h22.4c6.4 0 12.8-6.4 12.8-12.8v-70.4c0-6.4-6.4-12.8-12.8-12.8h-22.4c-6.4 0-12.8 6.4-12.8 12.8v70.4c0 6.4 6.4 12.8 12.8 12.8z\" class=\"\"><\/path><\/svg><\/i> <img loading=\"lazy\" decoding=\"async\" width=\"16\" height=\"16\" alt=\"Loading\" src=\"https:\/\/temucotelevision.cl\/web\/wp-content\/plugins\/page-views-count\/ajax-loader-2x.gif\" border=0 \/><\/p><div class=\"pvc_clear\"><\/div>\n<p><em>Dos reconocidos m\u00fasicos de Chile y Paraguay, respectivamente, se tomar\u00e1n las pistas de Canc\u00fan para musicalizar las diversas actividades de la convenci\u00f3n de agentes de viajes latinos m\u00e1s importante del mundo, que celebrar\u00e1 su edici\u00f3n n\u00famero diez en septiembre.<\/em><\/p>\n\n\n\n<p>Ya queda menos de dos meses para la celebraci\u00f3n de la d\u00e9cima edici\u00f3n de la m\u00e1s importante convenci\u00f3n de agentes de viajes, operadores tur\u00edsticos, expertos en bodas y turismo MICE latinos,&nbsp;<strong>Fam Fest Latam<\/strong>, que este a\u00f1o vendr\u00e1 cargada de sorpresas, actividades y expositores de alt\u00edsimo nivel.&nbsp;<\/p>\n\n\n\n<p>Los primeros dos confirmados para este evento, que se realizar\u00e1 el septiembre en el recientemente inaugurado&nbsp;<strong>AVA Resort Cancun<\/strong>, vienen del mundo de la m\u00fasica y prometen remecer Canc\u00fan con espect\u00e1culos que llevar\u00e1n la diversi\u00f3n a otro nivel. La primera de ellas es la conocida DJ chilena,&nbsp;<strong>DJ<\/strong>&nbsp;<strong>Alika<\/strong>, que sorprendi\u00f3 a todos los invitados en la edici\u00f3n pasada de esta convenci\u00f3n y que repetir\u00e1 su visita a pedido del p\u00fablico, con pistas que han envuelto a distintos escenarios de Chile, Per\u00fa y Rep\u00fablica Dominicana.&nbsp;<\/p>\n\n\n\n<p>Por su parte, desde Paraguay, tambi\u00e9n se confirm\u00f3 la presencia del reconocido&nbsp;<strong>DJ Guille Preda<\/strong>, quien ha representado a su pa\u00eds en distintos escenarios del mundo, como en el Miller Soundclash, uno de los eventos m\u00e1s importantes de m\u00fasica electr\u00f3nica del globo.&nbsp;<\/p>\n\n\n\n<p>Ambos DJs prometen encender las actividades de entretenimiento que la convenci\u00f3n tiene preparadas para sus invitados, en medio de los hermosos escenarios que ofrece el Caribe Mexicano.&nbsp;<\/p>\n\n\n\n<p>\u201cCada edici\u00f3n de Fam Fest Latam cuenta con m\u00e1s de un componente musical, puesto que para nuestra cadena la m\u00fasica es uno de los factores m\u00e1s relevante de la experiencia. Por ello, los primeros confirmados son dos m\u00fasicos sudamericanos, l\u00edderes en sus respectivos pa\u00edses, que traer\u00e1n al Caribe lo mejor del talento latino\u201d, se\u00f1al\u00f3 Leonel Reyes, director corporativo para Latinoam\u00e9rica de RCD Hotels, cadena organizadora del evento.&nbsp;<\/p>\n\n\n\n<p>\u201cEn a\u00f1os anteriores hemos tenido la participaci\u00f3n de grandes artistas, como Alejandra Guzm\u00e1n, Carlos Vives y Ax\u00e9 Bah\u00eda, y de talentos musicales que estaban dando el salto hacia la internacionalizaci\u00f3n de su carrera, como Nico Ruiz y Karla Melo. Este a\u00f1o, por su parte, hemos decidido apostar por la electr\u00f3nica y por ello estos dos DJs son nuestros primeros confirmados\u201d, agreg\u00f3 el ejecutivo.&nbsp;<\/p>\n\n\n\n<p>La d\u00e9cima edici\u00f3n de Fam Fest Latam se realizar\u00e1 del 21 al 25 de septiembre y espera contar m\u00e1s de 500 representantes de la gran mayor\u00eda de los pa\u00edses de Latinoam\u00e9rica.&nbsp;<\/p>\n","protected":false},"excerpt":{"rendered":"<div class=\"pvc_clear\"><\/div>\n<p id=\"pvc_stats_51925\" class=\"pvc_stats total_only  \" data-element-id=\"51925\" style=\"\"><i class=\"pvc-stats-icon large\" aria-hidden=\"true\"><svg aria-hidden=\"true\" focusable=\"false\" data-prefix=\"far\" data-icon=\"chart-bar\" role=\"img\" xmlns=\"http:\/\/www.w3.org\/2000\/svg\" viewBox=\"0 0 512 512\" class=\"svg-inline--fa fa-chart-bar fa-w-16 fa-2x\"><path fill=\"currentColor\" d=\"M396.8 352h22.4c6.4 0 12.8-6.4 12.8-12.8V108.8c0-6.4-6.4-12.8-12.8-12.8h-22.4c-6.4 0-12.8 6.4-12.8 12.8v230.4c0 6.4 6.4 12.8 12.8 12.8zm-192 0h22.4c6.4 0 12.8-6.4 12.8-12.8V140.8c0-6.4-6.4-12.8-12.8-12.8h-22.4c-6.4 0-12.8 6.4-12.8 12.8v198.4c0 6.4 6.4 12.8 12.8 12.8zm96 0h22.4c6.4 0 12.8-6.4 12.8-12.8V204.8c0-6.4-6.4-12.8-12.8-12.8h-22.4c-6.4 0-12.8 6.4-12.8 12.8v134.4c0 6.4 6.4 12.8 12.8 12.8zM496 400H48V80c0-8.84-7.16-16-16-16H16C7.16 64 0 71.16 0 80v336c0 17.67 14.33 32 32 32h464c8.84 0 16-7.16 16-16v-16c0-8.84-7.16-16-16-16zm-387.2-48h22.4c6.4 0 12.8-6.4 12.8-12.8v-70.4c0-6.4-6.4-12.8-12.8-12.8h-22.4c-6.4 0-12.8 6.4-12.8 12.8v70.4c0 6.4 6.4 12.8 12.8 12.8z\" class=\"\"><\/path><\/svg><\/i> <img loading=\"lazy\" decoding=\"async\" width=\"16\" height=\"16\" alt=\"Loading\" src=\"https:\/\/temucotelevision.cl\/web\/wp-content\/plugins\/page-views-count\/ajax-loader-2x.gif\" border=0 \/><\/p>\n<div class=\"pvc_clear\"><\/div>\n<p>Dos reconocidos m\u00fasicos de Chile y Paraguay, respectivamente, se tomar\u00e1n las pistas de Canc\u00fan para musicalizar las diversas actividades de<\/p>\n","protected":false},"author":1,"featured_media":51926,"comment_status":"open","ping_status":"open","sticky":false,"template":"","format":"standard","meta":{"colormag_page_container_layout":"default_layout","colormag_page_sidebar_layout":"default_layout","footnotes":""},"categories":[101],"tags":[],"class_list":["post-51925","post","type-post","status-publish","format-standard","has-post-thumbnail","hentry","category-actualidad"],"a3_pvc":{"activated":true,"total_views":1086,"today_views":0},"_links":{"self":[{"href":"https:\/\/temucotelevision.cl\/web\/wp-json\/wp\/v2\/posts\/51925","targetHints":{"allow":["GET"]}}],"collection":[{"href":"https:\/\/temucotelevision.cl\/web\/wp-json\/wp\/v2\/posts"}],"about":[{"href":"https:\/\/temucotelevision.cl\/web\/wp-json\/wp\/v2\/types\/post"}],"author":[{"embeddable":true,"href":"https:\/\/temucotelevision.cl\/web\/wp-json\/wp\/v2\/users\/1"}],"replies":[{"embeddable":true,"href":"https:\/\/temucotelevision.cl\/web\/wp-json\/wp\/v2\/comments?post=51925"}],"version-history":[{"count":1,"href":"https:\/\/temucotelevision.cl\/web\/wp-json\/wp\/v2\/posts\/51925\/revisions"}],"predecessor-version":[{"id":51927,"href":"https:\/\/temucotelevision.cl\/web\/wp-json\/wp\/v2\/posts\/51925\/revisions\/51927"}],"wp:featuredmedia":[{"embeddable":true,"href":"https:\/\/temucotelevision.cl\/web\/wp-json\/wp\/v2\/media\/51926"}],"wp:attachment":[{"href":"https:\/\/temucotelevision.cl\/web\/wp-json\/wp\/v2\/media?parent=51925"}],"wp:term":[{"taxonomy":"category","embeddable":true,"href":"https:\/\/temucotelevision.cl\/web\/wp-json\/wp\/v2\/categories?post=51925"},{"taxonomy":"post_tag","embeddable":true,"href":"https:\/\/temucotelevision.cl\/web\/wp-json\/wp\/v2\/tags?post=51925"}],"curies":[{"name":"wp","href":"https:\/\/api.w.org\/{rel}","templated":true}]}}