{"id":51921,"date":"2024-08-10T14:53:37","date_gmt":"2024-08-10T17:53:37","guid":{"rendered":"https:\/\/temucotelevision.cl\/web\/?p=51921"},"modified":"2024-08-10T14:53:38","modified_gmt":"2024-08-10T17:53:38","slug":"cuenta-regresiva-para-la-primera-farmacia-de-villa-mininco-vecinos-ya-no-tendran-que-ir-a-angol-o-collipulli-por-remedios","status":"publish","type":"post","link":"https:\/\/temucotelevision.cl\/web\/2024\/08\/10\/cuenta-regresiva-para-la-primera-farmacia-de-villa-mininco-vecinos-ya-no-tendran-que-ir-a-angol-o-collipulli-por-remedios\/","title":{"rendered":"Cuenta regresiva para la primera farmacia de Villa Mininco: vecinos ya no tendr\u00e1n que ir a Angol o Collipulli por remedios"},"content":{"rendered":"<div class=\"pvc_clear\"><\/div><p id=\"pvc_stats_51921\" class=\"pvc_stats total_only  \" data-element-id=\"51921\" style=\"\"><i class=\"pvc-stats-icon large\" aria-hidden=\"true\"><svg aria-hidden=\"true\" focusable=\"false\" data-prefix=\"far\" data-icon=\"chart-bar\" role=\"img\" xmlns=\"http:\/\/www.w3.org\/2000\/svg\" viewBox=\"0 0 512 512\" class=\"svg-inline--fa fa-chart-bar fa-w-16 fa-2x\"><path fill=\"currentColor\" d=\"M396.8 352h22.4c6.4 0 12.8-6.4 12.8-12.8V108.8c0-6.4-6.4-12.8-12.8-12.8h-22.4c-6.4 0-12.8 6.4-12.8 12.8v230.4c0 6.4 6.4 12.8 12.8 12.8zm-192 0h22.4c6.4 0 12.8-6.4 12.8-12.8V140.8c0-6.4-6.4-12.8-12.8-12.8h-22.4c-6.4 0-12.8 6.4-12.8 12.8v198.4c0 6.4 6.4 12.8 12.8 12.8zm96 0h22.4c6.4 0 12.8-6.4 12.8-12.8V204.8c0-6.4-6.4-12.8-12.8-12.8h-22.4c-6.4 0-12.8 6.4-12.8 12.8v134.4c0 6.4 6.4 12.8 12.8 12.8zM496 400H48V80c0-8.84-7.16-16-16-16H16C7.16 64 0 71.16 0 80v336c0 17.67 14.33 32 32 32h464c8.84 0 16-7.16 16-16v-16c0-8.84-7.16-16-16-16zm-387.2-48h22.4c6.4 0 12.8-6.4 12.8-12.8v-70.4c0-6.4-6.4-12.8-12.8-12.8h-22.4c-6.4 0-12.8 6.4-12.8 12.8v70.4c0 6.4 6.4 12.8 12.8 12.8z\" class=\"\"><\/path><\/svg><\/i> <img loading=\"lazy\" decoding=\"async\" width=\"16\" height=\"16\" alt=\"Loading\" src=\"https:\/\/temucotelevision.cl\/web\/wp-content\/plugins\/page-views-count\/ajax-loader-2x.gif\" border=0 \/><\/p><div class=\"pvc_clear\"><\/div>\n<ul class=\"wp-block-list\">\n<li><em>Este viernes con la instalaci\u00f3n de la infraestructura se dio el vamos al primer y anhelado servicio de este tipo en la localidad y que estar\u00e1 operativo en septiembre. Tendr\u00e1 un mix de medicamentos con receta, sin receta, productos naturales, veterinarios y perfumer\u00eda.\u00a0<\/em><\/li>\n\n\n\n<li>\u201c<em>Todos los vecinos anhel\u00e1bamos contar con una farmacia en nuestro sector\u201d, destac\u00f3 una vecina de la Villa.\u00a0<\/em><\/li>\n<\/ul>\n\n\n\n<p>De lunes a viernes, de 9 a 17:30 horas, funcionar\u00e1 la primera farmacia en Villa Mininco, localidad de la comuna de Collipulli. Y es que, hasta ahora, sus vecinos y familias deb\u00edan ir hasta Angol o Collipulli para abastecerse de medicamentos y productos de higiene o aseo personal, entre otros. Pero esto cambiar\u00e1, en un mes m\u00e1s cuando abra sus puertas esta farmacia abierta a todo p\u00fablico.&nbsp;<\/p>\n\n\n\n<p>Se trata de un espacio en base a construcci\u00f3n modular, con una dimensi\u00f3n de 29,5 m2, que estar\u00e1 habilitada ya al p\u00fablico en un mes m\u00e1s. Constar\u00e1 de un m\u00f3dulo de atenci\u00f3n con dos cajas, una bodega, dos oficinas, ba\u00f1o y sala de espera. Est\u00e1 ubicada en la calle Manuel Rodriguez 255, frente a la plaza principal de la localidad.<\/p>\n\n\n\n<p><strong>Judith Leiva<\/strong>, vecina de Villa Mininco, indic\u00f3 que \u201cesta farmacia es algo que siempre deseamos, algo necesario, porque hay muchas personas enfermas que necesitan medicamentos y el presupuesto no siempre es tan holgado para ir a cualquier farmacia a comprar. Lo anhel\u00e1bamos todos los vecinos del sector\u201d.&nbsp;<\/p>\n\n\n\n<p>Misma impresi\u00f3n tiene el coordinador de la mesa tripartita de Villa Mininco,&nbsp;<strong>Rodrigo Milch\u00edo<\/strong>, qui\u00e9n coment\u00f3 que \u201ceste es un momento hist\u00f3rico. Que haya una farmacia en la villa era visto como algo lejano, pero ahora lo tenemos aqu\u00ed. Por eso doy las gracias a la municipalidad y CMPC, que fueron los dos entes primarios para hacer realidad este sue\u00f1o de Villa Mininco. Una alegr\u00eda tremenda para todos\u201d.&nbsp;<\/p>\n\n\n\n<p><strong>Servicios que va a considerar<\/strong><\/p>\n\n\n\n<p>La nueva farmacia tendr\u00e1 un mix de medicamentos con receta, sin receta, productos naturales, veterinarios y perfumer\u00eda, entre otros. Considerar\u00e1 la venta de medicamentos gen\u00e9ricos, cr\u00f3nicos, bioequivalentes y de Ley Cenabast. Junto con ello, tendr\u00e1 un mix de 8.000 productos a tan solo un clic. \u00bfC\u00f3mo? A trav\u00e9s de la p\u00e1gina&nbsp;<a href=\"http:\/\/www.fraccion.cl\/\">www.fraccion.cl<\/a>, para que los productos puedan ser comprados a pedido bajo un despacho m\u00e1ximo de 72 horas. As\u00ed, la comunidad de Villa Mininco dispondr\u00e1 de dos mecanismos para acceder a insumos de todo tipo, ya sea veterinarios o de uso humano.<\/p>\n\n\n\n<p><strong>Javier Vera<\/strong>, fundador y director ejecutivo de farmacia Fracci\u00f3n, coment\u00f3 que \u201cesta farmacia nace en 2018 debido a que existe una brecha importante en el acceso a medicamentos, no solo en lugares sino que tambi\u00e9n en precios. Este proyecto p\u00fablico-privado nos permite instalar esta farmacia en Villa Mininco, gracias al apoyo de la municipalidad y de CMPC. M\u00e1s que un impacto econ\u00f3mico, tendr\u00e1 un impacto social\u201d, relat\u00f3 el director ejecutivo.&nbsp;<\/p>\n\n\n\n<p><strong>Una necesidad que requiri\u00f3 alianzas colaborativas<\/strong><\/p>\n\n\n\n<p>Desde CMPC precisaron que la futura apertura de la farmacia es parte de un plan que la compa\u00f1\u00eda impulsa para generar impacto positivo en las comunas donde opera, mediante modelos colaborativos p\u00fablico-privados que generen bienestar en las personas. As\u00ed lo indic\u00f3&nbsp;<strong>Guillermo Turner<\/strong>, gerente de Asuntos Corporativos de CMPC.<\/p>\n\n\n\n<p>\u201cHace cinco o seis meses, en la mesa tripartita conversamos sobre los desaf\u00edos para una mejor calidad de vida en la Villa. Los vecinos indicaron que necesitaban una farmacia, ya que, hasta el momento, deb\u00edan ir a comprar sus medicamentos fuera del sector. Quiero destacar a la comunidad organizada, que fue capaz de levantar estos intereses y juntos, buscar soluciones que sean sostenibles. Por eso, la nueva instalaci\u00f3n les cambiar\u00e1 la vida a los vecinos de Villa Mininco\u201d, relat\u00f3 Turner.&nbsp;<\/p>\n\n\n\n<p>Desde el municipio, en tanto, el alcalde de Collipulli,&nbsp;<strong>Manuel Macaya<\/strong>, coment\u00f3 que el impacto social que tendr\u00e1 en la Villa es muy importante. \u201cEs la primera farmacia que tenemos en nuestro sector, por lo que agradezco a la mesa tripartita de la cual sali\u00f3 esta inquietud y a CMPC que acept\u00f3 este gran desaf\u00edo. Hoy, luego de tres meses, inauguramos esta farmacia que viene a empujar el desarrollo local, y que en un mes m\u00e1s estar\u00e1 en total funcionamiento\u201d.<\/p>\n\n\n\n<p>As\u00ed, durante septiembre, las vecinas y vecinos de Villa Mininco y las comunidades aleda\u00f1as, como las familias de la Ruta 22, tendr\u00e1n acceso a este servicio que generar\u00e1 un impacto positivo en su calidad de vida.&nbsp;<\/p>\n\n\n\n<figure class=\"wp-block-image size-large\"><img loading=\"lazy\" decoding=\"async\" width=\"1000\" height=\"750\" src=\"https:\/\/temucotelevision.cl\/web\/wp-content\/uploads\/2024\/08\/Farmacia-2-1000x750.jpg\" alt=\"\" class=\"wp-image-51923\" srcset=\"https:\/\/temucotelevision.cl\/web\/wp-content\/uploads\/2024\/08\/Farmacia-2-1000x750.jpg 1000w, https:\/\/temucotelevision.cl\/web\/wp-content\/uploads\/2024\/08\/Farmacia-2-768x576.jpg 768w, https:\/\/temucotelevision.cl\/web\/wp-content\/uploads\/2024\/08\/Farmacia-2-1536x1152.jpg 1536w, https:\/\/temucotelevision.cl\/web\/wp-content\/uploads\/2024\/08\/Farmacia-2.jpg 2000w\" sizes=\"auto, (max-width: 1000px) 100vw, 1000px\" \/><\/figure>\n","protected":false},"excerpt":{"rendered":"<div class=\"pvc_clear\"><\/div>\n<p id=\"pvc_stats_51921\" class=\"pvc_stats total_only  \" data-element-id=\"51921\" style=\"\"><i class=\"pvc-stats-icon large\" aria-hidden=\"true\"><svg aria-hidden=\"true\" focusable=\"false\" data-prefix=\"far\" data-icon=\"chart-bar\" role=\"img\" xmlns=\"http:\/\/www.w3.org\/2000\/svg\" viewBox=\"0 0 512 512\" class=\"svg-inline--fa fa-chart-bar fa-w-16 fa-2x\"><path fill=\"currentColor\" d=\"M396.8 352h22.4c6.4 0 12.8-6.4 12.8-12.8V108.8c0-6.4-6.4-12.8-12.8-12.8h-22.4c-6.4 0-12.8 6.4-12.8 12.8v230.4c0 6.4 6.4 12.8 12.8 12.8zm-192 0h22.4c6.4 0 12.8-6.4 12.8-12.8V140.8c0-6.4-6.4-12.8-12.8-12.8h-22.4c-6.4 0-12.8 6.4-12.8 12.8v198.4c0 6.4 6.4 12.8 12.8 12.8zm96 0h22.4c6.4 0 12.8-6.4 12.8-12.8V204.8c0-6.4-6.4-12.8-12.8-12.8h-22.4c-6.4 0-12.8 6.4-12.8 12.8v134.4c0 6.4 6.4 12.8 12.8 12.8zM496 400H48V80c0-8.84-7.16-16-16-16H16C7.16 64 0 71.16 0 80v336c0 17.67 14.33 32 32 32h464c8.84 0 16-7.16 16-16v-16c0-8.84-7.16-16-16-16zm-387.2-48h22.4c6.4 0 12.8-6.4 12.8-12.8v-70.4c0-6.4-6.4-12.8-12.8-12.8h-22.4c-6.4 0-12.8 6.4-12.8 12.8v70.4c0 6.4 6.4 12.8 12.8 12.8z\" class=\"\"><\/path><\/svg><\/i> <img loading=\"lazy\" decoding=\"async\" width=\"16\" height=\"16\" alt=\"Loading\" src=\"https:\/\/temucotelevision.cl\/web\/wp-content\/plugins\/page-views-count\/ajax-loader-2x.gif\" border=0 \/><\/p>\n<div class=\"pvc_clear\"><\/div>\n<p>De lunes a viernes, de 9 a 17:30 horas, funcionar\u00e1 la primera farmacia en Villa Mininco, localidad de la comuna<\/p>\n","protected":false},"author":1,"featured_media":51922,"comment_status":"open","ping_status":"open","sticky":false,"template":"","format":"standard","meta":{"colormag_page_container_layout":"default_layout","colormag_page_sidebar_layout":"default_layout","footnotes":""},"categories":[14],"tags":[],"class_list":["post-51921","post","type-post","status-publish","format-standard","has-post-thumbnail","hentry","category-temuco"],"a3_pvc":{"activated":true,"total_views":1057,"today_views":0},"_links":{"self":[{"href":"https:\/\/temucotelevision.cl\/web\/wp-json\/wp\/v2\/posts\/51921","targetHints":{"allow":["GET"]}}],"collection":[{"href":"https:\/\/temucotelevision.cl\/web\/wp-json\/wp\/v2\/posts"}],"about":[{"href":"https:\/\/temucotelevision.cl\/web\/wp-json\/wp\/v2\/types\/post"}],"author":[{"embeddable":true,"href":"https:\/\/temucotelevision.cl\/web\/wp-json\/wp\/v2\/users\/1"}],"replies":[{"embeddable":true,"href":"https:\/\/temucotelevision.cl\/web\/wp-json\/wp\/v2\/comments?post=51921"}],"version-history":[{"count":1,"href":"https:\/\/temucotelevision.cl\/web\/wp-json\/wp\/v2\/posts\/51921\/revisions"}],"predecessor-version":[{"id":51924,"href":"https:\/\/temucotelevision.cl\/web\/wp-json\/wp\/v2\/posts\/51921\/revisions\/51924"}],"wp:featuredmedia":[{"embeddable":true,"href":"https:\/\/temucotelevision.cl\/web\/wp-json\/wp\/v2\/media\/51922"}],"wp:attachment":[{"href":"https:\/\/temucotelevision.cl\/web\/wp-json\/wp\/v2\/media?parent=51921"}],"wp:term":[{"taxonomy":"category","embeddable":true,"href":"https:\/\/temucotelevision.cl\/web\/wp-json\/wp\/v2\/categories?post=51921"},{"taxonomy":"post_tag","embeddable":true,"href":"https:\/\/temucotelevision.cl\/web\/wp-json\/wp\/v2\/tags?post=51921"}],"curies":[{"name":"wp","href":"https:\/\/api.w.org\/{rel}","templated":true}]}}