{"id":51913,"date":"2024-08-10T14:43:28","date_gmt":"2024-08-10T17:43:28","guid":{"rendered":"https:\/\/temucotelevision.cl\/web\/?p=51913"},"modified":"2024-08-10T14:43:29","modified_gmt":"2024-08-10T17:43:29","slug":"tras-exito-de-la-primera-version-municipalidad-de-lumaco-reeditara-la-ruta-turistica-del-kuel","status":"publish","type":"post","link":"https:\/\/temucotelevision.cl\/web\/2024\/08\/10\/tras-exito-de-la-primera-version-municipalidad-de-lumaco-reeditara-la-ruta-turistica-del-kuel\/","title":{"rendered":"Tras \u00e9xito de la primera versi\u00f3n Municipalidad de Lumaco reeditar\u00e1 la \u201cRuta Tur\u00edstica del Kuel\u201d"},"content":{"rendered":"<div class=\"pvc_clear\"><\/div><p id=\"pvc_stats_51913\" class=\"pvc_stats total_only  \" data-element-id=\"51913\" style=\"\"><i class=\"pvc-stats-icon large\" aria-hidden=\"true\"><svg aria-hidden=\"true\" focusable=\"false\" data-prefix=\"far\" data-icon=\"chart-bar\" role=\"img\" xmlns=\"http:\/\/www.w3.org\/2000\/svg\" viewBox=\"0 0 512 512\" class=\"svg-inline--fa fa-chart-bar fa-w-16 fa-2x\"><path fill=\"currentColor\" d=\"M396.8 352h22.4c6.4 0 12.8-6.4 12.8-12.8V108.8c0-6.4-6.4-12.8-12.8-12.8h-22.4c-6.4 0-12.8 6.4-12.8 12.8v230.4c0 6.4 6.4 12.8 12.8 12.8zm-192 0h22.4c6.4 0 12.8-6.4 12.8-12.8V140.8c0-6.4-6.4-12.8-12.8-12.8h-22.4c-6.4 0-12.8 6.4-12.8 12.8v198.4c0 6.4 6.4 12.8 12.8 12.8zm96 0h22.4c6.4 0 12.8-6.4 12.8-12.8V204.8c0-6.4-6.4-12.8-12.8-12.8h-22.4c-6.4 0-12.8 6.4-12.8 12.8v134.4c0 6.4 6.4 12.8 12.8 12.8zM496 400H48V80c0-8.84-7.16-16-16-16H16C7.16 64 0 71.16 0 80v336c0 17.67 14.33 32 32 32h464c8.84 0 16-7.16 16-16v-16c0-8.84-7.16-16-16-16zm-387.2-48h22.4c6.4 0 12.8-6.4 12.8-12.8v-70.4c0-6.4-6.4-12.8-12.8-12.8h-22.4c-6.4 0-12.8 6.4-12.8 12.8v70.4c0 6.4 6.4 12.8 12.8 12.8z\" class=\"\"><\/path><\/svg><\/i> <img loading=\"lazy\" decoding=\"async\" width=\"16\" height=\"16\" alt=\"Loading\" src=\"https:\/\/temucotelevision.cl\/web\/wp-content\/plugins\/page-views-count\/ajax-loader-2x.gif\" border=0 \/><\/p><div class=\"pvc_clear\"><\/div>\n<p><strong>Luego de que en el a\u00f1o 2023 centeneres de personas se hicieran presentes en la actividad, este 2024 se realizar\u00e1 la segunda versi\u00f3n el pr\u00f3ximo 24 de agosto, recorriendo la riqueza, lugares emblem\u00e1ticos y la historia del sector norte de la comuna.<\/strong><\/p>\n\n\n\n<p>En la provincia de Malleco hay una comuna que tiene una gran particularidad, hermosos paisajes y una rica historia, basada en la multiculturalidad de sus habitantes, como es el caso de Lumaco.<\/p>\n\n\n\n<p>Con el fin de potenciar estos atributos y luego del \u00e9xito de la primera versi\u00f3n del a\u00f1o 2023, donde visitantes de distintos lugares del pa\u00eds llegaron a la comuna, el s\u00e1bado 24 de agosto se reeditar\u00e1 la \u201cRuta Tur\u00edstica del Kuel\u201d.<\/p>\n\n\n\n<p>Ubicada en el sector de Buta Rincon, en la parte norte de la comuna, el alcalde Richard Leonelli Contreras destac\u00f3 que este es un recorrido que llega hasta la Isla Catrileo, oportunidad en el que se podr\u00e1n apreciar distintas actividades, entre ellas competencias de wampos y relatos hist\u00f3ricos del sector, instancia en que los visitantes tambi\u00e9n pueden disfrutar de una nutrida gastronom\u00eda mapuche.<\/p>\n\n\n\n<p>El alcalde de Leonelli, manifest\u00f3 su alegr\u00eda por la gran aceptaci\u00f3n que se tuvo durante el a\u00f1o 2023, recordando que era un compromiso adquirido con las comunidades del sector norte, el que se concret\u00f3 y que se repetir\u00e1.<\/p>\n\n\n\n<p>\u201cPara nuestra comuna una de las actividades centrales es el turismo, porque destacamos nuestros paisajes y tambi\u00e9n el relato hist\u00f3rico de todas las culturas que convergen en Lumaco, por eso es que, tras el \u00e9xito del a\u00f1o pasado, el 24 de agosto volveremos a tener nuestra \u201cRuta Tur\u00edstica del Kuel\u201d, lo que nos tiene enormemente entusiasmados porque estamos apoyando una actividad que es tan importante para nuestra comuna\u201d, indic\u00f3 el alcalde Richard Leonelli.<\/p>\n\n\n\n<p>El lunes 12 de agosto comenzar\u00e1 la difusi\u00f3n a trav\u00e9s de un pasacalle por los tres ejes urbanos de Lumaco, en tanto el 16 del mismo mes se realizar\u00e1 el lanzamiento en la plaza An\u00edbal Pinto de Temuco, finalizando la difusi\u00f3n el 19 de agosto en la ciudad, en lugar por definir.<\/p>\n\n\n\n<p>La comuna tricultural de La Araucan\u00eda espera una gran fiesta con la \u201cRuta Tur\u00edstica del Kuel\u201d, la cual es abierta a toda la comunidad y que pretende convertirse en un cl\u00e1sico en el calendario de actividades de la regi\u00f3n.<\/p>\n","protected":false},"excerpt":{"rendered":"<div class=\"pvc_clear\"><\/div>\n<p id=\"pvc_stats_51913\" class=\"pvc_stats total_only  \" data-element-id=\"51913\" style=\"\"><i class=\"pvc-stats-icon large\" aria-hidden=\"true\"><svg aria-hidden=\"true\" focusable=\"false\" data-prefix=\"far\" data-icon=\"chart-bar\" role=\"img\" xmlns=\"http:\/\/www.w3.org\/2000\/svg\" viewBox=\"0 0 512 512\" class=\"svg-inline--fa fa-chart-bar fa-w-16 fa-2x\"><path fill=\"currentColor\" d=\"M396.8 352h22.4c6.4 0 12.8-6.4 12.8-12.8V108.8c0-6.4-6.4-12.8-12.8-12.8h-22.4c-6.4 0-12.8 6.4-12.8 12.8v230.4c0 6.4 6.4 12.8 12.8 12.8zm-192 0h22.4c6.4 0 12.8-6.4 12.8-12.8V140.8c0-6.4-6.4-12.8-12.8-12.8h-22.4c-6.4 0-12.8 6.4-12.8 12.8v198.4c0 6.4 6.4 12.8 12.8 12.8zm96 0h22.4c6.4 0 12.8-6.4 12.8-12.8V204.8c0-6.4-6.4-12.8-12.8-12.8h-22.4c-6.4 0-12.8 6.4-12.8 12.8v134.4c0 6.4 6.4 12.8 12.8 12.8zM496 400H48V80c0-8.84-7.16-16-16-16H16C7.16 64 0 71.16 0 80v336c0 17.67 14.33 32 32 32h464c8.84 0 16-7.16 16-16v-16c0-8.84-7.16-16-16-16zm-387.2-48h22.4c6.4 0 12.8-6.4 12.8-12.8v-70.4c0-6.4-6.4-12.8-12.8-12.8h-22.4c-6.4 0-12.8 6.4-12.8 12.8v70.4c0 6.4 6.4 12.8 12.8 12.8z\" class=\"\"><\/path><\/svg><\/i> <img loading=\"lazy\" decoding=\"async\" width=\"16\" height=\"16\" alt=\"Loading\" src=\"https:\/\/temucotelevision.cl\/web\/wp-content\/plugins\/page-views-count\/ajax-loader-2x.gif\" border=0 \/><\/p>\n<div class=\"pvc_clear\"><\/div>\n<p>Luego de que en el a\u00f1o 2023 centeneres de personas se hicieran presentes en la actividad, este 2024 se realizar\u00e1<\/p>\n","protected":false},"author":1,"featured_media":51914,"comment_status":"open","ping_status":"open","sticky":false,"template":"","format":"standard","meta":{"colormag_page_container_layout":"default_layout","colormag_page_sidebar_layout":"default_layout","footnotes":""},"categories":[86],"tags":[],"class_list":["post-51913","post","type-post","status-publish","format-standard","has-post-thumbnail","hentry","category-panoramas"],"a3_pvc":{"activated":true,"total_views":1119,"today_views":0},"_links":{"self":[{"href":"https:\/\/temucotelevision.cl\/web\/wp-json\/wp\/v2\/posts\/51913","targetHints":{"allow":["GET"]}}],"collection":[{"href":"https:\/\/temucotelevision.cl\/web\/wp-json\/wp\/v2\/posts"}],"about":[{"href":"https:\/\/temucotelevision.cl\/web\/wp-json\/wp\/v2\/types\/post"}],"author":[{"embeddable":true,"href":"https:\/\/temucotelevision.cl\/web\/wp-json\/wp\/v2\/users\/1"}],"replies":[{"embeddable":true,"href":"https:\/\/temucotelevision.cl\/web\/wp-json\/wp\/v2\/comments?post=51913"}],"version-history":[{"count":1,"href":"https:\/\/temucotelevision.cl\/web\/wp-json\/wp\/v2\/posts\/51913\/revisions"}],"predecessor-version":[{"id":51915,"href":"https:\/\/temucotelevision.cl\/web\/wp-json\/wp\/v2\/posts\/51913\/revisions\/51915"}],"wp:featuredmedia":[{"embeddable":true,"href":"https:\/\/temucotelevision.cl\/web\/wp-json\/wp\/v2\/media\/51914"}],"wp:attachment":[{"href":"https:\/\/temucotelevision.cl\/web\/wp-json\/wp\/v2\/media?parent=51913"}],"wp:term":[{"taxonomy":"category","embeddable":true,"href":"https:\/\/temucotelevision.cl\/web\/wp-json\/wp\/v2\/categories?post=51913"},{"taxonomy":"post_tag","embeddable":true,"href":"https:\/\/temucotelevision.cl\/web\/wp-json\/wp\/v2\/tags?post=51913"}],"curies":[{"name":"wp","href":"https:\/\/api.w.org\/{rel}","templated":true}]}}