{"id":51911,"date":"2024-08-10T14:40:13","date_gmt":"2024-08-10T17:40:13","guid":{"rendered":"https:\/\/temucotelevision.cl\/web\/?p=51911"},"modified":"2024-08-10T14:40:14","modified_gmt":"2024-08-10T17:40:14","slug":"regionalistas-verdes-logran-inscribir-52-candidaturas-para-elecciones-de-octubre-en-la-araucania","status":"publish","type":"post","link":"https:\/\/temucotelevision.cl\/web\/2024\/08\/10\/regionalistas-verdes-logran-inscribir-52-candidaturas-para-elecciones-de-octubre-en-la-araucania\/","title":{"rendered":"Regionalistas verdes logran inscribir 52 candidaturas para elecciones de octubre en La Araucan\u00eda"},"content":{"rendered":"<div class=\"pvc_clear\"><\/div><p id=\"pvc_stats_51911\" class=\"pvc_stats total_only  \" data-element-id=\"51911\" style=\"\"><i class=\"pvc-stats-icon large\" aria-hidden=\"true\"><svg aria-hidden=\"true\" focusable=\"false\" data-prefix=\"far\" data-icon=\"chart-bar\" role=\"img\" xmlns=\"http:\/\/www.w3.org\/2000\/svg\" viewBox=\"0 0 512 512\" class=\"svg-inline--fa fa-chart-bar fa-w-16 fa-2x\"><path fill=\"currentColor\" d=\"M396.8 352h22.4c6.4 0 12.8-6.4 12.8-12.8V108.8c0-6.4-6.4-12.8-12.8-12.8h-22.4c-6.4 0-12.8 6.4-12.8 12.8v230.4c0 6.4 6.4 12.8 12.8 12.8zm-192 0h22.4c6.4 0 12.8-6.4 12.8-12.8V140.8c0-6.4-6.4-12.8-12.8-12.8h-22.4c-6.4 0-12.8 6.4-12.8 12.8v198.4c0 6.4 6.4 12.8 12.8 12.8zm96 0h22.4c6.4 0 12.8-6.4 12.8-12.8V204.8c0-6.4-6.4-12.8-12.8-12.8h-22.4c-6.4 0-12.8 6.4-12.8 12.8v134.4c0 6.4 6.4 12.8 12.8 12.8zM496 400H48V80c0-8.84-7.16-16-16-16H16C7.16 64 0 71.16 0 80v336c0 17.67 14.33 32 32 32h464c8.84 0 16-7.16 16-16v-16c0-8.84-7.16-16-16-16zm-387.2-48h22.4c6.4 0 12.8-6.4 12.8-12.8v-70.4c0-6.4-6.4-12.8-12.8-12.8h-22.4c-6.4 0-12.8 6.4-12.8 12.8v70.4c0 6.4 6.4 12.8 12.8 12.8z\" class=\"\"><\/path><\/svg><\/i> <img loading=\"lazy\" decoding=\"async\" width=\"16\" height=\"16\" alt=\"Loading\" src=\"https:\/\/temucotelevision.cl\/web\/wp-content\/plugins\/page-views-count\/ajax-loader-2x.gif\" border=0 \/><\/p><div class=\"pvc_clear\"><\/div>\n<p><strong><em>\u201cDestacan los concejales Alfredo Llafquen, Viviana D\u00edaz, Miguel Santana y Alejandra Mellico a la reelecci\u00f3n, la Consejera Mapuche Anal LLao a concejala por Puren y Jos\u00e9 Figueroa de 80 a\u00f1os militante y dirigente hist\u00f3rico de Labranza\u201d, sostuvieron sus dirigentes<\/em><\/strong><\/p>\n\n\n\n<p>Con una virtuosa alianza de trabajo con movimientos sociales, comunidades y organizaciones de la regi\u00f3n, el Partido Regionalista Verde de La Araucan\u00eda logr\u00f3 inscribir un total de 52 candidaturas en toda la regi\u00f3n, 44 concejales, 7 cores y su \u00fanico candidato a Alcalde representando al oficialismo en la comuna de Cunco, el actual concejal regionalista verde Danilo Urrutia.<\/p>\n\n\n\n<p>Samuel Morales y Claudia Torres, presidentes del colectivo en la regi\u00f3n, comentaron que \u201ceste fue un trabajo arduo, no exento de dificultades, pero que nos deja con la satisfacci\u00f3n de poder ofrecer a la regi\u00f3n una alternativa de gesti\u00f3n local y regional con base territorial, con dirigencias sociales destacadas y que representan nuestro ideario descentralizador, verde, democr\u00e1tico, sustentable y que abordar\u00e1 las materias de seguridad con un enfoque amplio, centrado en las personas y su bienestar\u201d.<\/p>\n\n\n\n<p>Destaca entre las candidaturas de los regionalistas verdes 44 a concejales, 7 a consejeros regionales y el \u00fanico candidato a Alcalde y que representa al oficialismo en Cunco, el actual concejal Danilo Urrutia, quien tiene una gran trayectoria como dirigente social y concejal de esta comuna, quien apuesta por ser el nuevo Alcalde de Cunco.<\/p>\n\n\n\n<p>De todas las candidaturas, 18 son militantes y 34 independientes, candidaturas que plasmar\u00e1n en La Araucan\u00eda, el esp\u00edritu y sello del partido regionalista verde centrado en un alto compromiso en materias de seguridad, probidad, justicia ambiental y equidad territorial, restauraci\u00f3n ecol\u00f3gica, participaci\u00f3n, m\u00e1s y mejor democracia, inclusi\u00f3n, interculturalidad, seguridad alimentaria, econom\u00eda local sustentable, cooperativismo, autonom\u00eda energ\u00e9tica, vivienda y ciudades justas, entre otras \u00e1reas de gesti\u00f3n\u201d, comentaron sus dirigentes.<\/p>\n","protected":false},"excerpt":{"rendered":"<div class=\"pvc_clear\"><\/div>\n<p id=\"pvc_stats_51911\" class=\"pvc_stats total_only  \" data-element-id=\"51911\" style=\"\"><i class=\"pvc-stats-icon large\" aria-hidden=\"true\"><svg aria-hidden=\"true\" focusable=\"false\" data-prefix=\"far\" data-icon=\"chart-bar\" role=\"img\" xmlns=\"http:\/\/www.w3.org\/2000\/svg\" viewBox=\"0 0 512 512\" class=\"svg-inline--fa fa-chart-bar fa-w-16 fa-2x\"><path fill=\"currentColor\" d=\"M396.8 352h22.4c6.4 0 12.8-6.4 12.8-12.8V108.8c0-6.4-6.4-12.8-12.8-12.8h-22.4c-6.4 0-12.8 6.4-12.8 12.8v230.4c0 6.4 6.4 12.8 12.8 12.8zm-192 0h22.4c6.4 0 12.8-6.4 12.8-12.8V140.8c0-6.4-6.4-12.8-12.8-12.8h-22.4c-6.4 0-12.8 6.4-12.8 12.8v198.4c0 6.4 6.4 12.8 12.8 12.8zm96 0h22.4c6.4 0 12.8-6.4 12.8-12.8V204.8c0-6.4-6.4-12.8-12.8-12.8h-22.4c-6.4 0-12.8 6.4-12.8 12.8v134.4c0 6.4 6.4 12.8 12.8 12.8zM496 400H48V80c0-8.84-7.16-16-16-16H16C7.16 64 0 71.16 0 80v336c0 17.67 14.33 32 32 32h464c8.84 0 16-7.16 16-16v-16c0-8.84-7.16-16-16-16zm-387.2-48h22.4c6.4 0 12.8-6.4 12.8-12.8v-70.4c0-6.4-6.4-12.8-12.8-12.8h-22.4c-6.4 0-12.8 6.4-12.8 12.8v70.4c0 6.4 6.4 12.8 12.8 12.8z\" class=\"\"><\/path><\/svg><\/i> <img loading=\"lazy\" decoding=\"async\" width=\"16\" height=\"16\" alt=\"Loading\" src=\"https:\/\/temucotelevision.cl\/web\/wp-content\/plugins\/page-views-count\/ajax-loader-2x.gif\" border=0 \/><\/p>\n<div class=\"pvc_clear\"><\/div>\n<p>\u201cDestacan los concejales Alfredo Llafquen, Viviana D\u00edaz, Miguel Santana y Alejandra Mellico a la reelecci\u00f3n, la Consejera Mapuche Anal LLao<\/p>\n","protected":false},"author":1,"featured_media":29669,"comment_status":"open","ping_status":"open","sticky":false,"template":"","format":"standard","meta":{"colormag_page_container_layout":"default_layout","colormag_page_sidebar_layout":"default_layout","footnotes":""},"categories":[84],"tags":[],"class_list":["post-51911","post","type-post","status-publish","format-standard","has-post-thumbnail","hentry","category-politica"],"a3_pvc":{"activated":true,"total_views":855,"today_views":0},"_links":{"self":[{"href":"https:\/\/temucotelevision.cl\/web\/wp-json\/wp\/v2\/posts\/51911","targetHints":{"allow":["GET"]}}],"collection":[{"href":"https:\/\/temucotelevision.cl\/web\/wp-json\/wp\/v2\/posts"}],"about":[{"href":"https:\/\/temucotelevision.cl\/web\/wp-json\/wp\/v2\/types\/post"}],"author":[{"embeddable":true,"href":"https:\/\/temucotelevision.cl\/web\/wp-json\/wp\/v2\/users\/1"}],"replies":[{"embeddable":true,"href":"https:\/\/temucotelevision.cl\/web\/wp-json\/wp\/v2\/comments?post=51911"}],"version-history":[{"count":1,"href":"https:\/\/temucotelevision.cl\/web\/wp-json\/wp\/v2\/posts\/51911\/revisions"}],"predecessor-version":[{"id":51912,"href":"https:\/\/temucotelevision.cl\/web\/wp-json\/wp\/v2\/posts\/51911\/revisions\/51912"}],"wp:featuredmedia":[{"embeddable":true,"href":"https:\/\/temucotelevision.cl\/web\/wp-json\/wp\/v2\/media\/29669"}],"wp:attachment":[{"href":"https:\/\/temucotelevision.cl\/web\/wp-json\/wp\/v2\/media?parent=51911"}],"wp:term":[{"taxonomy":"category","embeddable":true,"href":"https:\/\/temucotelevision.cl\/web\/wp-json\/wp\/v2\/categories?post=51911"},{"taxonomy":"post_tag","embeddable":true,"href":"https:\/\/temucotelevision.cl\/web\/wp-json\/wp\/v2\/tags?post=51911"}],"curies":[{"name":"wp","href":"https:\/\/api.w.org\/{rel}","templated":true}]}}