{"id":51895,"date":"2024-08-09T16:47:07","date_gmt":"2024-08-09T19:47:07","guid":{"rendered":"https:\/\/temucotelevision.cl\/web\/?p=51895"},"modified":"2024-08-09T19:42:09","modified_gmt":"2024-08-09T22:42:09","slug":"hombre-con-antecedentes-es-detenido-por-secuestro-violacion-y-lesiones-graves-en-pucon","status":"publish","type":"post","link":"https:\/\/temucotelevision.cl\/web\/2024\/08\/09\/hombre-con-antecedentes-es-detenido-por-secuestro-violacion-y-lesiones-graves-en-pucon\/","title":{"rendered":"Hombre con antecedentes es detenido por secuestro, violaci\u00f3n y lesiones graves en Puc\u00f3n"},"content":{"rendered":"<div class=\"pvc_clear\"><\/div><p id=\"pvc_stats_51895\" class=\"pvc_stats total_only  \" data-element-id=\"51895\" style=\"\"><i class=\"pvc-stats-icon large\" aria-hidden=\"true\"><svg aria-hidden=\"true\" focusable=\"false\" data-prefix=\"far\" data-icon=\"chart-bar\" role=\"img\" xmlns=\"http:\/\/www.w3.org\/2000\/svg\" viewBox=\"0 0 512 512\" class=\"svg-inline--fa fa-chart-bar fa-w-16 fa-2x\"><path fill=\"currentColor\" d=\"M396.8 352h22.4c6.4 0 12.8-6.4 12.8-12.8V108.8c0-6.4-6.4-12.8-12.8-12.8h-22.4c-6.4 0-12.8 6.4-12.8 12.8v230.4c0 6.4 6.4 12.8 12.8 12.8zm-192 0h22.4c6.4 0 12.8-6.4 12.8-12.8V140.8c0-6.4-6.4-12.8-12.8-12.8h-22.4c-6.4 0-12.8 6.4-12.8 12.8v198.4c0 6.4 6.4 12.8 12.8 12.8zm96 0h22.4c6.4 0 12.8-6.4 12.8-12.8V204.8c0-6.4-6.4-12.8-12.8-12.8h-22.4c-6.4 0-12.8 6.4-12.8 12.8v134.4c0 6.4 6.4 12.8 12.8 12.8zM496 400H48V80c0-8.84-7.16-16-16-16H16C7.16 64 0 71.16 0 80v336c0 17.67 14.33 32 32 32h464c8.84 0 16-7.16 16-16v-16c0-8.84-7.16-16-16-16zm-387.2-48h22.4c6.4 0 12.8-6.4 12.8-12.8v-70.4c0-6.4-6.4-12.8-12.8-12.8h-22.4c-6.4 0-12.8 6.4-12.8 12.8v70.4c0 6.4 6.4 12.8 12.8 12.8z\" class=\"\"><\/path><\/svg><\/i> <img loading=\"lazy\" decoding=\"async\" width=\"16\" height=\"16\" alt=\"Loading\" src=\"https:\/\/temucotelevision.cl\/web\/wp-content\/plugins\/page-views-count\/ajax-loader-2x.gif\" border=0 \/><\/p><div class=\"pvc_clear\"><\/div>\n<p>Detectives de la Brigada de Investigaci\u00f3n Criminal (Bicrim)&nbsp;Villarrica&nbsp;,&nbsp;detuvieron a un hombre -de 49 a\u00f1os, con antecedentes policiales\u2013 por los delitos desecuestro,&nbsp;violaci\u00f3n y lesiones graves, contra su pareja -de 39 a\u00f1os-. El imputado manten\u00eda a la v\u00edctima encerrada&nbsp;y&nbsp;bajo diversos vej\u00e1menes en un domicilio<\/p>\n\n\n\n<p>La&nbsp;jefa&nbsp;de la Bicrim&nbsp;Villarrica,&nbsp;subprefecto Maricel Torres Albornoz, explic\u00f3 que,&nbsp;se trata de una investigaci\u00f3n de corta data, debido a que,&nbsp;al recibir la denuncia, de inmediato se aboc\u00f3 un equipo de&nbsp;detectives&nbsp;destinado&nbsp;a la pronta detenci\u00f3n del sujeto.<\/p>\n\n\n\n<p>\u201cSe logr\u00f3 determinar que en el transcurso de la relaci\u00f3n misma siempre hubo agresiones por parte del imputado&nbsp;hacia esta v\u00edctima, y tambi\u00e9n se logr\u00f3 determinar que la hermana de la v\u00edctima que&nbsp;hasta hace poco estuvo hospitalizada en el hospital de Puc\u00f3n, debido a la gravedad de sus lesiones, tambi\u00e9n sufri\u00f3 los mismos hechos de violencia que hoy conocimos en la formalizaci\u00f3n en el tribunal\u201d,&nbsp;indic\u00f3 la oficial de la&nbsp;PDI.<\/p>\n\n\n\n<p>La&nbsp;subprefecta Torres,&nbsp;agreg\u00f3 que,&nbsp;dentro de las diligencias realizadas hay declaraciones de la victima y testigos, registro del inmueble del imputado \u201c d\u00f3nde se incautaron diversas&nbsp;especies y evidencias que coinciden&nbsp;con el relato de la v\u00edctima \u201c.<\/p>\n\n\n\n<p>Por su parte, el fiscal de la causa, Jorge Caldera, indic\u00f3 que&nbsp;\u201cel hecho m\u00e1s grave que es el secuestro con violaci\u00f3n, se habr\u00eda efectuado al interior del mismo inmueble, un inmueble peque\u00f1o que tiene solo&nbsp;una v\u00edade ingreso y&nbsp;salida y con ventanas que est\u00e1n tapiadas, por lo tanto&nbsp;la v\u00edctima no pod\u00eda salir de ah\u00ed durante el tiempo que ella dice&nbsp;haber estado en cautiverio 4 a 7 d\u00edas&nbsp;aproximadamente, y en el contexto de ese cautiverio es que se&nbsp;suscitan&nbsp;todos los hechos que hemos&nbsp;calificado como&nbsp;una&nbsp;verdadera&nbsp;tortura\u201d.<\/p>\n\n\n\n<p>El representante del Ministerio P\u00fablico, adem\u00e1s a\u00f1adi\u00f3 que,&nbsp;a pesar de estar en una etapa inicial de la investigaci\u00f3n, \u201cse vislumbra una pena probable de presidio perpetuo simple a calificado como pena en abstracto\u201d.<\/p>\n\n\n\n<p>El imputado pas\u00f3 hoy -viernes 9 de agosto- a control de\u00a0detenci\u00f3n\u00a0en el Juzgado de Letras y Garant\u00eda de Puc\u00f3n, d\u00f3nde tras la formalizaci\u00f3n de cargos\u00a0se decret\u00f3 la medida cautelar de prisi\u00f3n preventiva,\u00a0y se establecieron\u00a0seis\u00a0meses como plazo de investigaci\u00f3n.<\/p>\n\n\n\n<figure class=\"wp-block-image size-full\"><img loading=\"lazy\" decoding=\"async\" width=\"800\" height=\"455\" src=\"https:\/\/temucotelevision.cl\/web\/wp-content\/uploads\/2024\/08\/Secuestro-Pucon2.jpg\" alt=\"\" class=\"wp-image-51905\" srcset=\"https:\/\/temucotelevision.cl\/web\/wp-content\/uploads\/2024\/08\/Secuestro-Pucon2.jpg 800w, https:\/\/temucotelevision.cl\/web\/wp-content\/uploads\/2024\/08\/Secuestro-Pucon2-768x437.jpg 768w\" sizes=\"auto, (max-width: 800px) 100vw, 800px\" \/><\/figure>\n\n\n\n<figure class=\"wp-block-image size-full\"><img loading=\"lazy\" decoding=\"async\" width=\"800\" height=\"455\" src=\"https:\/\/temucotelevision.cl\/web\/wp-content\/uploads\/2024\/08\/Casa-Pucon3.jpg\" alt=\"\" class=\"wp-image-51907\" srcset=\"https:\/\/temucotelevision.cl\/web\/wp-content\/uploads\/2024\/08\/Casa-Pucon3.jpg 800w, https:\/\/temucotelevision.cl\/web\/wp-content\/uploads\/2024\/08\/Casa-Pucon3-768x437.jpg 768w\" sizes=\"auto, (max-width: 800px) 100vw, 800px\" \/><\/figure>\n","protected":false},"excerpt":{"rendered":"<div class=\"pvc_clear\"><\/div>\n<p id=\"pvc_stats_51895\" class=\"pvc_stats total_only  \" data-element-id=\"51895\" style=\"\"><i class=\"pvc-stats-icon large\" aria-hidden=\"true\"><svg aria-hidden=\"true\" focusable=\"false\" data-prefix=\"far\" data-icon=\"chart-bar\" role=\"img\" xmlns=\"http:\/\/www.w3.org\/2000\/svg\" viewBox=\"0 0 512 512\" class=\"svg-inline--fa fa-chart-bar fa-w-16 fa-2x\"><path fill=\"currentColor\" d=\"M396.8 352h22.4c6.4 0 12.8-6.4 12.8-12.8V108.8c0-6.4-6.4-12.8-12.8-12.8h-22.4c-6.4 0-12.8 6.4-12.8 12.8v230.4c0 6.4 6.4 12.8 12.8 12.8zm-192 0h22.4c6.4 0 12.8-6.4 12.8-12.8V140.8c0-6.4-6.4-12.8-12.8-12.8h-22.4c-6.4 0-12.8 6.4-12.8 12.8v198.4c0 6.4 6.4 12.8 12.8 12.8zm96 0h22.4c6.4 0 12.8-6.4 12.8-12.8V204.8c0-6.4-6.4-12.8-12.8-12.8h-22.4c-6.4 0-12.8 6.4-12.8 12.8v134.4c0 6.4 6.4 12.8 12.8 12.8zM496 400H48V80c0-8.84-7.16-16-16-16H16C7.16 64 0 71.16 0 80v336c0 17.67 14.33 32 32 32h464c8.84 0 16-7.16 16-16v-16c0-8.84-7.16-16-16-16zm-387.2-48h22.4c6.4 0 12.8-6.4 12.8-12.8v-70.4c0-6.4-6.4-12.8-12.8-12.8h-22.4c-6.4 0-12.8 6.4-12.8 12.8v70.4c0 6.4 6.4 12.8 12.8 12.8z\" class=\"\"><\/path><\/svg><\/i> <img loading=\"lazy\" decoding=\"async\" width=\"16\" height=\"16\" alt=\"Loading\" src=\"https:\/\/temucotelevision.cl\/web\/wp-content\/plugins\/page-views-count\/ajax-loader-2x.gif\" border=0 \/><\/p>\n<div class=\"pvc_clear\"><\/div>\n<p>Detectives de la Brigada de Investigaci\u00f3n Criminal (Bicrim)&nbsp;Villarrica&nbsp;,&nbsp;detuvieron a un hombre -de 49 a\u00f1os, con antecedentes policiales\u2013 por los delitos<\/p>\n","protected":false},"author":1,"featured_media":51909,"comment_status":"open","ping_status":"open","sticky":false,"template":"","format":"standard","meta":{"colormag_page_container_layout":"default_layout","colormag_page_sidebar_layout":"default_layout","footnotes":""},"categories":[15,16],"tags":[1111],"class_list":["post-51895","post","type-post","status-publish","format-standard","has-post-thumbnail","hentry","category-la-araucania","category-policial","tag-secuestro"],"a3_pvc":{"activated":true,"total_views":7325,"today_views":0},"_links":{"self":[{"href":"https:\/\/temucotelevision.cl\/web\/wp-json\/wp\/v2\/posts\/51895","targetHints":{"allow":["GET"]}}],"collection":[{"href":"https:\/\/temucotelevision.cl\/web\/wp-json\/wp\/v2\/posts"}],"about":[{"href":"https:\/\/temucotelevision.cl\/web\/wp-json\/wp\/v2\/types\/post"}],"author":[{"embeddable":true,"href":"https:\/\/temucotelevision.cl\/web\/wp-json\/wp\/v2\/users\/1"}],"replies":[{"embeddable":true,"href":"https:\/\/temucotelevision.cl\/web\/wp-json\/wp\/v2\/comments?post=51895"}],"version-history":[{"count":5,"href":"https:\/\/temucotelevision.cl\/web\/wp-json\/wp\/v2\/posts\/51895\/revisions"}],"predecessor-version":[{"id":51910,"href":"https:\/\/temucotelevision.cl\/web\/wp-json\/wp\/v2\/posts\/51895\/revisions\/51910"}],"wp:featuredmedia":[{"embeddable":true,"href":"https:\/\/temucotelevision.cl\/web\/wp-json\/wp\/v2\/media\/51909"}],"wp:attachment":[{"href":"https:\/\/temucotelevision.cl\/web\/wp-json\/wp\/v2\/media?parent=51895"}],"wp:term":[{"taxonomy":"category","embeddable":true,"href":"https:\/\/temucotelevision.cl\/web\/wp-json\/wp\/v2\/categories?post=51895"},{"taxonomy":"post_tag","embeddable":true,"href":"https:\/\/temucotelevision.cl\/web\/wp-json\/wp\/v2\/tags?post=51895"}],"curies":[{"name":"wp","href":"https:\/\/api.w.org\/{rel}","templated":true}]}}