{"id":51883,"date":"2024-08-09T10:29:54","date_gmt":"2024-08-09T13:29:54","guid":{"rendered":"https:\/\/temucotelevision.cl\/web\/?p=51883"},"modified":"2024-08-09T10:29:55","modified_gmt":"2024-08-09T13:29:55","slug":"cuatro-detenidos-en-temuco-por-robo-a-ferreteria-y-cultivo-ilegal-de-cannabis","status":"publish","type":"post","link":"https:\/\/temucotelevision.cl\/web\/2024\/08\/09\/cuatro-detenidos-en-temuco-por-robo-a-ferreteria-y-cultivo-ilegal-de-cannabis\/","title":{"rendered":"Cuatro detenidos en Temuco por robo a ferreter\u00eda y cultivo ilegal de cannabis"},"content":{"rendered":"<div class=\"pvc_clear\"><\/div><p id=\"pvc_stats_51883\" class=\"pvc_stats total_only  \" data-element-id=\"51883\" style=\"\"><i class=\"pvc-stats-icon large\" aria-hidden=\"true\"><svg aria-hidden=\"true\" focusable=\"false\" data-prefix=\"far\" data-icon=\"chart-bar\" role=\"img\" xmlns=\"http:\/\/www.w3.org\/2000\/svg\" viewBox=\"0 0 512 512\" class=\"svg-inline--fa fa-chart-bar fa-w-16 fa-2x\"><path fill=\"currentColor\" d=\"M396.8 352h22.4c6.4 0 12.8-6.4 12.8-12.8V108.8c0-6.4-6.4-12.8-12.8-12.8h-22.4c-6.4 0-12.8 6.4-12.8 12.8v230.4c0 6.4 6.4 12.8 12.8 12.8zm-192 0h22.4c6.4 0 12.8-6.4 12.8-12.8V140.8c0-6.4-6.4-12.8-12.8-12.8h-22.4c-6.4 0-12.8 6.4-12.8 12.8v198.4c0 6.4 6.4 12.8 12.8 12.8zm96 0h22.4c6.4 0 12.8-6.4 12.8-12.8V204.8c0-6.4-6.4-12.8-12.8-12.8h-22.4c-6.4 0-12.8 6.4-12.8 12.8v134.4c0 6.4 6.4 12.8 12.8 12.8zM496 400H48V80c0-8.84-7.16-16-16-16H16C7.16 64 0 71.16 0 80v336c0 17.67 14.33 32 32 32h464c8.84 0 16-7.16 16-16v-16c0-8.84-7.16-16-16-16zm-387.2-48h22.4c6.4 0 12.8-6.4 12.8-12.8v-70.4c0-6.4-6.4-12.8-12.8-12.8h-22.4c-6.4 0-12.8 6.4-12.8 12.8v70.4c0 6.4 6.4 12.8 12.8 12.8z\" class=\"\"><\/path><\/svg><\/i> <img loading=\"lazy\" decoding=\"async\" width=\"16\" height=\"16\" alt=\"Loading\" src=\"https:\/\/temucotelevision.cl\/web\/wp-content\/plugins\/page-views-count\/ajax-loader-2x.gif\" border=0 \/><\/p><div class=\"pvc_clear\"><\/div>\n<p>En un operativo realizado por personal de la Secci\u00f3n de Investigaci\u00f3n Policial (SIP) de la 2da Comisar\u00eda de Temuco, se logr\u00f3 la detenci\u00f3n de cuatro personas involucradas en delitos de receptaci\u00f3n de especies robadas y cultivo ilegal de cannabis. La investigaci\u00f3n se inici\u00f3 tras el robo en la ferreter\u00eda &#8220;El Arado&#8221;, ocurrido el pasado martes 6 de agosto.<\/p>\n\n\n\n<p><strong>Receptaci\u00f3n de Especies Robadas<\/strong><\/p>\n\n\n\n<p>A las 14:30 horas, el personal de la SIP culmin\u00f3 una serie de diligencias investigativas que incluyeron el an\u00e1lisis de la parte policial y la toma de declaraciones. Estos esfuerzos permitieron ubicar las especies sustra\u00eddas en un domicilio ubicado en la calle Serrano N\u00b0735, en la poblaci\u00f3n San Antonio de Temuco. El ingreso al inmueble se realiz\u00f3 de forma voluntaria, lo que permiti\u00f3 la incautaci\u00f3n de las especies robadas y drogas.<\/p>\n\n\n\n<p><strong>Detenci\u00f3n en Inmediaciones del Liceo Pablo Neruda<\/strong><\/p>\n\n\n\n<p>Continuando con las diligencias, el personal de la SIP se dirigi\u00f3 a las inmediaciones del Liceo Pablo Neruda, donde se encontraba otro adolescente vinculado al robo. Al ser sometido a un control de identidad investigativo junto a otro menor de edad, se les incautaron varias armas de aire comprimido, navajas y un rifle de postones.<\/p>\n\n\n\n<p><strong>Especies Incautadas<\/strong><\/p>\n\n\n\n<ul class=\"wp-block-list\">\n<li>08 pistolas de aire comprimido de distintas marcas y modelos.<\/li>\n\n\n\n<li>01 rifle Artemis PCP PR900W calibre 5.5.<\/li>\n\n\n\n<li>08 navajas marca Albainox de distintos modelos.<\/li>\n\n\n\n<li>01 binocular Konus Vivisport.<\/li>\n\n\n\n<li>12 plantas de cannabis con alturas que var\u00edan entre 35 cm y 1,02 metros.<\/li>\n<\/ul>\n\n\n\n<p><strong>Detenidos<\/strong><\/p>\n\n\n\n<ol class=\"wp-block-list\">\n<li><strong>A.B.B.O.<\/strong>, 15 a\u00f1os, chileno, sin antecedentes penales, por receptaci\u00f3n.<\/li>\n\n\n\n<li><strong>T.F.LL.\u00d1.<\/strong>, 15 a\u00f1os, chileno, sin antecedentes penales, por receptaci\u00f3n.<\/li>\n\n\n\n<li><strong>M.C.M.O.<\/strong>, 50 a\u00f1os, chilena, sin antecedentes penales, por receptaci\u00f3n.<\/li>\n\n\n\n<li><strong>J.E.C.M.<\/strong>, 26 a\u00f1os, chilena, sin antecedentes penales, por cultivo ilegal de cannabis (Ley 20.000).<\/li>\n<\/ol>\n\n\n\n<p>Los cuatro imputados fueron puestos a disposici\u00f3n de la justicia, mientras se contin\u00faan las investigaciones para esclarecer por completo los hechos y determinar la posible participaci\u00f3n de otras personas en los delitos mencionados.<\/p>\n\n\n\n<figure class=\"wp-block-image size-large\"><img loading=\"lazy\" decoding=\"async\" width=\"1000\" height=\"564\" src=\"https:\/\/temucotelevision.cl\/web\/wp-content\/uploads\/2024\/08\/Captura-de-Pantalla-2024-08-09-a-las-09.28.57-1000x564.png\" alt=\"\" class=\"wp-image-51886\" srcset=\"https:\/\/temucotelevision.cl\/web\/wp-content\/uploads\/2024\/08\/Captura-de-Pantalla-2024-08-09-a-las-09.28.57-1000x564.png 1000w, https:\/\/temucotelevision.cl\/web\/wp-content\/uploads\/2024\/08\/Captura-de-Pantalla-2024-08-09-a-las-09.28.57-768x433.png 768w, https:\/\/temucotelevision.cl\/web\/wp-content\/uploads\/2024\/08\/Captura-de-Pantalla-2024-08-09-a-las-09.28.57-1536x866.png 1536w, https:\/\/temucotelevision.cl\/web\/wp-content\/uploads\/2024\/08\/Captura-de-Pantalla-2024-08-09-a-las-09.28.57.png 1660w\" sizes=\"auto, (max-width: 1000px) 100vw, 1000px\" \/><\/figure>\n\n\n\n<figure class=\"wp-block-image size-full\"><img loading=\"lazy\" decoding=\"async\" width=\"932\" height=\"948\" src=\"https:\/\/temucotelevision.cl\/web\/wp-content\/uploads\/2024\/08\/Captura-de-Pantalla-2024-08-09-a-las-09.27.12.png\" alt=\"\" class=\"wp-image-51885\" srcset=\"https:\/\/temucotelevision.cl\/web\/wp-content\/uploads\/2024\/08\/Captura-de-Pantalla-2024-08-09-a-las-09.27.12.png 932w, https:\/\/temucotelevision.cl\/web\/wp-content\/uploads\/2024\/08\/Captura-de-Pantalla-2024-08-09-a-las-09.27.12-768x781.png 768w\" sizes=\"auto, (max-width: 932px) 100vw, 932px\" \/><\/figure>\n","protected":false},"excerpt":{"rendered":"<div class=\"pvc_clear\"><\/div>\n<p id=\"pvc_stats_51883\" class=\"pvc_stats total_only  \" data-element-id=\"51883\" style=\"\"><i class=\"pvc-stats-icon large\" aria-hidden=\"true\"><svg aria-hidden=\"true\" focusable=\"false\" data-prefix=\"far\" data-icon=\"chart-bar\" role=\"img\" xmlns=\"http:\/\/www.w3.org\/2000\/svg\" viewBox=\"0 0 512 512\" class=\"svg-inline--fa fa-chart-bar fa-w-16 fa-2x\"><path fill=\"currentColor\" d=\"M396.8 352h22.4c6.4 0 12.8-6.4 12.8-12.8V108.8c0-6.4-6.4-12.8-12.8-12.8h-22.4c-6.4 0-12.8 6.4-12.8 12.8v230.4c0 6.4 6.4 12.8 12.8 12.8zm-192 0h22.4c6.4 0 12.8-6.4 12.8-12.8V140.8c0-6.4-6.4-12.8-12.8-12.8h-22.4c-6.4 0-12.8 6.4-12.8 12.8v198.4c0 6.4 6.4 12.8 12.8 12.8zm96 0h22.4c6.4 0 12.8-6.4 12.8-12.8V204.8c0-6.4-6.4-12.8-12.8-12.8h-22.4c-6.4 0-12.8 6.4-12.8 12.8v134.4c0 6.4 6.4 12.8 12.8 12.8zM496 400H48V80c0-8.84-7.16-16-16-16H16C7.16 64 0 71.16 0 80v336c0 17.67 14.33 32 32 32h464c8.84 0 16-7.16 16-16v-16c0-8.84-7.16-16-16-16zm-387.2-48h22.4c6.4 0 12.8-6.4 12.8-12.8v-70.4c0-6.4-6.4-12.8-12.8-12.8h-22.4c-6.4 0-12.8 6.4-12.8 12.8v70.4c0 6.4 6.4 12.8 12.8 12.8z\" class=\"\"><\/path><\/svg><\/i> <img loading=\"lazy\" decoding=\"async\" width=\"16\" height=\"16\" alt=\"Loading\" src=\"https:\/\/temucotelevision.cl\/web\/wp-content\/plugins\/page-views-count\/ajax-loader-2x.gif\" border=0 \/><\/p>\n<div class=\"pvc_clear\"><\/div>\n<p>En un operativo realizado por personal de la Secci\u00f3n de Investigaci\u00f3n Policial (SIP) de la 2da Comisar\u00eda de Temuco, se<\/p>\n","protected":false},"author":1,"featured_media":51884,"comment_status":"open","ping_status":"open","sticky":false,"template":"","format":"standard","meta":{"colormag_page_container_layout":"default_layout","colormag_page_sidebar_layout":"default_layout","footnotes":""},"categories":[16],"tags":[138],"class_list":["post-51883","post","type-post","status-publish","format-standard","has-post-thumbnail","hentry","category-policial","tag-robo"],"a3_pvc":{"activated":true,"total_views":3741,"today_views":0},"_links":{"self":[{"href":"https:\/\/temucotelevision.cl\/web\/wp-json\/wp\/v2\/posts\/51883","targetHints":{"allow":["GET"]}}],"collection":[{"href":"https:\/\/temucotelevision.cl\/web\/wp-json\/wp\/v2\/posts"}],"about":[{"href":"https:\/\/temucotelevision.cl\/web\/wp-json\/wp\/v2\/types\/post"}],"author":[{"embeddable":true,"href":"https:\/\/temucotelevision.cl\/web\/wp-json\/wp\/v2\/users\/1"}],"replies":[{"embeddable":true,"href":"https:\/\/temucotelevision.cl\/web\/wp-json\/wp\/v2\/comments?post=51883"}],"version-history":[{"count":1,"href":"https:\/\/temucotelevision.cl\/web\/wp-json\/wp\/v2\/posts\/51883\/revisions"}],"predecessor-version":[{"id":51887,"href":"https:\/\/temucotelevision.cl\/web\/wp-json\/wp\/v2\/posts\/51883\/revisions\/51887"}],"wp:featuredmedia":[{"embeddable":true,"href":"https:\/\/temucotelevision.cl\/web\/wp-json\/wp\/v2\/media\/51884"}],"wp:attachment":[{"href":"https:\/\/temucotelevision.cl\/web\/wp-json\/wp\/v2\/media?parent=51883"}],"wp:term":[{"taxonomy":"category","embeddable":true,"href":"https:\/\/temucotelevision.cl\/web\/wp-json\/wp\/v2\/categories?post=51883"},{"taxonomy":"post_tag","embeddable":true,"href":"https:\/\/temucotelevision.cl\/web\/wp-json\/wp\/v2\/tags?post=51883"}],"curies":[{"name":"wp","href":"https:\/\/api.w.org\/{rel}","templated":true}]}}