{"id":51873,"date":"2024-08-08T23:13:36","date_gmt":"2024-08-09T02:13:36","guid":{"rendered":"https:\/\/temucotelevision.cl\/web\/?p=51873"},"modified":"2024-08-08T23:13:37","modified_gmt":"2024-08-09T02:13:37","slug":"musical-cats-llega-a-temuco-en-medio-de-su-exitosa-gira","status":"publish","type":"post","link":"https:\/\/temucotelevision.cl\/web\/2024\/08\/08\/musical-cats-llega-a-temuco-en-medio-de-su-exitosa-gira\/","title":{"rendered":"Musical \u201cCATS\u201d llega a Temuco en medio de su exitosa gira"},"content":{"rendered":"<div class=\"pvc_clear\"><\/div><p id=\"pvc_stats_51873\" class=\"pvc_stats total_only  \" data-element-id=\"51873\" style=\"\"><i class=\"pvc-stats-icon large\" aria-hidden=\"true\"><svg aria-hidden=\"true\" focusable=\"false\" data-prefix=\"far\" data-icon=\"chart-bar\" role=\"img\" xmlns=\"http:\/\/www.w3.org\/2000\/svg\" viewBox=\"0 0 512 512\" class=\"svg-inline--fa fa-chart-bar fa-w-16 fa-2x\"><path fill=\"currentColor\" d=\"M396.8 352h22.4c6.4 0 12.8-6.4 12.8-12.8V108.8c0-6.4-6.4-12.8-12.8-12.8h-22.4c-6.4 0-12.8 6.4-12.8 12.8v230.4c0 6.4 6.4 12.8 12.8 12.8zm-192 0h22.4c6.4 0 12.8-6.4 12.8-12.8V140.8c0-6.4-6.4-12.8-12.8-12.8h-22.4c-6.4 0-12.8 6.4-12.8 12.8v198.4c0 6.4 6.4 12.8 12.8 12.8zm96 0h22.4c6.4 0 12.8-6.4 12.8-12.8V204.8c0-6.4-6.4-12.8-12.8-12.8h-22.4c-6.4 0-12.8 6.4-12.8 12.8v134.4c0 6.4 6.4 12.8 12.8 12.8zM496 400H48V80c0-8.84-7.16-16-16-16H16C7.16 64 0 71.16 0 80v336c0 17.67 14.33 32 32 32h464c8.84 0 16-7.16 16-16v-16c0-8.84-7.16-16-16-16zm-387.2-48h22.4c6.4 0 12.8-6.4 12.8-12.8v-70.4c0-6.4-6.4-12.8-12.8-12.8h-22.4c-6.4 0-12.8 6.4-12.8 12.8v70.4c0 6.4 6.4 12.8 12.8 12.8z\" class=\"\"><\/path><\/svg><\/i> <img loading=\"lazy\" decoding=\"async\" width=\"16\" height=\"16\" alt=\"Loading\" src=\"https:\/\/temucotelevision.cl\/web\/wp-content\/plugins\/page-views-count\/ajax-loader-2x.gif\" border=0 \/><\/p><div class=\"pvc_clear\"><\/div>\n<p><strong>Luego de su aclamado estreno en Santiago, la obra se presentar\u00e1 en varias ciudades del pa\u00eds.<\/strong><\/p>\n\n\n\n<p><strong>\u201cCATS\u201d, uno de los montajes teatrales m\u00e1s c\u00e9lebres a nivel mundial, lleg\u00f3 a la cartelera del pa\u00eds para deslumbrar al p\u00fablico con una versi\u00f3n esc\u00e9nica de excelencia, completamente in\u00e9dita en las regiones de Chile.&nbsp;<\/strong>Esta producci\u00f3n, que cuenta con un elenco total de 70 personas,&nbsp;<strong>se presentar\u00e1 el 7 de septiembre, a las 19:30 horas, en el Teatro Municipal de Temuco.<\/strong>&nbsp;Entradas disponibles en&nbsp;<strong><a href=\"https:\/\/www.ticketpro.cl\/searchRes?search=CATS+EL+MUSICAL\" target=\"_blank\" rel=\"noreferrer noopener\">Ticketpro<\/a><\/strong>&nbsp;y&nbsp;<a href=\"https:\/\/altoparlante.cl\/evento\/2821\" target=\"_blank\" rel=\"noreferrer noopener\">Altoparlante.cl.<\/a><\/p>\n\n\n\n<p>En esta obra, que destaca por ser una de las m\u00e1s emblem\u00e1ticas de Broadway, la magia y el encanto felino llevan a la audiencia por un viaje que&nbsp;<strong>gira en torno a los gatos Jellicle, con fascinantes y entra\u00f1ables personajes&nbsp;<\/strong>que nos envuelven en sus historias llenas de emociones.<\/p>\n\n\n\n<p>Del mismo modo, este musical que ha conquistado al mundo entero, tiene la especial caracter\u00edstica de ser transversal y apto para que ni\u00f1os, j\u00f3venes y adultos disfruten de la m\u00fasica y el baile de esta pieza que ha dejado una huella imborrable en la historia del teatro.<\/p>\n\n\n\n<p>Desde su debut, el a\u00f1o 1983, ha recibido 7 Premios Tony -galard\u00f3n que reconoce a las obras presentadas en Broadway-, y su versi\u00f3n original se mantuvo en cartelera durante 18 a\u00f1os consecutivos, dando paso a magn\u00edficas adaptaciones en los cinco continentes.<\/p>\n\n\n\n<figure class=\"wp-block-image size-large is-resized\"><img loading=\"lazy\" decoding=\"async\" width=\"800\" height=\"1000\" src=\"https:\/\/temucotelevision.cl\/web\/wp-content\/uploads\/2024\/08\/Cats3-800x1000.jpeg\" alt=\"\" class=\"wp-image-51875\" style=\"width:762px;height:auto\" srcset=\"https:\/\/temucotelevision.cl\/web\/wp-content\/uploads\/2024\/08\/Cats3-800x1000.jpeg 800w, https:\/\/temucotelevision.cl\/web\/wp-content\/uploads\/2024\/08\/Cats3-768x960.jpeg 768w, https:\/\/temucotelevision.cl\/web\/wp-content\/uploads\/2024\/08\/Cats3.jpeg 1082w\" sizes=\"auto, (max-width: 800px) 100vw, 800px\" \/><\/figure>\n\n\n\n<p>En Chile, este musical se estren\u00f3 en Santiago con dos funciones sold out que fueron aclamadas por el virtuosismo de las actuaciones, las melod\u00edas que han marcado al teatro internacional y una puesta en escena de primer nivel.<\/p>\n\n\n\n<p>El elenco art\u00edstico de&nbsp;<strong>\u201cCATS\u201d est\u00e1 compuesto por Carolina Soto, Ang\u00e9lica Le\u00f3n, Piamar\u00eda Silva, Antonia Ascu\u00ed, Montserrat Bernal, Andrea Rodr\u00edguez, Rosario Mu\u00f1oz, Daniel Donoso, Roberto D\u00edaz, Andr\u00e9s S\u00e1ez, Andr\u00e9s Zar\u00e1 y Jean Paul Bauer,&nbsp;<\/strong>adem\u00e1s, cuenta con una orquesta de 11 m\u00fasicos y m\u00e1s de 20 profesionales tras bambalinas, lo que suman los 70 integrantes de la compa\u00f1\u00eda.<\/p>\n\n\n\n<p>La direcci\u00f3n art\u00edstica de&nbsp;<strong>\u201cCATS\u201d&nbsp;<\/strong>est\u00e1 a cargo de Eduardo Yedro, reconocido por su trabajo en producciones como \u201cMamma Mia!\u201d y \u201cBilly Elliot\u201d, mientras que la direcci\u00f3n de orquesta es de Javier Herrera y la producci\u00f3n es de Luis Fierro.<\/p>\n\n\n\n<p><strong>Si deseas saber m\u00e1s del musical sigue a&nbsp;<\/strong><a href=\"https:\/\/trackercl1.fidelizador.com\/L107FAB3EG78605CA3HD7627BJ100D7919F10FK107FAB3E949BEB9359F9433A4A\"><strong>@luisfierromusicales<\/strong><\/a><strong>&nbsp;para enterarte de las novedades y las nuevas funciones.<\/strong><\/p>\n\n\n\n<figure class=\"wp-block-image size-large\"><img loading=\"lazy\" decoding=\"async\" width=\"800\" height=\"1000\" src=\"https:\/\/temucotelevision.cl\/web\/wp-content\/uploads\/2024\/08\/Cats-4-800x1000.jpeg\" alt=\"\" class=\"wp-image-51876\" srcset=\"https:\/\/temucotelevision.cl\/web\/wp-content\/uploads\/2024\/08\/Cats-4-800x1000.jpeg 800w, https:\/\/temucotelevision.cl\/web\/wp-content\/uploads\/2024\/08\/Cats-4-768x960.jpeg 768w, https:\/\/temucotelevision.cl\/web\/wp-content\/uploads\/2024\/08\/Cats-4-1229x1536.jpeg 1229w, https:\/\/temucotelevision.cl\/web\/wp-content\/uploads\/2024\/08\/Cats-4.jpeg 1280w\" sizes=\"auto, (max-width: 800px) 100vw, 800px\" \/><\/figure>\n","protected":false},"excerpt":{"rendered":"<div class=\"pvc_clear\"><\/div>\n<p id=\"pvc_stats_51873\" class=\"pvc_stats total_only  \" data-element-id=\"51873\" style=\"\"><i class=\"pvc-stats-icon large\" aria-hidden=\"true\"><svg aria-hidden=\"true\" focusable=\"false\" data-prefix=\"far\" data-icon=\"chart-bar\" role=\"img\" xmlns=\"http:\/\/www.w3.org\/2000\/svg\" viewBox=\"0 0 512 512\" class=\"svg-inline--fa fa-chart-bar fa-w-16 fa-2x\"><path fill=\"currentColor\" d=\"M396.8 352h22.4c6.4 0 12.8-6.4 12.8-12.8V108.8c0-6.4-6.4-12.8-12.8-12.8h-22.4c-6.4 0-12.8 6.4-12.8 12.8v230.4c0 6.4 6.4 12.8 12.8 12.8zm-192 0h22.4c6.4 0 12.8-6.4 12.8-12.8V140.8c0-6.4-6.4-12.8-12.8-12.8h-22.4c-6.4 0-12.8 6.4-12.8 12.8v198.4c0 6.4 6.4 12.8 12.8 12.8zm96 0h22.4c6.4 0 12.8-6.4 12.8-12.8V204.8c0-6.4-6.4-12.8-12.8-12.8h-22.4c-6.4 0-12.8 6.4-12.8 12.8v134.4c0 6.4 6.4 12.8 12.8 12.8zM496 400H48V80c0-8.84-7.16-16-16-16H16C7.16 64 0 71.16 0 80v336c0 17.67 14.33 32 32 32h464c8.84 0 16-7.16 16-16v-16c0-8.84-7.16-16-16-16zm-387.2-48h22.4c6.4 0 12.8-6.4 12.8-12.8v-70.4c0-6.4-6.4-12.8-12.8-12.8h-22.4c-6.4 0-12.8 6.4-12.8 12.8v70.4c0 6.4 6.4 12.8 12.8 12.8z\" class=\"\"><\/path><\/svg><\/i> <img loading=\"lazy\" decoding=\"async\" width=\"16\" height=\"16\" alt=\"Loading\" src=\"https:\/\/temucotelevision.cl\/web\/wp-content\/plugins\/page-views-count\/ajax-loader-2x.gif\" border=0 \/><\/p>\n<div class=\"pvc_clear\"><\/div>\n<p>Luego de su aclamado estreno en Santiago, la obra se presentar\u00e1 en varias ciudades del pa\u00eds. \u201cCATS\u201d, uno de los<\/p>\n","protected":false},"author":1,"featured_media":51874,"comment_status":"open","ping_status":"open","sticky":false,"template":"","format":"standard","meta":{"colormag_page_container_layout":"default_layout","colormag_page_sidebar_layout":"default_layout","footnotes":""},"categories":[86],"tags":[7127,581,6791],"class_list":["post-51873","post","type-post","status-publish","format-standard","has-post-thumbnail","hentry","category-panoramas","tag-cats","tag-gira","tag-musical"],"a3_pvc":{"activated":true,"total_views":1140,"today_views":0},"_links":{"self":[{"href":"https:\/\/temucotelevision.cl\/web\/wp-json\/wp\/v2\/posts\/51873","targetHints":{"allow":["GET"]}}],"collection":[{"href":"https:\/\/temucotelevision.cl\/web\/wp-json\/wp\/v2\/posts"}],"about":[{"href":"https:\/\/temucotelevision.cl\/web\/wp-json\/wp\/v2\/types\/post"}],"author":[{"embeddable":true,"href":"https:\/\/temucotelevision.cl\/web\/wp-json\/wp\/v2\/users\/1"}],"replies":[{"embeddable":true,"href":"https:\/\/temucotelevision.cl\/web\/wp-json\/wp\/v2\/comments?post=51873"}],"version-history":[{"count":1,"href":"https:\/\/temucotelevision.cl\/web\/wp-json\/wp\/v2\/posts\/51873\/revisions"}],"predecessor-version":[{"id":51877,"href":"https:\/\/temucotelevision.cl\/web\/wp-json\/wp\/v2\/posts\/51873\/revisions\/51877"}],"wp:featuredmedia":[{"embeddable":true,"href":"https:\/\/temucotelevision.cl\/web\/wp-json\/wp\/v2\/media\/51874"}],"wp:attachment":[{"href":"https:\/\/temucotelevision.cl\/web\/wp-json\/wp\/v2\/media?parent=51873"}],"wp:term":[{"taxonomy":"category","embeddable":true,"href":"https:\/\/temucotelevision.cl\/web\/wp-json\/wp\/v2\/categories?post=51873"},{"taxonomy":"post_tag","embeddable":true,"href":"https:\/\/temucotelevision.cl\/web\/wp-json\/wp\/v2\/tags?post=51873"}],"curies":[{"name":"wp","href":"https:\/\/api.w.org\/{rel}","templated":true}]}}