{"id":51827,"date":"2024-08-07T22:22:50","date_gmt":"2024-08-08T01:22:50","guid":{"rendered":"https:\/\/temucotelevision.cl\/web\/?p=51827"},"modified":"2024-08-07T22:22:51","modified_gmt":"2024-08-08T01:22:51","slug":"la-obra-la-negra-ester-vuelve-a-temuco-este-viernes-9-de-agosto-al-teatro-municipal-camilo-salvo","status":"publish","type":"post","link":"https:\/\/temucotelevision.cl\/web\/2024\/08\/07\/la-obra-la-negra-ester-vuelve-a-temuco-este-viernes-9-de-agosto-al-teatro-municipal-camilo-salvo\/","title":{"rendered":"La obra &#8216;La Negra Ester&#8217; vuelve a Temuco este viernes 9 de agosto al Teatro Municipal Camilo Salvo"},"content":{"rendered":"<div class=\"pvc_clear\"><\/div><p id=\"pvc_stats_51827\" class=\"pvc_stats total_only  \" data-element-id=\"51827\" style=\"\"><i class=\"pvc-stats-icon large\" aria-hidden=\"true\"><svg aria-hidden=\"true\" focusable=\"false\" data-prefix=\"far\" data-icon=\"chart-bar\" role=\"img\" xmlns=\"http:\/\/www.w3.org\/2000\/svg\" viewBox=\"0 0 512 512\" class=\"svg-inline--fa fa-chart-bar fa-w-16 fa-2x\"><path fill=\"currentColor\" d=\"M396.8 352h22.4c6.4 0 12.8-6.4 12.8-12.8V108.8c0-6.4-6.4-12.8-12.8-12.8h-22.4c-6.4 0-12.8 6.4-12.8 12.8v230.4c0 6.4 6.4 12.8 12.8 12.8zm-192 0h22.4c6.4 0 12.8-6.4 12.8-12.8V140.8c0-6.4-6.4-12.8-12.8-12.8h-22.4c-6.4 0-12.8 6.4-12.8 12.8v198.4c0 6.4 6.4 12.8 12.8 12.8zm96 0h22.4c6.4 0 12.8-6.4 12.8-12.8V204.8c0-6.4-6.4-12.8-12.8-12.8h-22.4c-6.4 0-12.8 6.4-12.8 12.8v134.4c0 6.4 6.4 12.8 12.8 12.8zM496 400H48V80c0-8.84-7.16-16-16-16H16C7.16 64 0 71.16 0 80v336c0 17.67 14.33 32 32 32h464c8.84 0 16-7.16 16-16v-16c0-8.84-7.16-16-16-16zm-387.2-48h22.4c6.4 0 12.8-6.4 12.8-12.8v-70.4c0-6.4-6.4-12.8-12.8-12.8h-22.4c-6.4 0-12.8 6.4-12.8 12.8v70.4c0 6.4 6.4 12.8 12.8 12.8z\" class=\"\"><\/path><\/svg><\/i> <img loading=\"lazy\" decoding=\"async\" width=\"16\" height=\"16\" alt=\"Loading\" src=\"https:\/\/temucotelevision.cl\/web\/wp-content\/plugins\/page-views-count\/ajax-loader-2x.gif\" border=0 \/><\/p><div class=\"pvc_clear\"><\/div>\n<p><em>La obra maestra del teatro chileno, &#8216;La Negra Ester&#8217;, se presentar\u00e1 en una \u00fanica funci\u00f3n este viernes 9 de agosto a las 20:00 horas en el Teatro Municipal de Temuco. Las entradas ya est\u00e1n a la venta en&nbsp;<a href=\"http:\/\/www.corporaciontemuco.cl\/\" target=\"_blank\" rel=\"noreferrer noopener\">www.corporaciontemuco.cl<\/a>.&nbsp;<\/em><\/p>\n\n\n\n<p>Esta ic\u00f3nica producci\u00f3n de la compa\u00f1\u00eda Gran Circo Teatro, basada en las d\u00e9cimas autobiogr\u00e1ficas de Roberto Parra, narra el apasionante romance entre el guitarrero Roberto y la prostituta Ester, ambientada en el puerto de San Antonio en la d\u00e9cada de los 40. Bajo la direcci\u00f3n del legendario Andr\u00e9s P\u00e9rez, &#8216;La Negra Ester&#8217; ha recorrido los principales escenarios de Chile y el mundo durante los \u00faltimos 35 a\u00f1os, consolid\u00e1ndose como una leyenda del teatro nacional.<\/p>\n\n\n\n<p>La direcci\u00f3n art\u00edstica de esta versi\u00f3n est\u00e1 a cargo de Rosa Ram\u00edrez, quien originalmente interpret\u00f3 a la m\u00edtica Negra Ester. En esta ocasi\u00f3n, los roles protag\u00f3nicos estar\u00e1n a cargo de Micaela Sandoval y Tito Cancino, quienes reviven esta historia de amor y desamor que ha cautivado a generaciones.<\/p>\n\n\n\n<p>La m\u00fasica en vivo, compuesta por Cuti Aste y \u00c1lvaro Henr\u00edquez, ser\u00e1 interpretada por la reconocida banda \u2018La Regia Orquesta\u2019, integrada por los talentosos m\u00fasicos Nicol\u00e1s Viveros Barrera, Enrique Neira Valenzuela, Franco Toro Contreras y Fernando Romero P\u00e9rez.<\/p>\n\n\n\n<p>&#8216;La Negra Ester&#8217; no solo es un pilar del teatro chileno, sino tambi\u00e9n un reflejo de la cultura popular, rescatando los versos de Roberto Parra que, a principios de los 80, estaban pr\u00e1cticamente olvidados. La compa\u00f1\u00eda Gran Circo Teatro, bajo la direcci\u00f3n de Andr\u00e9s P\u00e9rez, rescat\u00f3 y adapt\u00f3 estos textos, otorg\u00e1ndole el reconocimiento que merec\u00eda y que hoy en d\u00eda es parte fundamental del legado cultural de Chile.<\/p>\n\n\n\n<p>Micaela Sandoval, protagonista de la obra, extiende una invitaci\u00f3n especial: \u201cQuiero invitarlos a que nos acompa\u00f1en a completar esta fiesta que es el teatro. Ustedes van a ser nuestros c\u00f3mplices durante estas tres horas en las cuales vamos a viajar a los a\u00f1os 40, vamos a viajar al puerto de San Antonio a revivir una historia que ya tiene m\u00e1s de 35 a\u00f1os ininterrumpidos en cartelera, lo cual nos tiene muy orgullosos, muy contentos y con muchas ganas de celebrar despu\u00e9s de tanto tiempo en Temuco, precisamente en el Teatro Municipal\u201d, indic\u00f3.<\/p>\n\n\n\n<p>La \u00faltima vez que esta emblem\u00e1tica obra se present\u00f3 en el Teatro Municipal de Temuco fue en 2018, y su esperado regreso promete ser un acontecimiento cultural de gran relevancia en la regi\u00f3n. No te pierdas la oportunidad de ser parte de este evento imperdible del teatro nacional. Asegura tu lugar adquiriendo tus entradas en&nbsp;<a href=\"http:\/\/www.corporaciontemuco.cl\/\" target=\"_blank\" rel=\"noreferrer noopener\">www.corporaciontemuco.cl<\/a><\/p>\n\n\n\n<p><strong>Rosa Ram\u00edrez dar\u00e1 una charla el mismo d\u00eda<\/strong><\/p>\n\n\n\n<p>El viernes 9 de agosto, a las 10:00 horas de la ma\u00f1ana, el Teatro Municipal de Temuco ser\u00e1 el escenario de una charla especial dirigida por Rosa Ram\u00edrez, responsable art\u00edstica de la ic\u00f3nica obra &#8216;La Negra Ester&#8217;. Esta actividad ofrecer\u00e1 una visi\u00f3n profunda sobre los detalles que han convertido a la obra en un referente del teatro chileno.<\/p>\n\n\n\n<p>La charla est\u00e1 dirigida a estudiantes de teatro, actores, actrices, dramaturgos y al p\u00fablico en general interesado en conocer m\u00e1s sobre el proceso creativo y la puesta en escena de esta pieza hist\u00f3rica. Los cupos son limitados, por lo que se recomienda asegurar el lugar con anticipaci\u00f3n enviando un mail a&nbsp;<a href=\"mailto:teatromunicipal@temuco.cl\" target=\"_blank\" rel=\"noreferrer noopener\">teatromunicipal@temuco.cl<\/a>&nbsp;para no perderse la oportunidad de aprender de una de las grandes figuras del teatro nacional.<\/p>\n\n\n\n<iframe loading=\"lazy\" width=\"560\" height=\"315\" src=\"https:\/\/www.youtube.com\/embed\/E0IC0mydfOk?si=3xXrdxOr56uhykJ_\" title=\"YouTube video player\" frameborder=\"0\" allow=\"accelerometer; autoplay; clipboard-write; encrypted-media; gyroscope; picture-in-picture; web-share\" referrerpolicy=\"strict-origin-when-cross-origin\" allowfullscreen><\/iframe>\n","protected":false},"excerpt":{"rendered":"<div class=\"pvc_clear\"><\/div>\n<p id=\"pvc_stats_51827\" class=\"pvc_stats total_only  \" data-element-id=\"51827\" style=\"\"><i class=\"pvc-stats-icon large\" aria-hidden=\"true\"><svg aria-hidden=\"true\" focusable=\"false\" data-prefix=\"far\" data-icon=\"chart-bar\" role=\"img\" xmlns=\"http:\/\/www.w3.org\/2000\/svg\" viewBox=\"0 0 512 512\" class=\"svg-inline--fa fa-chart-bar fa-w-16 fa-2x\"><path fill=\"currentColor\" d=\"M396.8 352h22.4c6.4 0 12.8-6.4 12.8-12.8V108.8c0-6.4-6.4-12.8-12.8-12.8h-22.4c-6.4 0-12.8 6.4-12.8 12.8v230.4c0 6.4 6.4 12.8 12.8 12.8zm-192 0h22.4c6.4 0 12.8-6.4 12.8-12.8V140.8c0-6.4-6.4-12.8-12.8-12.8h-22.4c-6.4 0-12.8 6.4-12.8 12.8v198.4c0 6.4 6.4 12.8 12.8 12.8zm96 0h22.4c6.4 0 12.8-6.4 12.8-12.8V204.8c0-6.4-6.4-12.8-12.8-12.8h-22.4c-6.4 0-12.8 6.4-12.8 12.8v134.4c0 6.4 6.4 12.8 12.8 12.8zM496 400H48V80c0-8.84-7.16-16-16-16H16C7.16 64 0 71.16 0 80v336c0 17.67 14.33 32 32 32h464c8.84 0 16-7.16 16-16v-16c0-8.84-7.16-16-16-16zm-387.2-48h22.4c6.4 0 12.8-6.4 12.8-12.8v-70.4c0-6.4-6.4-12.8-12.8-12.8h-22.4c-6.4 0-12.8 6.4-12.8 12.8v70.4c0 6.4 6.4 12.8 12.8 12.8z\" class=\"\"><\/path><\/svg><\/i> <img loading=\"lazy\" decoding=\"async\" width=\"16\" height=\"16\" alt=\"Loading\" src=\"https:\/\/temucotelevision.cl\/web\/wp-content\/plugins\/page-views-count\/ajax-loader-2x.gif\" border=0 \/><\/p>\n<div class=\"pvc_clear\"><\/div>\n<p>La obra maestra del teatro chileno, &#8216;La Negra Ester&#8217;, se presentar\u00e1 en una \u00fanica funci\u00f3n este viernes 9 de agosto<\/p>\n","protected":false},"author":1,"featured_media":51828,"comment_status":"open","ping_status":"open","sticky":false,"template":"","format":"standard","meta":{"colormag_page_container_layout":"default_layout","colormag_page_sidebar_layout":"default_layout","footnotes":""},"categories":[86],"tags":[925],"class_list":["post-51827","post","type-post","status-publish","format-standard","has-post-thumbnail","hentry","category-panoramas","tag-obra"],"a3_pvc":{"activated":true,"total_views":824,"today_views":0},"_links":{"self":[{"href":"https:\/\/temucotelevision.cl\/web\/wp-json\/wp\/v2\/posts\/51827","targetHints":{"allow":["GET"]}}],"collection":[{"href":"https:\/\/temucotelevision.cl\/web\/wp-json\/wp\/v2\/posts"}],"about":[{"href":"https:\/\/temucotelevision.cl\/web\/wp-json\/wp\/v2\/types\/post"}],"author":[{"embeddable":true,"href":"https:\/\/temucotelevision.cl\/web\/wp-json\/wp\/v2\/users\/1"}],"replies":[{"embeddable":true,"href":"https:\/\/temucotelevision.cl\/web\/wp-json\/wp\/v2\/comments?post=51827"}],"version-history":[{"count":1,"href":"https:\/\/temucotelevision.cl\/web\/wp-json\/wp\/v2\/posts\/51827\/revisions"}],"predecessor-version":[{"id":51829,"href":"https:\/\/temucotelevision.cl\/web\/wp-json\/wp\/v2\/posts\/51827\/revisions\/51829"}],"wp:featuredmedia":[{"embeddable":true,"href":"https:\/\/temucotelevision.cl\/web\/wp-json\/wp\/v2\/media\/51828"}],"wp:attachment":[{"href":"https:\/\/temucotelevision.cl\/web\/wp-json\/wp\/v2\/media?parent=51827"}],"wp:term":[{"taxonomy":"category","embeddable":true,"href":"https:\/\/temucotelevision.cl\/web\/wp-json\/wp\/v2\/categories?post=51827"},{"taxonomy":"post_tag","embeddable":true,"href":"https:\/\/temucotelevision.cl\/web\/wp-json\/wp\/v2\/tags?post=51827"}],"curies":[{"name":"wp","href":"https:\/\/api.w.org\/{rel}","templated":true}]}}