{"id":51824,"date":"2024-08-07T19:02:49","date_gmt":"2024-08-07T22:02:49","guid":{"rendered":"https:\/\/temucotelevision.cl\/web\/?p=51824"},"modified":"2024-08-07T19:02:49","modified_gmt":"2024-08-07T22:02:49","slug":"profesionales-de-seguridad-publica-de-temuco-orientan-a-estudiantes-en-casos-de-crisis-en-salud-mental","status":"publish","type":"post","link":"https:\/\/temucotelevision.cl\/web\/2024\/08\/07\/profesionales-de-seguridad-publica-de-temuco-orientan-a-estudiantes-en-casos-de-crisis-en-salud-mental\/","title":{"rendered":"Profesionales de Seguridad P\u00fablica de Temuco orientan a estudiantes en casos de crisis en salud mental"},"content":{"rendered":"<div class=\"pvc_clear\"><\/div><p id=\"pvc_stats_51824\" class=\"pvc_stats total_only  \" data-element-id=\"51824\" style=\"\"><i class=\"pvc-stats-icon large\" aria-hidden=\"true\"><svg aria-hidden=\"true\" focusable=\"false\" data-prefix=\"far\" data-icon=\"chart-bar\" role=\"img\" xmlns=\"http:\/\/www.w3.org\/2000\/svg\" viewBox=\"0 0 512 512\" class=\"svg-inline--fa fa-chart-bar fa-w-16 fa-2x\"><path fill=\"currentColor\" d=\"M396.8 352h22.4c6.4 0 12.8-6.4 12.8-12.8V108.8c0-6.4-6.4-12.8-12.8-12.8h-22.4c-6.4 0-12.8 6.4-12.8 12.8v230.4c0 6.4 6.4 12.8 12.8 12.8zm-192 0h22.4c6.4 0 12.8-6.4 12.8-12.8V140.8c0-6.4-6.4-12.8-12.8-12.8h-22.4c-6.4 0-12.8 6.4-12.8 12.8v198.4c0 6.4 6.4 12.8 12.8 12.8zm96 0h22.4c6.4 0 12.8-6.4 12.8-12.8V204.8c0-6.4-6.4-12.8-12.8-12.8h-22.4c-6.4 0-12.8 6.4-12.8 12.8v134.4c0 6.4 6.4 12.8 12.8 12.8zM496 400H48V80c0-8.84-7.16-16-16-16H16C7.16 64 0 71.16 0 80v336c0 17.67 14.33 32 32 32h464c8.84 0 16-7.16 16-16v-16c0-8.84-7.16-16-16-16zm-387.2-48h22.4c6.4 0 12.8-6.4 12.8-12.8v-70.4c0-6.4-6.4-12.8-12.8-12.8h-22.4c-6.4 0-12.8 6.4-12.8 12.8v70.4c0 6.4 6.4 12.8 12.8 12.8z\" class=\"\"><\/path><\/svg><\/i> <img loading=\"lazy\" decoding=\"async\" width=\"16\" height=\"16\" alt=\"Loading\" src=\"https:\/\/temucotelevision.cl\/web\/wp-content\/plugins\/page-views-count\/ajax-loader-2x.gif\" border=0 \/><\/p><div class=\"pvc_clear\"><\/div>\n<p>La instancia relevante para el aprendizaje en esta materia, reuni\u00f3 a estudiantes de casi una decena de establecimientos educacionales de la capital regional.<\/p>\n\n\n\n<p>En el Centro Comunitario de Pedro de Valdivia en Temuco, se llev\u00f3 a cabo una Jornada de \u201cL\u00edderes y lideresas en salud mental\u201d con el objetivo de entregar orientaciones e informaci\u00f3n a los estudiantes y generar protocolos de acci\u00f3n en las comunidades educativas frente a posibles episodios de crisis emocionales y mentales que puedan alterar el bienestar psicosocial de adolescentes y j\u00f3venes.<\/p>\n\n\n\n<p>La jornada materializada el 19 de julio pasado, naci\u00f3 de la inquietud de los propios adolescentes y j\u00f3venes que encabezan los diferentes centros de alumnos junto a los encargados de convivencia escolar de los ocho establecimientos educacionales que conforman la Mesa de Infancia y Juventud del macrosector de Pedro de Valdivia.<\/p>\n\n\n\n<p>En la actividad organizada por el programa SENDA Previene Temuco del departamento de Programas de la direcci\u00f3n de Seguridad P\u00fablica de la municipalidad de Temuco y la Mesa de Infancia y Juventud de Pedro de Valdivia, participaron los dirigentes estudiantiles de los centros de alumnos y sus encargados de convivencia de la escuela Pedro de Valdivia, escuela Villa Alegre, colegio Las Am\u00e9ricas, colegio de Aplicaci\u00f3n, liceo Carlos Condell de la Haza y escuela Campus Deportivo de Pedro de Valdivia como tambi\u00e9n la escuela El Trencito y la escuela Cristiana Wenceslao Valdivia del sector San Antonio.<\/p>\n\n\n\n<p>Los temas abordados por los\/as expositores en esta jornada fueron \u201cPrimeros auxilios psicol\u00f3gicos en situaciones de crisis\u201d, a cargo del psic\u00f3logo del CESFAM Villa Alegre, Farid Riadi, \u201cManejo Emocional y del estr\u00e9s asociados a la depresi\u00f3n y ansiedad\u201d, que estuvo a cargo de la psic\u00f3loga del CESFAM Pedro de Valdivia, \u00c1ngela Zuconne y \u201cSobrecarga acad\u00e9mica, t\u00e9cnicas para el manejo de estr\u00e9s\u201d a cargo de la gestora territorial del CECOFS El Salar, Daniela Medel.<\/p>\n\n\n\n<p>\u201cQueremos destacar y agradecer el compromiso que estudiantes, docentes y encargados de convivencia escolar de estos establecimientos educacionales han demostrado tanto con la Mesa de Infancia y Juventud como con el abordaje de la salud mental en las comunidades escolares. Esperamos seguir trabajando en conjunto, en apoyo a nuestro ni\u00f1os, ni\u00f1as, adolescente y juventud del macrosector de Pedro de Valdivia, en fomentar una mejor calidad de vida en Temuco\u201d, se\u00f1al\u00f3 Israel Campusano.<\/p>\n","protected":false},"excerpt":{"rendered":"<div class=\"pvc_clear\"><\/div>\n<p id=\"pvc_stats_51824\" class=\"pvc_stats total_only  \" data-element-id=\"51824\" style=\"\"><i class=\"pvc-stats-icon large\" aria-hidden=\"true\"><svg aria-hidden=\"true\" focusable=\"false\" data-prefix=\"far\" data-icon=\"chart-bar\" role=\"img\" xmlns=\"http:\/\/www.w3.org\/2000\/svg\" viewBox=\"0 0 512 512\" class=\"svg-inline--fa fa-chart-bar fa-w-16 fa-2x\"><path fill=\"currentColor\" d=\"M396.8 352h22.4c6.4 0 12.8-6.4 12.8-12.8V108.8c0-6.4-6.4-12.8-12.8-12.8h-22.4c-6.4 0-12.8 6.4-12.8 12.8v230.4c0 6.4 6.4 12.8 12.8 12.8zm-192 0h22.4c6.4 0 12.8-6.4 12.8-12.8V140.8c0-6.4-6.4-12.8-12.8-12.8h-22.4c-6.4 0-12.8 6.4-12.8 12.8v198.4c0 6.4 6.4 12.8 12.8 12.8zm96 0h22.4c6.4 0 12.8-6.4 12.8-12.8V204.8c0-6.4-6.4-12.8-12.8-12.8h-22.4c-6.4 0-12.8 6.4-12.8 12.8v134.4c0 6.4 6.4 12.8 12.8 12.8zM496 400H48V80c0-8.84-7.16-16-16-16H16C7.16 64 0 71.16 0 80v336c0 17.67 14.33 32 32 32h464c8.84 0 16-7.16 16-16v-16c0-8.84-7.16-16-16-16zm-387.2-48h22.4c6.4 0 12.8-6.4 12.8-12.8v-70.4c0-6.4-6.4-12.8-12.8-12.8h-22.4c-6.4 0-12.8 6.4-12.8 12.8v70.4c0 6.4 6.4 12.8 12.8 12.8z\" class=\"\"><\/path><\/svg><\/i> <img loading=\"lazy\" decoding=\"async\" width=\"16\" height=\"16\" alt=\"Loading\" src=\"https:\/\/temucotelevision.cl\/web\/wp-content\/plugins\/page-views-count\/ajax-loader-2x.gif\" border=0 \/><\/p>\n<div class=\"pvc_clear\"><\/div>\n<p>La instancia relevante para el aprendizaje en esta materia, reuni\u00f3 a estudiantes de casi una decena de establecimientos educacionales de<\/p>\n","protected":false},"author":1,"featured_media":51825,"comment_status":"open","ping_status":"open","sticky":false,"template":"","format":"standard","meta":{"colormag_page_container_layout":"default_layout","colormag_page_sidebar_layout":"default_layout","footnotes":""},"categories":[14],"tags":[150],"class_list":["post-51824","post","type-post","status-publish","format-standard","has-post-thumbnail","hentry","category-temuco","tag-estudiantes"],"a3_pvc":{"activated":true,"total_views":807,"today_views":0},"_links":{"self":[{"href":"https:\/\/temucotelevision.cl\/web\/wp-json\/wp\/v2\/posts\/51824","targetHints":{"allow":["GET"]}}],"collection":[{"href":"https:\/\/temucotelevision.cl\/web\/wp-json\/wp\/v2\/posts"}],"about":[{"href":"https:\/\/temucotelevision.cl\/web\/wp-json\/wp\/v2\/types\/post"}],"author":[{"embeddable":true,"href":"https:\/\/temucotelevision.cl\/web\/wp-json\/wp\/v2\/users\/1"}],"replies":[{"embeddable":true,"href":"https:\/\/temucotelevision.cl\/web\/wp-json\/wp\/v2\/comments?post=51824"}],"version-history":[{"count":1,"href":"https:\/\/temucotelevision.cl\/web\/wp-json\/wp\/v2\/posts\/51824\/revisions"}],"predecessor-version":[{"id":51826,"href":"https:\/\/temucotelevision.cl\/web\/wp-json\/wp\/v2\/posts\/51824\/revisions\/51826"}],"wp:featuredmedia":[{"embeddable":true,"href":"https:\/\/temucotelevision.cl\/web\/wp-json\/wp\/v2\/media\/51825"}],"wp:attachment":[{"href":"https:\/\/temucotelevision.cl\/web\/wp-json\/wp\/v2\/media?parent=51824"}],"wp:term":[{"taxonomy":"category","embeddable":true,"href":"https:\/\/temucotelevision.cl\/web\/wp-json\/wp\/v2\/categories?post=51824"},{"taxonomy":"post_tag","embeddable":true,"href":"https:\/\/temucotelevision.cl\/web\/wp-json\/wp\/v2\/tags?post=51824"}],"curies":[{"name":"wp","href":"https:\/\/api.w.org\/{rel}","templated":true}]}}