{"id":51812,"date":"2024-08-07T18:32:00","date_gmt":"2024-08-07T21:32:00","guid":{"rendered":"https:\/\/temucotelevision.cl\/web\/?p=51812"},"modified":"2024-08-07T18:37:53","modified_gmt":"2024-08-07T21:37:53","slug":"shawn-klush-vuelve-a-chile-para-retomar-gira-con","status":"publish","type":"post","link":"https:\/\/temucotelevision.cl\/web\/2024\/08\/07\/shawn-klush-vuelve-a-chile-para-retomar-gira-con\/","title":{"rendered":"Shawn Klush vuelve a Chile para retomar gira con su tributo definitivo a Elvis Presley"},"content":{"rendered":"<div class=\"pvc_clear\"><\/div><p id=\"pvc_stats_51812\" class=\"pvc_stats total_only  \" data-element-id=\"51812\" style=\"\"><i class=\"pvc-stats-icon large\" aria-hidden=\"true\"><svg aria-hidden=\"true\" focusable=\"false\" data-prefix=\"far\" data-icon=\"chart-bar\" role=\"img\" xmlns=\"http:\/\/www.w3.org\/2000\/svg\" viewBox=\"0 0 512 512\" class=\"svg-inline--fa fa-chart-bar fa-w-16 fa-2x\"><path fill=\"currentColor\" d=\"M396.8 352h22.4c6.4 0 12.8-6.4 12.8-12.8V108.8c0-6.4-6.4-12.8-12.8-12.8h-22.4c-6.4 0-12.8 6.4-12.8 12.8v230.4c0 6.4 6.4 12.8 12.8 12.8zm-192 0h22.4c6.4 0 12.8-6.4 12.8-12.8V140.8c0-6.4-6.4-12.8-12.8-12.8h-22.4c-6.4 0-12.8 6.4-12.8 12.8v198.4c0 6.4 6.4 12.8 12.8 12.8zm96 0h22.4c6.4 0 12.8-6.4 12.8-12.8V204.8c0-6.4-6.4-12.8-12.8-12.8h-22.4c-6.4 0-12.8 6.4-12.8 12.8v134.4c0 6.4 6.4 12.8 12.8 12.8zM496 400H48V80c0-8.84-7.16-16-16-16H16C7.16 64 0 71.16 0 80v336c0 17.67 14.33 32 32 32h464c8.84 0 16-7.16 16-16v-16c0-8.84-7.16-16-16-16zm-387.2-48h22.4c6.4 0 12.8-6.4 12.8-12.8v-70.4c0-6.4-6.4-12.8-12.8-12.8h-22.4c-6.4 0-12.8 6.4-12.8 12.8v70.4c0 6.4 6.4 12.8 12.8 12.8z\" class=\"\"><\/path><\/svg><\/i> <img loading=\"lazy\" decoding=\"async\" width=\"16\" height=\"16\" alt=\"Loading\" src=\"https:\/\/temucotelevision.cl\/web\/wp-content\/plugins\/page-views-count\/ajax-loader-2x.gif\" border=0 \/><\/p><div class=\"pvc_clear\"><\/div>\n<p><strong>El m\u00e1s importante artista tributo al Rey de Rock and Roll, presentar\u00e1 junto a su invitado Moses Snow, su extraordinario show premiado en Estados Unidos, Canad\u00e1, Australia e Inglaterra.<\/strong><\/p>\n\n\n\n<p><strong>El cantante y actor estadounidense, Shawn Klush, reconocido por Elvis Presley Enterprises como el \u2018Primer Artista definitivo en tributo a Elvis\u2019 retomar\u00e1 en noviembre la gira que debi\u00f3 postergar en abril pasado, debido al fallecimiento de su esposa.<\/strong>\u00a0De esta forma, el tour\u00a0<strong>The Ultimate Elvis Experience<\/strong>, se llevar\u00e1 a cabo con la siguiente programaci\u00f3n: 14 de noviembre en Dreams Puerto Varas, 15 de noviembre en Dreams Valdivia, 16 de noviembre Dreams Temuco y el 23 de noviembre en Gran Arena Monticello, con el show\u00a0<strong>diferente, especialmente programado para esta oportunidad: Una noche en Las Vegas con Elvis<\/strong>. Adem\u00e1s, debido al creciente inter\u00e9s del p\u00fablico, se sumar\u00e1 una fecha en Concepci\u00f3n y en otras ciudades, que muy pronto ser\u00e1n anunciadas.<\/p>\n\n\n\n<div class=\"wp-block-media-text is-stacked-on-mobile\" style=\"grid-template-columns:36% auto\"><figure class=\"wp-block-media-text__media\"><img loading=\"lazy\" decoding=\"async\" width=\"668\" height=\"1000\" src=\"https:\/\/temucotelevision.cl\/web\/wp-content\/uploads\/2024\/08\/Elvos2-668x1000.jpeg\" alt=\"\" class=\"wp-image-51814 size-full\" srcset=\"https:\/\/temucotelevision.cl\/web\/wp-content\/uploads\/2024\/08\/Elvos2-668x1000.jpeg 668w, https:\/\/temucotelevision.cl\/web\/wp-content\/uploads\/2024\/08\/Elvos2-768x1150.jpeg 768w, https:\/\/temucotelevision.cl\/web\/wp-content\/uploads\/2024\/08\/Elvos2-1025x1536.jpeg 1025w, https:\/\/temucotelevision.cl\/web\/wp-content\/uploads\/2024\/08\/Elvos2-1367x2048.jpeg 1367w, https:\/\/temucotelevision.cl\/web\/wp-content\/uploads\/2024\/08\/Elvos2-scaled.jpeg 1709w\" sizes=\"auto, (max-width: 668px) 100vw, 668px\" \/><\/figure><div class=\"wp-block-media-text__content\">\n<p>En este imperdible espect\u00e1culo,\u00a0<strong>Klushestar\u00e1 acompa\u00f1ado por el tambi\u00e9n artista estadounidense tributo a Elvis, Moses Snow,<\/strong>\u00a0cuyo trabajo recuerda fielmente a los primeros a\u00f1os de carrera del \u00eddolo de Memphis. Este artista invitado, fue ovacionado por los fans, en los show de Punta Arenas y Movistar Arena, el pasado mes de Abril.\u00a0Durante estos conciertos premiados en<strong>Estados Unidos, Canad\u00e1,\u00a0<\/strong>\u00a0Australia e Inglaterra, ambos artistas en escena, realizar\u00e1n un recorrido completo por todas las canciones y etapas evolutivas de una de las m\u00e1s grandes estrellas de la m\u00fasica de todos los tiempos.<\/p>\n\n\n\n<p><\/p>\n\n\n\n<p><\/p>\n\n\n\n<p><\/p>\n\n\n\n<p><\/p>\n\n\n\n<p><\/p>\n<\/div><\/div>\n\n\n\n<p>Por su parte, el p\u00fablico vivir\u00e1 un emocionante viaje en honor a la vida y las canciones de Elvis Presley, el que fue especialmente creado para revivir la magia y la magnificencia del artista, con una puesta en escena de primer nivel, m\u00fasicos en vivo, coros y un despliegue art\u00edstico que incluye un deslumbrante vestuario y las caracter\u00edsticas f\u00edsicas y gestos id\u00e9nticos que hicieron famoso al Rey del Rock and Roll.\u00a0<strong>Shawn Klush<\/strong>, es un reconocido cantante, actor, animador y el m\u00e1s importante tributo a Elvis Presley, que ha desarrollado una intensa y premiada trayectoria a nivel internacional. En los escenarios, el artista ofreci\u00f3 por a\u00f1os un show tributo en Las Vegas, acompa\u00f1ado de los propios m\u00fasicos y amigos de Elvis, el que posteriormente mostr\u00f3 en los escenarios m\u00e1s c\u00e9lebres del mundo. <br><br>\u00a0Asimismo, en estos a\u00f1os de carrera,\u00a0<strong>Klush ha lanzado cinco CD\u00b4s y personific\u00f3 a Elvis Presley en las exitosas series de televisi\u00f3n\u00a0<\/strong>\u201cShake, Rattle and Roll\u201d de CBS y VH1 y \u201cVinyl\u201d de HBO (creada por Mick Jagger y dirigida por Martin Scorsese), en actuaciones que corroboran que su figura es lo m\u00e1s cercano a la estrella de Memphis.\u00a0No te quedes fuera de uno de los espect\u00e1culos m\u00e1s ic\u00f3nicos de la escena internacional y disfruta como nunca antes con las canciones que han marcado a varias generaciones de fan\u00e1ticos, interpretadas por los mejores y m\u00e1s premiados artistas tributo a Elvis Presley.\u00a0<br><br><strong>Cabe destacar que las entradas ya adquiridas para las ciudades de Puerto Varas, Valdivia y Temuco, ser\u00e1n totalmente v\u00e1lidas para las nuevas fechas de la gira.<\/strong>\u00a0\u00a0<strong>Fechas confirmadas para la gira THE ULTIMATE ELVIS EXPERIENCE:<\/strong>\u00a0&#8211; Jueves 14 de noviembre \/ Dreams Puerto Varas \/<a href=\"https:\/\/trackercl1.fidelizador.com\/L107FAB3EG78F94E7FHD7627BJ100DC518EF03K107FAB3E949B728185F2483141\" target=\"_blank\" rel=\"noreferrer noopener\">\u00a0Ticketpro.cl<\/a>\u00a0&#8211; Viernes 15 de noviembre \/ Dreams Valdivia \/<a href=\"https:\/\/trackercl1.fidelizador.com\/L107FAB3EG78F94E7FHD7627BJ100DC518EF06K107FAB3E949B728185F2483141\" target=\"_blank\" rel=\"noreferrer noopener\">\u00a0Ticketpro.cl<\/a>\u00a0&#8211; S\u00e1bado 16 de noviembre \/ Dreams Temuco \/<a href=\"https:\/\/trackercl1.fidelizador.com\/L107FAB3EG78F94E7FHD7627BJ100DC518EA1DK107FAB3E949B728185F2483141\" target=\"_blank\" rel=\"noreferrer noopener\">\u00a0Ticketpro.cl<\/a>\u00a0&#8211; S\u00e1bado 23 de Noviembre \/ Gran Arena Monticello\u00a0<a href=\"https:\/\/trackercl1.fidelizador.com\/L107FAB3EG78F94E7FHD7627BJ100DC518EAE3K107FAB3E949B728185F2483141\" target=\"_blank\" rel=\"noreferrer noopener\">\/ Topticket.cl<\/a><\/p>\n\n\n\n<p class=\"has-text-align-center\"><img decoding=\"async\" width=\"600\" height=\"auto\" src=\"https:\/\/staticcl1.fidelizador.com\/voorus\/elvis%20nueva.png\"><\/p>\n","protected":false},"excerpt":{"rendered":"<div class=\"pvc_clear\"><\/div>\n<p id=\"pvc_stats_51812\" class=\"pvc_stats total_only  \" data-element-id=\"51812\" style=\"\"><i class=\"pvc-stats-icon large\" aria-hidden=\"true\"><svg aria-hidden=\"true\" focusable=\"false\" data-prefix=\"far\" data-icon=\"chart-bar\" role=\"img\" xmlns=\"http:\/\/www.w3.org\/2000\/svg\" viewBox=\"0 0 512 512\" class=\"svg-inline--fa fa-chart-bar fa-w-16 fa-2x\"><path fill=\"currentColor\" d=\"M396.8 352h22.4c6.4 0 12.8-6.4 12.8-12.8V108.8c0-6.4-6.4-12.8-12.8-12.8h-22.4c-6.4 0-12.8 6.4-12.8 12.8v230.4c0 6.4 6.4 12.8 12.8 12.8zm-192 0h22.4c6.4 0 12.8-6.4 12.8-12.8V140.8c0-6.4-6.4-12.8-12.8-12.8h-22.4c-6.4 0-12.8 6.4-12.8 12.8v198.4c0 6.4 6.4 12.8 12.8 12.8zm96 0h22.4c6.4 0 12.8-6.4 12.8-12.8V204.8c0-6.4-6.4-12.8-12.8-12.8h-22.4c-6.4 0-12.8 6.4-12.8 12.8v134.4c0 6.4 6.4 12.8 12.8 12.8zM496 400H48V80c0-8.84-7.16-16-16-16H16C7.16 64 0 71.16 0 80v336c0 17.67 14.33 32 32 32h464c8.84 0 16-7.16 16-16v-16c0-8.84-7.16-16-16-16zm-387.2-48h22.4c6.4 0 12.8-6.4 12.8-12.8v-70.4c0-6.4-6.4-12.8-12.8-12.8h-22.4c-6.4 0-12.8 6.4-12.8 12.8v70.4c0 6.4 6.4 12.8 12.8 12.8z\" class=\"\"><\/path><\/svg><\/i> <img loading=\"lazy\" decoding=\"async\" width=\"16\" height=\"16\" alt=\"Loading\" src=\"https:\/\/temucotelevision.cl\/web\/wp-content\/plugins\/page-views-count\/ajax-loader-2x.gif\" border=0 \/><\/p>\n<div class=\"pvc_clear\"><\/div>\n<p>El m\u00e1s importante artista tributo al Rey de Rock and Roll, presentar\u00e1 junto a su invitado Moses Snow, su extraordinario<\/p>\n","protected":false},"author":1,"featured_media":51813,"comment_status":"open","ping_status":"open","sticky":false,"template":"","format":"standard","meta":{"colormag_page_container_layout":"default_layout","colormag_page_sidebar_layout":"default_layout","footnotes":""},"categories":[86],"tags":[7126],"class_list":["post-51812","post","type-post","status-publish","format-standard","has-post-thumbnail","hentry","category-panoramas","tag-elvis"],"a3_pvc":{"activated":true,"total_views":1158,"today_views":0},"_links":{"self":[{"href":"https:\/\/temucotelevision.cl\/web\/wp-json\/wp\/v2\/posts\/51812","targetHints":{"allow":["GET"]}}],"collection":[{"href":"https:\/\/temucotelevision.cl\/web\/wp-json\/wp\/v2\/posts"}],"about":[{"href":"https:\/\/temucotelevision.cl\/web\/wp-json\/wp\/v2\/types\/post"}],"author":[{"embeddable":true,"href":"https:\/\/temucotelevision.cl\/web\/wp-json\/wp\/v2\/users\/1"}],"replies":[{"embeddable":true,"href":"https:\/\/temucotelevision.cl\/web\/wp-json\/wp\/v2\/comments?post=51812"}],"version-history":[{"count":4,"href":"https:\/\/temucotelevision.cl\/web\/wp-json\/wp\/v2\/posts\/51812\/revisions"}],"predecessor-version":[{"id":51819,"href":"https:\/\/temucotelevision.cl\/web\/wp-json\/wp\/v2\/posts\/51812\/revisions\/51819"}],"wp:featuredmedia":[{"embeddable":true,"href":"https:\/\/temucotelevision.cl\/web\/wp-json\/wp\/v2\/media\/51813"}],"wp:attachment":[{"href":"https:\/\/temucotelevision.cl\/web\/wp-json\/wp\/v2\/media?parent=51812"}],"wp:term":[{"taxonomy":"category","embeddable":true,"href":"https:\/\/temucotelevision.cl\/web\/wp-json\/wp\/v2\/categories?post=51812"},{"taxonomy":"post_tag","embeddable":true,"href":"https:\/\/temucotelevision.cl\/web\/wp-json\/wp\/v2\/tags?post=51812"}],"curies":[{"name":"wp","href":"https:\/\/api.w.org\/{rel}","templated":true}]}}