{"id":51771,"date":"2024-08-06T13:07:32","date_gmt":"2024-08-06T16:07:32","guid":{"rendered":"https:\/\/temucotelevision.cl\/web\/?p=51771"},"modified":"2024-08-06T13:07:33","modified_gmt":"2024-08-06T16:07:33","slug":"nuevo-proyecto-de-semaforizacion-en-la-interseccion-de-simon-bolivar-y-uruguay","status":"publish","type":"post","link":"https:\/\/temucotelevision.cl\/web\/2024\/08\/06\/nuevo-proyecto-de-semaforizacion-en-la-interseccion-de-simon-bolivar-y-uruguay\/","title":{"rendered":"Nuevo proyecto de semaforizaci\u00f3n en la intersecci\u00f3n de Sim\u00f3n Bol\u00edvar y Uruguay"},"content":{"rendered":"<div class=\"pvc_clear\"><\/div><p id=\"pvc_stats_51771\" class=\"pvc_stats total_only  \" data-element-id=\"51771\" style=\"\"><i class=\"pvc-stats-icon large\" aria-hidden=\"true\"><svg aria-hidden=\"true\" focusable=\"false\" data-prefix=\"far\" data-icon=\"chart-bar\" role=\"img\" xmlns=\"http:\/\/www.w3.org\/2000\/svg\" viewBox=\"0 0 512 512\" class=\"svg-inline--fa fa-chart-bar fa-w-16 fa-2x\"><path fill=\"currentColor\" d=\"M396.8 352h22.4c6.4 0 12.8-6.4 12.8-12.8V108.8c0-6.4-6.4-12.8-12.8-12.8h-22.4c-6.4 0-12.8 6.4-12.8 12.8v230.4c0 6.4 6.4 12.8 12.8 12.8zm-192 0h22.4c6.4 0 12.8-6.4 12.8-12.8V140.8c0-6.4-6.4-12.8-12.8-12.8h-22.4c-6.4 0-12.8 6.4-12.8 12.8v198.4c0 6.4 6.4 12.8 12.8 12.8zm96 0h22.4c6.4 0 12.8-6.4 12.8-12.8V204.8c0-6.4-6.4-12.8-12.8-12.8h-22.4c-6.4 0-12.8 6.4-12.8 12.8v134.4c0 6.4 6.4 12.8 12.8 12.8zM496 400H48V80c0-8.84-7.16-16-16-16H16C7.16 64 0 71.16 0 80v336c0 17.67 14.33 32 32 32h464c8.84 0 16-7.16 16-16v-16c0-8.84-7.16-16-16-16zm-387.2-48h22.4c6.4 0 12.8-6.4 12.8-12.8v-70.4c0-6.4-6.4-12.8-12.8-12.8h-22.4c-6.4 0-12.8 6.4-12.8 12.8v70.4c0 6.4 6.4 12.8 12.8 12.8z\" class=\"\"><\/path><\/svg><\/i> <img loading=\"lazy\" decoding=\"async\" width=\"16\" height=\"16\" alt=\"Loading\" src=\"https:\/\/temucotelevision.cl\/web\/wp-content\/plugins\/page-views-count\/ajax-loader-2x.gif\" border=0 \/><\/p><div class=\"pvc_clear\"><\/div>\n<p>Las obras corresponden al mismo contrato del Mejoramiento de la Avenida Pablo Neruda en Temuco que actualmente tiene un 27% de avance.&nbsp;<\/p>\n\n\n\n<p>En el sector de la UFRO, frente a la rector\u00eda y Aula Magna de esta casa de estudios, se encuentra un cruce vehicular no regulado y de ripio, paso utilizado en su momento como parte de la red ferroviaria y que posteriormente fue retirada para dar continuidad a una ciclov\u00eda, quedando pendiente la regularizaci\u00f3n de esta intersecci\u00f3n, la cual se encuentra en plena ejecuci\u00f3n gracias a las obras que ejecuta el Serviu y que corresponden al Proyecto de Mejoramiento de la Avenida Pablo Neruda.<\/p>\n\n\n\n<p>Para el director de Serviu, Jos\u00e9 Luis Sep\u00falveda estos trabajos permitir\u00e1n \u201cNormalizar\u201d un cruce irregular utilizado por muchos a\u00f1os, entre otras mejoras; \u201cEstas obras nos va a permitir llegar directamente desde Pablo Neruda hacia la Avenida Caupolic\u00e1n con toda la llegada nueva que va a generar muchas facilidades, pero tambi\u00e9n a la altura de Sim\u00f3n Bol\u00edvar con la calle Uruguay. Nos va a permitir, normalizar un paso que ha sido ocupado durante muchos a\u00f1os y que nos va a dar condiciones peatonales y vehiculares para tener un cruce totalmente funcional, pavimentado con aceras, calzada, ciclov\u00eda y la instalaci\u00f3n de un sem\u00e1foro\u201d.<\/p>\n\n\n\n<p>\u201cEstos trabajos, contemplan una mejora no solamente para los usuarios que transitan en veh\u00edculos, sino que tambi\u00e9n para los peatones y ciclistas, puesto que la actual ciclov\u00eda que viene de labranza hacia el centro de Temuco se va a unir con la ciclov\u00eda actual de Pablo Neruda, permitiendo que las intersecciones sean m\u00e1s seguras con cruces semaforizaci\u00f3n y lo mismo para los peatones\u201d, destaca Marcelo Sep\u00falveda, Administrador de Obra de la constructora LN a cargo de los trabajos.&nbsp;<\/p>\n\n\n\n<p>Actualmente el cruce est\u00e1 en plena ejecuci\u00f3n y se limit\u00f3 el tr\u00e1nsito vehicular de Sim\u00f3n Bol\u00edvar, quedando reducida en una sola pista de manera unidireccional con sentido hacia Uruguay; esto mientras se pavimenta la nueva calzada.&nbsp;<\/p>\n\n\n\n<p>Desde la municipalidad de Temuco, Ricardo Toro, director de Planificaci\u00f3n, agradeci\u00f3 el avance de las obras y fluidez otorgada al tr\u00e1nsito; \u201chemos tenido un buen comentario de nuestros vecinos ya que ha sido r\u00e1pido, eficaz y esperamos que siga con este mismo ritmo y con el orden que tiene, porque eso permite que nuestros vecinos puedan llegar con mayor celeridad a su trabajo, pero tambi\u00e9n tenga mayor tiempo en su hogar con el menor tiempo de desplazamiento cuando esta obra est\u00e9 finalizada\u201d.&nbsp;<\/p>\n\n\n\n<p>La obra presenta un 27% de avance en su totalidad y de acuerdo con lo planificado por la empresa, en octubre gran parte de lo que son las calles deber\u00edan estar&nbsp;pavimentadas en un alto porcentaje, dejando solamente algunos tramos, como los que est\u00e1n frente al estadio para una segunda etapa.<\/p>\n\n\n\n<p>\u201cEste es un paso de normalizaci\u00f3n muy relevante para la ciudad de Temuco. Nos va a dar una conectividad y seguridad y comodidad para todos los peatones y usuarios de este sector y nos va a permitir, generar condiciones urbanas \u00f3ptimas para la totalidad de la Avenida Pablo Neruda.\u201d Concluy\u00f3 el director de Serviu, Jos\u00e9 Luis Sep\u00falveda.<\/p>\n","protected":false},"excerpt":{"rendered":"<div class=\"pvc_clear\"><\/div>\n<p id=\"pvc_stats_51771\" class=\"pvc_stats total_only  \" data-element-id=\"51771\" style=\"\"><i class=\"pvc-stats-icon large\" aria-hidden=\"true\"><svg aria-hidden=\"true\" focusable=\"false\" data-prefix=\"far\" data-icon=\"chart-bar\" role=\"img\" xmlns=\"http:\/\/www.w3.org\/2000\/svg\" viewBox=\"0 0 512 512\" class=\"svg-inline--fa fa-chart-bar fa-w-16 fa-2x\"><path fill=\"currentColor\" d=\"M396.8 352h22.4c6.4 0 12.8-6.4 12.8-12.8V108.8c0-6.4-6.4-12.8-12.8-12.8h-22.4c-6.4 0-12.8 6.4-12.8 12.8v230.4c0 6.4 6.4 12.8 12.8 12.8zm-192 0h22.4c6.4 0 12.8-6.4 12.8-12.8V140.8c0-6.4-6.4-12.8-12.8-12.8h-22.4c-6.4 0-12.8 6.4-12.8 12.8v198.4c0 6.4 6.4 12.8 12.8 12.8zm96 0h22.4c6.4 0 12.8-6.4 12.8-12.8V204.8c0-6.4-6.4-12.8-12.8-12.8h-22.4c-6.4 0-12.8 6.4-12.8 12.8v134.4c0 6.4 6.4 12.8 12.8 12.8zM496 400H48V80c0-8.84-7.16-16-16-16H16C7.16 64 0 71.16 0 80v336c0 17.67 14.33 32 32 32h464c8.84 0 16-7.16 16-16v-16c0-8.84-7.16-16-16-16zm-387.2-48h22.4c6.4 0 12.8-6.4 12.8-12.8v-70.4c0-6.4-6.4-12.8-12.8-12.8h-22.4c-6.4 0-12.8 6.4-12.8 12.8v70.4c0 6.4 6.4 12.8 12.8 12.8z\" class=\"\"><\/path><\/svg><\/i> <img loading=\"lazy\" decoding=\"async\" width=\"16\" height=\"16\" alt=\"Loading\" src=\"https:\/\/temucotelevision.cl\/web\/wp-content\/plugins\/page-views-count\/ajax-loader-2x.gif\" border=0 \/><\/p>\n<div class=\"pvc_clear\"><\/div>\n<p>Las obras corresponden al mismo contrato del Mejoramiento de la Avenida Pablo Neruda en Temuco que actualmente tiene un 27%<\/p>\n","protected":false},"author":1,"featured_media":51772,"comment_status":"open","ping_status":"open","sticky":false,"template":"","format":"standard","meta":{"colormag_page_container_layout":"default_layout","colormag_page_sidebar_layout":"default_layout","footnotes":""},"categories":[15],"tags":[155],"class_list":["post-51771","post","type-post","status-publish","format-standard","has-post-thumbnail","hentry","category-la-araucania","tag-proyecto"],"a3_pvc":{"activated":true,"total_views":1208,"today_views":0},"_links":{"self":[{"href":"https:\/\/temucotelevision.cl\/web\/wp-json\/wp\/v2\/posts\/51771","targetHints":{"allow":["GET"]}}],"collection":[{"href":"https:\/\/temucotelevision.cl\/web\/wp-json\/wp\/v2\/posts"}],"about":[{"href":"https:\/\/temucotelevision.cl\/web\/wp-json\/wp\/v2\/types\/post"}],"author":[{"embeddable":true,"href":"https:\/\/temucotelevision.cl\/web\/wp-json\/wp\/v2\/users\/1"}],"replies":[{"embeddable":true,"href":"https:\/\/temucotelevision.cl\/web\/wp-json\/wp\/v2\/comments?post=51771"}],"version-history":[{"count":1,"href":"https:\/\/temucotelevision.cl\/web\/wp-json\/wp\/v2\/posts\/51771\/revisions"}],"predecessor-version":[{"id":51773,"href":"https:\/\/temucotelevision.cl\/web\/wp-json\/wp\/v2\/posts\/51771\/revisions\/51773"}],"wp:featuredmedia":[{"embeddable":true,"href":"https:\/\/temucotelevision.cl\/web\/wp-json\/wp\/v2\/media\/51772"}],"wp:attachment":[{"href":"https:\/\/temucotelevision.cl\/web\/wp-json\/wp\/v2\/media?parent=51771"}],"wp:term":[{"taxonomy":"category","embeddable":true,"href":"https:\/\/temucotelevision.cl\/web\/wp-json\/wp\/v2\/categories?post=51771"},{"taxonomy":"post_tag","embeddable":true,"href":"https:\/\/temucotelevision.cl\/web\/wp-json\/wp\/v2\/tags?post=51771"}],"curies":[{"name":"wp","href":"https:\/\/api.w.org\/{rel}","templated":true}]}}