{"id":51768,"date":"2024-08-06T12:54:07","date_gmt":"2024-08-06T15:54:07","guid":{"rendered":"https:\/\/temucotelevision.cl\/web\/?p=51768"},"modified":"2024-08-06T12:54:13","modified_gmt":"2024-08-06T15:54:13","slug":"institutos-teleton-son-acreditados-a-nivel-nacional-por-su-excelencia-en-atencion-a-ninos-ninas-y-jovenes","status":"publish","type":"post","link":"https:\/\/temucotelevision.cl\/web\/2024\/08\/06\/institutos-teleton-son-acreditados-a-nivel-nacional-por-su-excelencia-en-atencion-a-ninos-ninas-y-jovenes\/","title":{"rendered":"Institutos Telet\u00f3n son acreditados a nivel nacional por su excelencia en atenci\u00f3n a ni\u00f1os, ni\u00f1as y j\u00f3venes"},"content":{"rendered":"<div class=\"pvc_clear\"><\/div><p id=\"pvc_stats_51768\" class=\"pvc_stats total_only  \" data-element-id=\"51768\" style=\"\"><i class=\"pvc-stats-icon large\" aria-hidden=\"true\"><svg aria-hidden=\"true\" focusable=\"false\" data-prefix=\"far\" data-icon=\"chart-bar\" role=\"img\" xmlns=\"http:\/\/www.w3.org\/2000\/svg\" viewBox=\"0 0 512 512\" class=\"svg-inline--fa fa-chart-bar fa-w-16 fa-2x\"><path fill=\"currentColor\" d=\"M396.8 352h22.4c6.4 0 12.8-6.4 12.8-12.8V108.8c0-6.4-6.4-12.8-12.8-12.8h-22.4c-6.4 0-12.8 6.4-12.8 12.8v230.4c0 6.4 6.4 12.8 12.8 12.8zm-192 0h22.4c6.4 0 12.8-6.4 12.8-12.8V140.8c0-6.4-6.4-12.8-12.8-12.8h-22.4c-6.4 0-12.8 6.4-12.8 12.8v198.4c0 6.4 6.4 12.8 12.8 12.8zm96 0h22.4c6.4 0 12.8-6.4 12.8-12.8V204.8c0-6.4-6.4-12.8-12.8-12.8h-22.4c-6.4 0-12.8 6.4-12.8 12.8v134.4c0 6.4 6.4 12.8 12.8 12.8zM496 400H48V80c0-8.84-7.16-16-16-16H16C7.16 64 0 71.16 0 80v336c0 17.67 14.33 32 32 32h464c8.84 0 16-7.16 16-16v-16c0-8.84-7.16-16-16-16zm-387.2-48h22.4c6.4 0 12.8-6.4 12.8-12.8v-70.4c0-6.4-6.4-12.8-12.8-12.8h-22.4c-6.4 0-12.8 6.4-12.8 12.8v70.4c0 6.4 6.4 12.8 12.8 12.8z\" class=\"\"><\/path><\/svg><\/i> <img loading=\"lazy\" decoding=\"async\" width=\"16\" height=\"16\" alt=\"Loading\" src=\"https:\/\/temucotelevision.cl\/web\/wp-content\/plugins\/page-views-count\/ajax-loader-2x.gif\" border=0 \/><\/p><div class=\"pvc_clear\"><\/div>\n<ul class=\"wp-block-list\">\n<li>Con la reciente certificaci\u00f3n del instituto de Coquimbo, los 14 centros de rehabilitaci\u00f3n, desde Arica hasta Ays\u00e9n, cuentan ahora con el sello de la Superintendencia de Salud, que acredita el cumplimiento de los m\u00e1s altos est\u00e1ndares de calidad en la atenci\u00f3n a sus pacientes.<\/li>\n<\/ul>\n\n\n\n<p>El&nbsp;<strong>Instituto Telet\u00f3n Coquimbo<\/strong>&nbsp;obtuvo la resoluci\u00f3n de la&nbsp;<strong>Superintendencia de Salud<\/strong>&nbsp;que certifica que este centro de rehabilitaci\u00f3n cumple con los m\u00e1s altos est\u00e1ndares de calidad en la atenci\u00f3n a ni\u00f1os, ni\u00f1as y j\u00f3venes con discapacidad, sum\u00e1ndose as\u00ed a los 13 institutos de su red ya certificados.<\/p>\n\n\n\n<p>Con este hito, Telet\u00f3n se consolida, de Arica a Ays\u00e9n, como una&nbsp;<strong>instituci\u00f3n prestadora de servicios de excelencia<\/strong>&nbsp;que asegura protecci\u00f3n y calidad cl\u00ednica a los m\u00e1s de 32.000 ni\u00f1os, ni\u00f1as y j\u00f3venes que atiende diariamente, logrando cumplir con las mejores pr\u00e1cticas establecidas por la autoridad de salud.<\/p>\n\n\n\n<p>El superintendente de Salud,<strong>&nbsp;doctor V\u00edctor Torres Jeldes<\/strong>, indic\u00f3 que \u201cestamos muy contentos, porque ya toda la instituci\u00f3n de Telet\u00f3n est\u00e1 certificada y se encuentra comprometida con la atenci\u00f3n de calidad de los m\u00e1s de 32.000 pacientes que atiende a nivel pa\u00eds\u201d.<\/p>\n\n\n\n<p>En la misma l\u00ednea, el vicepresidente ejecutivo de Telet\u00f3n,&nbsp;<strong>Ademir Domic<\/strong>, resalt\u00f3 la importancia del gran logro a nivel institucional: \u201ceste es un punto de partida y una garant\u00eda de la seguridad y atenci\u00f3n con calidad y calidez que entregamos juntos, todos los d\u00edas\u201d.<\/p>\n\n\n\n<p>La certificaci\u00f3n, otorgada por un periodo de tres a\u00f1os, es gestionada por una entidad acreditadora externa y fiscalizada por la Superintendencia de Salud, que evalu\u00f3 rigurosamente \u00e1reas como el resguardo y respeto de los derechos de los pacientes, la competencia profesional, la seguridad en la gesti\u00f3n cl\u00ednica, el acceso y atenci\u00f3n a los pacientes, y la seguridad de las instalaciones, entre otras, en el marco del \u201cEst\u00e1ndar General de Acreditaci\u00f3n de Prestadores Institucionales de Atenci\u00f3n Abierta\u201d del Ministerio de Salud (Minsal).<\/p>\n\n\n\n<p><strong>Claudia Jim\u00e9nez<\/strong>, subdirectora de Calidad y Normalizaci\u00f3n del Programa Calidad Nacional Telet\u00f3n, explic\u00f3 que desde 2019 Telet\u00f3n busca acreditar a toda su red. \u201cEste sello de excelencia valida el compromiso de la instituci\u00f3n con la calidad, la seguridad y el bienestar de los ni\u00f1os, ni\u00f1as y j\u00f3venes. El gran desaf\u00edo ahora es sostener los procesos acreditados y consolidar la cultura de calidad y mejora continua para seguir siendo un referente de excelencia en el \u00e1mbito de la rehabilitaci\u00f3n. Esto implica un compromiso constante con la formaci\u00f3n y actualizaci\u00f3n del personal, la implementaci\u00f3n de nuevas tecnolog\u00edas y pr\u00e1cticas innovadoras, y la adaptaci\u00f3n a los cambios y avances que se requieran\u201d, explic\u00f3.<\/p>\n\n\n\n<p>Telet\u00f3n solicita estas importantes acreditaciones en cumplimiento de sus lineamientos institucionales, y como parte de su compromiso con la calidad de los servicios que ofrece a sus pacientes. Esta b\u00fasqueda de excelencia y mejores pr\u00e1cticas incluye someterse a evaluaciones externas que se\u00f1alen rutas de crecimiento y desarrollo.<\/p>\n","protected":false},"excerpt":{"rendered":"<div class=\"pvc_clear\"><\/div>\n<p id=\"pvc_stats_51768\" class=\"pvc_stats total_only  \" data-element-id=\"51768\" style=\"\"><i class=\"pvc-stats-icon large\" aria-hidden=\"true\"><svg aria-hidden=\"true\" focusable=\"false\" data-prefix=\"far\" data-icon=\"chart-bar\" role=\"img\" xmlns=\"http:\/\/www.w3.org\/2000\/svg\" viewBox=\"0 0 512 512\" class=\"svg-inline--fa fa-chart-bar fa-w-16 fa-2x\"><path fill=\"currentColor\" d=\"M396.8 352h22.4c6.4 0 12.8-6.4 12.8-12.8V108.8c0-6.4-6.4-12.8-12.8-12.8h-22.4c-6.4 0-12.8 6.4-12.8 12.8v230.4c0 6.4 6.4 12.8 12.8 12.8zm-192 0h22.4c6.4 0 12.8-6.4 12.8-12.8V140.8c0-6.4-6.4-12.8-12.8-12.8h-22.4c-6.4 0-12.8 6.4-12.8 12.8v198.4c0 6.4 6.4 12.8 12.8 12.8zm96 0h22.4c6.4 0 12.8-6.4 12.8-12.8V204.8c0-6.4-6.4-12.8-12.8-12.8h-22.4c-6.4 0-12.8 6.4-12.8 12.8v134.4c0 6.4 6.4 12.8 12.8 12.8zM496 400H48V80c0-8.84-7.16-16-16-16H16C7.16 64 0 71.16 0 80v336c0 17.67 14.33 32 32 32h464c8.84 0 16-7.16 16-16v-16c0-8.84-7.16-16-16-16zm-387.2-48h22.4c6.4 0 12.8-6.4 12.8-12.8v-70.4c0-6.4-6.4-12.8-12.8-12.8h-22.4c-6.4 0-12.8 6.4-12.8 12.8v70.4c0 6.4 6.4 12.8 12.8 12.8z\" class=\"\"><\/path><\/svg><\/i> <img loading=\"lazy\" decoding=\"async\" width=\"16\" height=\"16\" alt=\"Loading\" src=\"https:\/\/temucotelevision.cl\/web\/wp-content\/plugins\/page-views-count\/ajax-loader-2x.gif\" border=0 \/><\/p>\n<div class=\"pvc_clear\"><\/div>\n<p>El&nbsp;Instituto Telet\u00f3n Coquimbo&nbsp;obtuvo la resoluci\u00f3n de la&nbsp;Superintendencia de Salud&nbsp;que certifica que este centro de rehabilitaci\u00f3n cumple con los m\u00e1s altos<\/p>\n","protected":false},"author":1,"featured_media":51769,"comment_status":"open","ping_status":"open","sticky":false,"template":"","format":"standard","meta":{"colormag_page_container_layout":"default_layout","colormag_page_sidebar_layout":"default_layout","footnotes":""},"categories":[101],"tags":[1989],"class_list":["post-51768","post","type-post","status-publish","format-standard","has-post-thumbnail","hentry","category-actualidad","tag-teleton"],"a3_pvc":{"activated":true,"total_views":942,"today_views":0},"_links":{"self":[{"href":"https:\/\/temucotelevision.cl\/web\/wp-json\/wp\/v2\/posts\/51768","targetHints":{"allow":["GET"]}}],"collection":[{"href":"https:\/\/temucotelevision.cl\/web\/wp-json\/wp\/v2\/posts"}],"about":[{"href":"https:\/\/temucotelevision.cl\/web\/wp-json\/wp\/v2\/types\/post"}],"author":[{"embeddable":true,"href":"https:\/\/temucotelevision.cl\/web\/wp-json\/wp\/v2\/users\/1"}],"replies":[{"embeddable":true,"href":"https:\/\/temucotelevision.cl\/web\/wp-json\/wp\/v2\/comments?post=51768"}],"version-history":[{"count":1,"href":"https:\/\/temucotelevision.cl\/web\/wp-json\/wp\/v2\/posts\/51768\/revisions"}],"predecessor-version":[{"id":51770,"href":"https:\/\/temucotelevision.cl\/web\/wp-json\/wp\/v2\/posts\/51768\/revisions\/51770"}],"wp:featuredmedia":[{"embeddable":true,"href":"https:\/\/temucotelevision.cl\/web\/wp-json\/wp\/v2\/media\/51769"}],"wp:attachment":[{"href":"https:\/\/temucotelevision.cl\/web\/wp-json\/wp\/v2\/media?parent=51768"}],"wp:term":[{"taxonomy":"category","embeddable":true,"href":"https:\/\/temucotelevision.cl\/web\/wp-json\/wp\/v2\/categories?post=51768"},{"taxonomy":"post_tag","embeddable":true,"href":"https:\/\/temucotelevision.cl\/web\/wp-json\/wp\/v2\/tags?post=51768"}],"curies":[{"name":"wp","href":"https:\/\/api.w.org\/{rel}","templated":true}]}}