{"id":51673,"date":"2024-07-31T18:38:16","date_gmt":"2024-07-31T21:38:16","guid":{"rendered":"https:\/\/temucotelevision.cl\/web\/?p=51673"},"modified":"2024-07-31T18:38:17","modified_gmt":"2024-07-31T21:38:17","slug":"beca-rural-cmpc-alumna-beneficiada-de-tolten-hara-una-pasantia-escolar-en-turquia","status":"publish","type":"post","link":"https:\/\/temucotelevision.cl\/web\/2024\/07\/31\/beca-rural-cmpc-alumna-beneficiada-de-tolten-hara-una-pasantia-escolar-en-turquia\/","title":{"rendered":"Beca Rural CMPC: Alumna beneficiada de Tolt\u00e9n har\u00e1 una pasant\u00eda escolar en Turqu\u00eda"},"content":{"rendered":"<div class=\"pvc_clear\"><\/div><p id=\"pvc_stats_51673\" class=\"pvc_stats total_only  \" data-element-id=\"51673\" style=\"\"><i class=\"pvc-stats-icon large\" aria-hidden=\"true\"><svg aria-hidden=\"true\" focusable=\"false\" data-prefix=\"far\" data-icon=\"chart-bar\" role=\"img\" xmlns=\"http:\/\/www.w3.org\/2000\/svg\" viewBox=\"0 0 512 512\" class=\"svg-inline--fa fa-chart-bar fa-w-16 fa-2x\"><path fill=\"currentColor\" d=\"M396.8 352h22.4c6.4 0 12.8-6.4 12.8-12.8V108.8c0-6.4-6.4-12.8-12.8-12.8h-22.4c-6.4 0-12.8 6.4-12.8 12.8v230.4c0 6.4 6.4 12.8 12.8 12.8zm-192 0h22.4c6.4 0 12.8-6.4 12.8-12.8V140.8c0-6.4-6.4-12.8-12.8-12.8h-22.4c-6.4 0-12.8 6.4-12.8 12.8v198.4c0 6.4 6.4 12.8 12.8 12.8zm96 0h22.4c6.4 0 12.8-6.4 12.8-12.8V204.8c0-6.4-6.4-12.8-12.8-12.8h-22.4c-6.4 0-12.8 6.4-12.8 12.8v134.4c0 6.4 6.4 12.8 12.8 12.8zM496 400H48V80c0-8.84-7.16-16-16-16H16C7.16 64 0 71.16 0 80v336c0 17.67 14.33 32 32 32h464c8.84 0 16-7.16 16-16v-16c0-8.84-7.16-16-16-16zm-387.2-48h22.4c6.4 0 12.8-6.4 12.8-12.8v-70.4c0-6.4-6.4-12.8-12.8-12.8h-22.4c-6.4 0-12.8 6.4-12.8 12.8v70.4c0 6.4 6.4 12.8 12.8 12.8z\" class=\"\"><\/path><\/svg><\/i> <img loading=\"lazy\" decoding=\"async\" width=\"16\" height=\"16\" alt=\"Loading\" src=\"https:\/\/temucotelevision.cl\/web\/wp-content\/plugins\/page-views-count\/ajax-loader-2x.gif\" border=0 \/><\/p><div class=\"pvc_clear\"><\/div>\n<ul class=\"wp-block-list\">\n<li><em>Este lunes, siete familias que residen en sectores rurales aleda\u00f1os a las comunas de Teodoro Schmidt y Tolt\u00e9n de la Regi\u00f3n de La Araucan\u00eda fueron beneficiadas con esta beca, que se inserta en un programa que desde hace 24 a\u00f1os impulsa el desarrollo escolar en el centro y sur de Chile.<\/em><\/li>\n<\/ul>\n\n\n\n<p>Felices y emocionadas se mostraron las tres familias que resultaron favorecidas en Tolt\u00e9n con la Beca Rural de CMPC que se entreg\u00f3 esta semana en varias comunas del sur de Chile. Entre ellas estaban los padres de Isidora Leal de 16 a\u00f1os, quien cursa tercero medio en el Liceo P\u00fablico Bicentenario Mart\u00edn Kleinknecht Palma de dicha comuna. Ella vive junto a su familia en el sector Ultra Boldo, ubicado a unos 20 kil\u00f3metros de Tolt\u00e9n.<\/p>\n\n\n\n<p>Desde el a\u00f1o pasado que Isidora cuenta con esta Beca Rural, que apoya el talento y esfuerzo de los j\u00f3venes, m\u00e1s all\u00e1 de su condici\u00f3n social. \u201cSiempre he dicho que soy feliz cuando se reconoce el esfuerzo de los chicos por sus notas, porque muchas veces las becas van focalizadas por el patrimonio que tienen los pap\u00e1s y no al esfuerzo escolar de los chicos. Esto es m\u00e9rito absolutamente de ella y como mam\u00e1 estoy muy orgullosa\u201d, se\u00f1al\u00f3&nbsp;<strong>Carolina Pavez<\/strong>, madre de Isidora.<\/p>\n\n\n\n<p>Pero las buenas noticias no vienen solas. Isidora fue seleccionada para ser alumna de intercambio y el 1 de septiembre viajar\u00e1 a Turqu\u00eda por un a\u00f1o a continuar sus estudios all\u00e1. \u201cLa beca ser\u00e1 una gran una ayuda, un incentivo. Me va a ayudar econ\u00f3micamente en Turqu\u00eda, pues voy a tener ciertos gastos, llegar\u00e9 a un colegio nuevo, una ciudad nueva, todo nuevo\u201d, indic\u00f3 emocionada&nbsp;<strong>Isidora Leal<\/strong>.<\/p>\n\n\n\n<p>Pero junto con agradecer el apoyo de su colegio y de la beca, tuvo palabras de agradecimiento para sus padres. \u201cMi familia siempre ha estado muy pendiente de m\u00ed, de lo que hago y de apoyarme, me apoyan en todo. Si tengo la oportunidad de postular a algo, ellos me apoyan y me motivan a que yo lo haga como es este caso. Estoy muy agradecida\u201d, manifest\u00f3 la futura alumna de intercambio.<\/p>\n\n\n\n<p><strong>Becas en Teodoro Schmidt<\/strong><\/p>\n\n\n\n<p>Harold Medina Alarc\u00f3n, ya cursa segundo a\u00f1o medio en el Complejo Educacional P\u00fablico Nueva Alborada de Teodoro Schmidt. En especial, por su condici\u00f3n de hijo \u00fanico, ha tenido el apoyo constante de su familia que reside en Neicuf Bajo, sector rural ubicado a 10 kil\u00f3metros de la ciudad. Por eso cuando el a\u00f1o pasado se enteraron de la existencia de la Beca Rural CMPC, postularon inmediatamente y con \u00e9xito. La buena noticia es que este 2024 se repiti\u00f3 la historia.<\/p>\n\n\n\n<p>\u201cEstoy muy agradecido. Por segunda vez, mi hijo Harold sali\u00f3 favorecido con esta beca que busca apoyar a los j\u00f3venes con mejores notas de nuestra comuna, especialmente de los sectores rurales. Esta ayuda sirve para comprar \u00fatiles escolares, vestuario, entre otras cosas\u201d,&nbsp;<strong>destac\u00f3 Juan Medina Inostroza<\/strong>, pap\u00e1 de Harold.<\/p>\n\n\n\n<p>En el caso de Teodoro Schmidt, este a\u00f1o se favoreci\u00f3 a 4 familias que hoy estuvieron presentes en una ceremonia en el edificio municipal, instancia en la que tambi\u00e9n participaron representantes del municipio y de CMPC.<\/p>\n\n\n\n<p>La mayor\u00eda de los becados han accedido a este beneficio desde primer a\u00f1o medio, el cual tiene continuidad, pues, si cumplen con los requisitos (tener promedio sobre 6 y pertenecer a una zona rural) los estudiantes pueden acceder a la beca hasta que se licencian de cuarto medio. La Beca Rural CMPC naci\u00f3 el a\u00f1o 2000, con el fin de apoyar econ\u00f3micamente los gastos b\u00e1sicos anuales de los estudiantes de ense\u00f1anza media, residentes de sectores rurales donde la empresa cuenta con operaciones productivas. En un principio se otorgaron 52 becas en el marco del programa, pero ha crecido y a la fecha han egresado de \u00e9l 624 alumnos.&nbsp;<\/p>\n\n\n\n<p><strong>Claudio Colip\u00e1n,&nbsp;<\/strong>jefe de \u00c1rea de Relacionamiento de CMPC de la empresa en Teodoro Schmidt, destac\u00f3 el trabajo con la comunidad. \u201cNos hemos enfocado en apoyar a las alumnas y alumnos de las zonas rurales para que cumplan con todos sus objetivos de forma integral. Este programa ya tiene 24 a\u00f1os y estamos muy conscientes del beneficio que otorga a las familias rurales. Por eso, paulatinamente, hemos ido ampliando esta beca orientada a los estudiantes de primero a cuarto medio de cada comuna donde tenemos operaciones.\u201d.&nbsp;<\/p>\n\n\n\n<p><a><\/a>Cabe destacar, que este a\u00f1o son 253 los estudiantes que resultaron favorecidos con este impulso, y todos residen en sectores rurales de 48 comunas de las regiones del Maule, \u00d1uble, Biob\u00edo, La Araucan\u00eda, Los R\u00edos, Los Lagos y Ays\u00e9n.&nbsp;<\/p>\n","protected":false},"excerpt":{"rendered":"<div class=\"pvc_clear\"><\/div>\n<p id=\"pvc_stats_51673\" class=\"pvc_stats total_only  \" data-element-id=\"51673\" style=\"\"><i class=\"pvc-stats-icon large\" aria-hidden=\"true\"><svg aria-hidden=\"true\" focusable=\"false\" data-prefix=\"far\" data-icon=\"chart-bar\" role=\"img\" xmlns=\"http:\/\/www.w3.org\/2000\/svg\" viewBox=\"0 0 512 512\" class=\"svg-inline--fa fa-chart-bar fa-w-16 fa-2x\"><path fill=\"currentColor\" d=\"M396.8 352h22.4c6.4 0 12.8-6.4 12.8-12.8V108.8c0-6.4-6.4-12.8-12.8-12.8h-22.4c-6.4 0-12.8 6.4-12.8 12.8v230.4c0 6.4 6.4 12.8 12.8 12.8zm-192 0h22.4c6.4 0 12.8-6.4 12.8-12.8V140.8c0-6.4-6.4-12.8-12.8-12.8h-22.4c-6.4 0-12.8 6.4-12.8 12.8v198.4c0 6.4 6.4 12.8 12.8 12.8zm96 0h22.4c6.4 0 12.8-6.4 12.8-12.8V204.8c0-6.4-6.4-12.8-12.8-12.8h-22.4c-6.4 0-12.8 6.4-12.8 12.8v134.4c0 6.4 6.4 12.8 12.8 12.8zM496 400H48V80c0-8.84-7.16-16-16-16H16C7.16 64 0 71.16 0 80v336c0 17.67 14.33 32 32 32h464c8.84 0 16-7.16 16-16v-16c0-8.84-7.16-16-16-16zm-387.2-48h22.4c6.4 0 12.8-6.4 12.8-12.8v-70.4c0-6.4-6.4-12.8-12.8-12.8h-22.4c-6.4 0-12.8 6.4-12.8 12.8v70.4c0 6.4 6.4 12.8 12.8 12.8z\" class=\"\"><\/path><\/svg><\/i> <img loading=\"lazy\" decoding=\"async\" width=\"16\" height=\"16\" alt=\"Loading\" src=\"https:\/\/temucotelevision.cl\/web\/wp-content\/plugins\/page-views-count\/ajax-loader-2x.gif\" border=0 \/><\/p>\n<div class=\"pvc_clear\"><\/div>\n<p>Felices y emocionadas se mostraron las tres familias que resultaron favorecidas en Tolt\u00e9n con la Beca Rural de CMPC que<\/p>\n","protected":false},"author":1,"featured_media":51674,"comment_status":"open","ping_status":"open","sticky":false,"template":"","format":"standard","meta":{"colormag_page_container_layout":"default_layout","colormag_page_sidebar_layout":"default_layout","footnotes":""},"categories":[101],"tags":[2142],"class_list":["post-51673","post","type-post","status-publish","format-standard","has-post-thumbnail","hentry","category-actualidad","tag-beca"],"a3_pvc":{"activated":true,"total_views":1188,"today_views":0},"_links":{"self":[{"href":"https:\/\/temucotelevision.cl\/web\/wp-json\/wp\/v2\/posts\/51673","targetHints":{"allow":["GET"]}}],"collection":[{"href":"https:\/\/temucotelevision.cl\/web\/wp-json\/wp\/v2\/posts"}],"about":[{"href":"https:\/\/temucotelevision.cl\/web\/wp-json\/wp\/v2\/types\/post"}],"author":[{"embeddable":true,"href":"https:\/\/temucotelevision.cl\/web\/wp-json\/wp\/v2\/users\/1"}],"replies":[{"embeddable":true,"href":"https:\/\/temucotelevision.cl\/web\/wp-json\/wp\/v2\/comments?post=51673"}],"version-history":[{"count":1,"href":"https:\/\/temucotelevision.cl\/web\/wp-json\/wp\/v2\/posts\/51673\/revisions"}],"predecessor-version":[{"id":51675,"href":"https:\/\/temucotelevision.cl\/web\/wp-json\/wp\/v2\/posts\/51673\/revisions\/51675"}],"wp:featuredmedia":[{"embeddable":true,"href":"https:\/\/temucotelevision.cl\/web\/wp-json\/wp\/v2\/media\/51674"}],"wp:attachment":[{"href":"https:\/\/temucotelevision.cl\/web\/wp-json\/wp\/v2\/media?parent=51673"}],"wp:term":[{"taxonomy":"category","embeddable":true,"href":"https:\/\/temucotelevision.cl\/web\/wp-json\/wp\/v2\/categories?post=51673"},{"taxonomy":"post_tag","embeddable":true,"href":"https:\/\/temucotelevision.cl\/web\/wp-json\/wp\/v2\/tags?post=51673"}],"curies":[{"name":"wp","href":"https:\/\/api.w.org\/{rel}","templated":true}]}}