{"id":51663,"date":"2024-07-30T21:54:09","date_gmt":"2024-07-31T00:54:09","guid":{"rendered":"https:\/\/temucotelevision.cl\/web\/?p=51663"},"modified":"2024-07-31T18:43:04","modified_gmt":"2024-07-31T21:43:04","slug":"markamaru-regresa-con-emotivo-concierto-en-el-teatro-cariola","status":"publish","type":"post","link":"https:\/\/temucotelevision.cl\/web\/2024\/07\/30\/markamaru-regresa-con-emotivo-concierto-en-el-teatro-cariola\/","title":{"rendered":"Markamaru regresa con emotivo concierto en el Teatro Cariola"},"content":{"rendered":"<div class=\"pvc_clear\"><\/div><p id=\"pvc_stats_51663\" class=\"pvc_stats total_only  \" data-element-id=\"51663\" style=\"\"><i class=\"pvc-stats-icon large\" aria-hidden=\"true\"><svg aria-hidden=\"true\" focusable=\"false\" data-prefix=\"far\" data-icon=\"chart-bar\" role=\"img\" xmlns=\"http:\/\/www.w3.org\/2000\/svg\" viewBox=\"0 0 512 512\" class=\"svg-inline--fa fa-chart-bar fa-w-16 fa-2x\"><path fill=\"currentColor\" d=\"M396.8 352h22.4c6.4 0 12.8-6.4 12.8-12.8V108.8c0-6.4-6.4-12.8-12.8-12.8h-22.4c-6.4 0-12.8 6.4-12.8 12.8v230.4c0 6.4 6.4 12.8 12.8 12.8zm-192 0h22.4c6.4 0 12.8-6.4 12.8-12.8V140.8c0-6.4-6.4-12.8-12.8-12.8h-22.4c-6.4 0-12.8 6.4-12.8 12.8v198.4c0 6.4 6.4 12.8 12.8 12.8zm96 0h22.4c6.4 0 12.8-6.4 12.8-12.8V204.8c0-6.4-6.4-12.8-12.8-12.8h-22.4c-6.4 0-12.8 6.4-12.8 12.8v134.4c0 6.4 6.4 12.8 12.8 12.8zM496 400H48V80c0-8.84-7.16-16-16-16H16C7.16 64 0 71.16 0 80v336c0 17.67 14.33 32 32 32h464c8.84 0 16-7.16 16-16v-16c0-8.84-7.16-16-16-16zm-387.2-48h22.4c6.4 0 12.8-6.4 12.8-12.8v-70.4c0-6.4-6.4-12.8-12.8-12.8h-22.4c-6.4 0-12.8 6.4-12.8 12.8v70.4c0 6.4 6.4 12.8 12.8 12.8z\" class=\"\"><\/path><\/svg><\/i> <img loading=\"lazy\" decoding=\"async\" width=\"16\" height=\"16\" alt=\"Loading\" src=\"https:\/\/temucotelevision.cl\/web\/wp-content\/plugins\/page-views-count\/ajax-loader-2x.gif\" border=0 \/><\/p><div class=\"pvc_clear\"><\/div>\n<p><strong>La hist\u00f3rica agrupaci\u00f3n arique\u00f1a de m\u00fasica andina, se presentar\u00e1 este 2 de agosto junto a su formaci\u00f3n original en una noche m\u00e1gica y llena de \u00e9xitos contenidos en sus casi 40 a\u00f1os de carrera.<\/strong><\/p>\n\n\n\n<p>La hist\u00f3rica agrupaci\u00f3n arique\u00f1a de m\u00fasica andina, se presentar\u00e1 este 2 de agosto junto a su formaci\u00f3n original en una noche m\u00e1gica y llena de \u00e9xitos contenidos en sus casi 40 a\u00f1os de carrera.<\/p>\n\n\n\n<p>Se trata de la vuelta de<strong>&nbsp;Markamaru.<\/strong>&nbsp;Acaban de presentarse en&nbsp;<strong>Concepci\u00f3n y Valpara\u00edso y este 2 de agosto la cita es en Santiago<\/strong>. Prometen interpretar cl\u00e1sicos como&nbsp;&nbsp;<strong>\u2018Coraz\u00f3n adolorido\u2019, \u2018Te am\u00e9, te am\u00e9\u2019, \u2018Angela\u2019 y \u2018Baila chullita\u2019,<\/strong>&nbsp;entre muchos otros. Sus casi 10 discos han circulado por pa\u00edses latinoamericanos y europeos, y hoy vuelven a sonar en vivo en voz y coraz\u00f3n de sus integrantes fundadores; Roberto Vega Moreno y Marino N\u00fa\u00f1ez Flores.<\/p>\n\n\n\n<p><strong>\u201cMarkamaru<\/strong>,&nbsp;<strong>en lengua aymara, significa \u2018pueblo de tierra f\u00e9rtil\u2019<\/strong>. Fue fundado por&nbsp;<strong>Roberto Vega Moreno y Marino N\u00fa\u00f1ez Flores<\/strong>&nbsp;en la ciudad de Arica, en el verano del a\u00f1o 1985. Esta premisa de fertilidad ha hecho que cerca de 10 discos de su composici\u00f3n hayan circulado por pa\u00edses latinoamericanos y europeos. Su \u00e9xito y aceptaci\u00f3n entre el p\u00fablico se remontan a la difusi\u00f3n de su segundo \u00e1lbum&nbsp;<strong>\u2018Markamaru\u2019<\/strong>, el cual comenz\u00f3 a sonar en la radio \u2018Umbral\u2019 de Santiago, una trinchera musical del canto popular. Esto marc\u00f3 el inicio de un largo camino de \u00e9xitos con canciones conocidas por todos, como&nbsp;<strong>\u2018Coraz\u00f3n adolorido\u2019, \u2018Te am\u00e9, te am\u00e9\u2019, \u2018Angela\u2019 y \u2018Baila chullita\u2019.<\/strong><\/p>\n\n\n\n<p><strong>\u201cNos mueve el infinito amor a la m\u00fasica y el cari\u00f1o que existe entre nosotros. En esta maravillosa oportunidad repasaremos canciones del primer disco y tambi\u00e9n temas de nuestra \u00faltima producci\u00f3n\u201d<\/strong>&nbsp;Se\u00f1alan desde&nbsp;<strong>Markamaru.<\/strong><\/p>\n\n\n\n<p>La importancia de&nbsp;<strong>Markamaru<\/strong>&nbsp;en la m\u00fasica andina se refleja en su dedicaci\u00f3n a preservar y difundir las tradiciones musicales de la regi\u00f3n. Con cuatro d\u00e9cadas de experiencia, sus contribuciones incluyen la creaci\u00f3n y popularizaci\u00f3n de canciones que han tocado el coraz\u00f3n de la audiencia, transmitiendo las historias y emociones de la cultura andina. Actualmente,<strong>&nbsp;Markamaru lo integran: Roberto Vega Moreno, Marino N\u00fa\u00f1ez Flores, Fernando Villablanca Hern\u00e1ndez, Patricio Mundaca Barraza, Danilo Mundaca Barraza, Jos\u00e9 Luis Ponce Campos y Ricardo Fern\u00e1ndez.<\/strong><\/p>\n\n\n\n<p><strong>\u201cPor alguna m\u00e1gica y amorosa raz\u00f3n el destino nos re\u00fane y sentimos mutuamente que es hora y tiempo de cantar. Tenemos en nuestra manos la tremenda oportunidad de tocar para todos quienes esperan el retorno del grupo\u201d.<\/strong><\/p>\n\n\n\n<p><strong>\u201cMARKAMARU:<\/strong>&nbsp;Juntos como ayer\u201d&nbsp;es posible gracias a Qollasuyo Producciones, gestores de instancias ligadas a la m\u00fasica de ra\u00edz andina y que buscan fomentar y difundir entre las familias y comunidades,&nbsp; el&nbsp; buen vivir o \u201csumak kawsay\u201d.<\/p>\n\n\n\n<p><strong>La cita es el viernes 2 de Agosto a las 20:00 horas en el Teatro Cariola ubicado en San Diego 246, Santiago, Chile<\/strong><\/p>\n\n\n\n<p><strong>Entradas disponibles:<\/strong>&nbsp;Tienda&nbsp;<strong>Discoman\u00eda<\/strong>&nbsp;ubicada en Paseo 21 de Mayo #583, Local 894 de 10.00 a 18.30 y en Sistema Ticketplus&nbsp;<a href=\"https:\/\/ticketplus.cl\/events\/markamaru-juntos-como-ayer\" target=\"_blank\" rel=\"noreferrer noopener\">https:\/\/ticketplus.cl\/events\/markamaru-juntos-como-ayer<\/a><\/p>\n","protected":false},"excerpt":{"rendered":"<div class=\"pvc_clear\"><\/div>\n<p id=\"pvc_stats_51663\" class=\"pvc_stats total_only  \" data-element-id=\"51663\" style=\"\"><i class=\"pvc-stats-icon large\" aria-hidden=\"true\"><svg aria-hidden=\"true\" focusable=\"false\" data-prefix=\"far\" data-icon=\"chart-bar\" role=\"img\" xmlns=\"http:\/\/www.w3.org\/2000\/svg\" viewBox=\"0 0 512 512\" class=\"svg-inline--fa fa-chart-bar fa-w-16 fa-2x\"><path fill=\"currentColor\" d=\"M396.8 352h22.4c6.4 0 12.8-6.4 12.8-12.8V108.8c0-6.4-6.4-12.8-12.8-12.8h-22.4c-6.4 0-12.8 6.4-12.8 12.8v230.4c0 6.4 6.4 12.8 12.8 12.8zm-192 0h22.4c6.4 0 12.8-6.4 12.8-12.8V140.8c0-6.4-6.4-12.8-12.8-12.8h-22.4c-6.4 0-12.8 6.4-12.8 12.8v198.4c0 6.4 6.4 12.8 12.8 12.8zm96 0h22.4c6.4 0 12.8-6.4 12.8-12.8V204.8c0-6.4-6.4-12.8-12.8-12.8h-22.4c-6.4 0-12.8 6.4-12.8 12.8v134.4c0 6.4 6.4 12.8 12.8 12.8zM496 400H48V80c0-8.84-7.16-16-16-16H16C7.16 64 0 71.16 0 80v336c0 17.67 14.33 32 32 32h464c8.84 0 16-7.16 16-16v-16c0-8.84-7.16-16-16-16zm-387.2-48h22.4c6.4 0 12.8-6.4 12.8-12.8v-70.4c0-6.4-6.4-12.8-12.8-12.8h-22.4c-6.4 0-12.8 6.4-12.8 12.8v70.4c0 6.4 6.4 12.8 12.8 12.8z\" class=\"\"><\/path><\/svg><\/i> <img loading=\"lazy\" decoding=\"async\" width=\"16\" height=\"16\" alt=\"Loading\" src=\"https:\/\/temucotelevision.cl\/web\/wp-content\/plugins\/page-views-count\/ajax-loader-2x.gif\" border=0 \/><\/p>\n<div class=\"pvc_clear\"><\/div>\n<p>La hist\u00f3rica agrupaci\u00f3n arique\u00f1a de m\u00fasica andina, se presentar\u00e1 este 2 de agosto junto a su formaci\u00f3n original en una<\/p>\n","protected":false},"author":143,"featured_media":51664,"comment_status":"open","ping_status":"open","sticky":false,"template":"","format":"standard","meta":{"colormag_page_container_layout":"default_layout","colormag_page_sidebar_layout":"default_layout","footnotes":""},"categories":[369],"tags":[],"class_list":["post-51663","post","type-post","status-publish","format-standard","has-post-thumbnail","hentry","category-musica"],"a3_pvc":{"activated":true,"total_views":480,"today_views":1},"_links":{"self":[{"href":"https:\/\/temucotelevision.cl\/web\/wp-json\/wp\/v2\/posts\/51663","targetHints":{"allow":["GET"]}}],"collection":[{"href":"https:\/\/temucotelevision.cl\/web\/wp-json\/wp\/v2\/posts"}],"about":[{"href":"https:\/\/temucotelevision.cl\/web\/wp-json\/wp\/v2\/types\/post"}],"author":[{"embeddable":true,"href":"https:\/\/temucotelevision.cl\/web\/wp-json\/wp\/v2\/users\/143"}],"replies":[{"embeddable":true,"href":"https:\/\/temucotelevision.cl\/web\/wp-json\/wp\/v2\/comments?post=51663"}],"version-history":[{"count":2,"href":"https:\/\/temucotelevision.cl\/web\/wp-json\/wp\/v2\/posts\/51663\/revisions"}],"predecessor-version":[{"id":51666,"href":"https:\/\/temucotelevision.cl\/web\/wp-json\/wp\/v2\/posts\/51663\/revisions\/51666"}],"wp:featuredmedia":[{"embeddable":true,"href":"https:\/\/temucotelevision.cl\/web\/wp-json\/wp\/v2\/media\/51664"}],"wp:attachment":[{"href":"https:\/\/temucotelevision.cl\/web\/wp-json\/wp\/v2\/media?parent=51663"}],"wp:term":[{"taxonomy":"category","embeddable":true,"href":"https:\/\/temucotelevision.cl\/web\/wp-json\/wp\/v2\/categories?post=51663"},{"taxonomy":"post_tag","embeddable":true,"href":"https:\/\/temucotelevision.cl\/web\/wp-json\/wp\/v2\/tags?post=51663"}],"curies":[{"name":"wp","href":"https:\/\/api.w.org\/{rel}","templated":true}]}}