{"id":51657,"date":"2024-07-30T17:45:26","date_gmt":"2024-07-30T20:45:26","guid":{"rendered":"https:\/\/temucotelevision.cl\/web\/?p=51657"},"modified":"2024-07-31T11:19:41","modified_gmt":"2024-07-31T14:19:41","slug":"aniversario-del-parque-vicente-perez-rosales-durara-una-semana","status":"publish","type":"post","link":"https:\/\/temucotelevision.cl\/web\/2024\/07\/30\/aniversario-del-parque-vicente-perez-rosales-durara-una-semana\/","title":{"rendered":"Aniversario del Parque Vicente P\u00e9rez Rosales durar\u00e1 una semana"},"content":{"rendered":"<div class=\"pvc_clear\"><\/div><p id=\"pvc_stats_51657\" class=\"pvc_stats total_only  \" data-element-id=\"51657\" style=\"\"><i class=\"pvc-stats-icon large\" aria-hidden=\"true\"><svg aria-hidden=\"true\" focusable=\"false\" data-prefix=\"far\" data-icon=\"chart-bar\" role=\"img\" xmlns=\"http:\/\/www.w3.org\/2000\/svg\" viewBox=\"0 0 512 512\" class=\"svg-inline--fa fa-chart-bar fa-w-16 fa-2x\"><path fill=\"currentColor\" d=\"M396.8 352h22.4c6.4 0 12.8-6.4 12.8-12.8V108.8c0-6.4-6.4-12.8-12.8-12.8h-22.4c-6.4 0-12.8 6.4-12.8 12.8v230.4c0 6.4 6.4 12.8 12.8 12.8zm-192 0h22.4c6.4 0 12.8-6.4 12.8-12.8V140.8c0-6.4-6.4-12.8-12.8-12.8h-22.4c-6.4 0-12.8 6.4-12.8 12.8v198.4c0 6.4 6.4 12.8 12.8 12.8zm96 0h22.4c6.4 0 12.8-6.4 12.8-12.8V204.8c0-6.4-6.4-12.8-12.8-12.8h-22.4c-6.4 0-12.8 6.4-12.8 12.8v134.4c0 6.4 6.4 12.8 12.8 12.8zM496 400H48V80c0-8.84-7.16-16-16-16H16C7.16 64 0 71.16 0 80v336c0 17.67 14.33 32 32 32h464c8.84 0 16-7.16 16-16v-16c0-8.84-7.16-16-16-16zm-387.2-48h22.4c6.4 0 12.8-6.4 12.8-12.8v-70.4c0-6.4-6.4-12.8-12.8-12.8h-22.4c-6.4 0-12.8 6.4-12.8 12.8v70.4c0 6.4 6.4 12.8 12.8 12.8z\" class=\"\"><\/path><\/svg><\/i> <img loading=\"lazy\" decoding=\"async\" width=\"16\" height=\"16\" alt=\"Loading\" src=\"https:\/\/temucotelevision.cl\/web\/wp-content\/plugins\/page-views-count\/ajax-loader-2x.gif\" border=0 \/><\/p><div class=\"pvc_clear\"><\/div>\n<p><em><strong>A 98 a\u00f1os de su creaci\u00f3n, por primera vez se celebrar\u00e1 el aniversario del Parque Nacional m\u00e1s antiguo de nuestro pa\u00eds.<\/strong><\/em><\/p>\n\n\n\n<p>El primer parque nacional de Chile, Vicente P\u00e9rez Rosales, ubicado en la comuna de Puerto Varas, a casi un centenar de a\u00f1os de su creaci\u00f3n celebrar\u00e1 por primera vez su aniversario entre el 12 y 18 de agosto. Durante esa semana se llevar\u00e1n a cabo diversas actividades como bicicletada familiar, limpieza del parque, concurso de arte y fotograf\u00eda, una ceremonia ind\u00edgena de la comunidad Purailla y una charla sobre tenencia responsable. Adem\u00e1s el d\u00eda s\u00e1bado 17 de agosto la entrada a los Saltos del Petrohu\u00e9 ser\u00e1 gratuita.<\/p>\n\n\n\n<p>Vicente P\u00e9rez Rosales es uno de los tres parques m\u00e1s visitados de Chile, que recibe p\u00fablico de todo el mundo, con m\u00e1s de 750.000 visitas durante todo el a\u00f1o. Colinda con las localidades Petrohu\u00e9 y Ensenada, lugares que ofrecen diversas actividades y servicios tur\u00edsticos, como restaurantes, alojamiento, arborismo, navegaci\u00f3n por el Lago Todos los Santos, ascenso al volc\u00e1n Osorno, centro de ski, rafting y trekking. Para la bicicletada del 15 de agosto, la invitaci\u00f3n es a asistir en familia disfrazados o maquillados de flora y fauna del parque, y quienes no cuenten con bicicleta habr\u00e1n opciones de arriendo en las cercan\u00edas.<\/p>\n\n\n\n<p>La celebraci\u00f3n estar\u00e1 a cargo del centro de visitantes, ubicado en la entrada a los Saltos del r\u00edo Petrohu\u00e9, con colaboraci\u00f3n de la Ilustre Municipalidad de Puerto Varas y auspiciadores, entre los cuales destacan empresas de la regi\u00f3n.<\/p>\n\n\n\n<p>Karin Schirmer, una de las fundadoras del centro de visitantes y directora de \u201cTur\u00edstica Los Saltos\u201d, es la encargada de liderar esta iniciativa. Al respecto menciona estar \u201cmuy entusiasmada con este lindo proyecto, y anima a todas y todos quienes viven en la regi\u00f3n de Los Lagos a visitar y conocer el Parque, para acercarse a la naturaleza y su historia. Considerando que es un fin de semana largo, esperamos contar con muchas visitas durante esos d\u00edas, ya que ser\u00e1 una experiencia que permitir\u00e1 compartir y disfrutar en familia\u201d.<\/p>\n\n\n\n<p>Para revisar la programaci\u00f3n de las actividades, puedes visitar las redes sociales del Parque Aventura Petrohu\u00e9, la Municipalidad de Puerto Varas y CONAF.<\/p>\n\n\n\n<figure class=\"wp-block-image size-large\"><img loading=\"lazy\" decoding=\"async\" width=\"1000\" height=\"1000\" src=\"https:\/\/temucotelevision.cl\/web\/wp-content\/uploads\/2024\/07\/Parque3-1000x1000.jpeg\" alt=\"\" class=\"wp-image-51661\" srcset=\"https:\/\/temucotelevision.cl\/web\/wp-content\/uploads\/2024\/07\/Parque3-1000x1000.jpeg 1000w, https:\/\/temucotelevision.cl\/web\/wp-content\/uploads\/2024\/07\/Parque3-768x768.jpeg 768w, https:\/\/temucotelevision.cl\/web\/wp-content\/uploads\/2024\/07\/Parque3-1536x1536.jpeg 1536w, https:\/\/temucotelevision.cl\/web\/wp-content\/uploads\/2024\/07\/Parque3-150x150.jpeg 150w, https:\/\/temucotelevision.cl\/web\/wp-content\/uploads\/2024\/07\/Parque3.jpeg 1600w\" sizes=\"auto, (max-width: 1000px) 100vw, 1000px\" \/><\/figure>\n","protected":false},"excerpt":{"rendered":"<div class=\"pvc_clear\"><\/div>\n<p id=\"pvc_stats_51657\" class=\"pvc_stats total_only  \" data-element-id=\"51657\" style=\"\"><i class=\"pvc-stats-icon large\" aria-hidden=\"true\"><svg aria-hidden=\"true\" focusable=\"false\" data-prefix=\"far\" data-icon=\"chart-bar\" role=\"img\" xmlns=\"http:\/\/www.w3.org\/2000\/svg\" viewBox=\"0 0 512 512\" class=\"svg-inline--fa fa-chart-bar fa-w-16 fa-2x\"><path fill=\"currentColor\" d=\"M396.8 352h22.4c6.4 0 12.8-6.4 12.8-12.8V108.8c0-6.4-6.4-12.8-12.8-12.8h-22.4c-6.4 0-12.8 6.4-12.8 12.8v230.4c0 6.4 6.4 12.8 12.8 12.8zm-192 0h22.4c6.4 0 12.8-6.4 12.8-12.8V140.8c0-6.4-6.4-12.8-12.8-12.8h-22.4c-6.4 0-12.8 6.4-12.8 12.8v198.4c0 6.4 6.4 12.8 12.8 12.8zm96 0h22.4c6.4 0 12.8-6.4 12.8-12.8V204.8c0-6.4-6.4-12.8-12.8-12.8h-22.4c-6.4 0-12.8 6.4-12.8 12.8v134.4c0 6.4 6.4 12.8 12.8 12.8zM496 400H48V80c0-8.84-7.16-16-16-16H16C7.16 64 0 71.16 0 80v336c0 17.67 14.33 32 32 32h464c8.84 0 16-7.16 16-16v-16c0-8.84-7.16-16-16-16zm-387.2-48h22.4c6.4 0 12.8-6.4 12.8-12.8v-70.4c0-6.4-6.4-12.8-12.8-12.8h-22.4c-6.4 0-12.8 6.4-12.8 12.8v70.4c0 6.4 6.4 12.8 12.8 12.8z\" class=\"\"><\/path><\/svg><\/i> <img loading=\"lazy\" decoding=\"async\" width=\"16\" height=\"16\" alt=\"Loading\" src=\"https:\/\/temucotelevision.cl\/web\/wp-content\/plugins\/page-views-count\/ajax-loader-2x.gif\" border=0 \/><\/p>\n<div class=\"pvc_clear\"><\/div>\n<p>A 98 a\u00f1os de su creaci\u00f3n, por primera vez se celebrar\u00e1 el aniversario del Parque Nacional m\u00e1s antiguo de nuestro<\/p>\n","protected":false},"author":1,"featured_media":51658,"comment_status":"open","ping_status":"open","sticky":false,"template":"","format":"standard","meta":{"colormag_page_container_layout":"default_layout","colormag_page_sidebar_layout":"default_layout","footnotes":""},"categories":[86],"tags":[279],"class_list":["post-51657","post","type-post","status-publish","format-standard","has-post-thumbnail","hentry","category-panoramas","tag-parque"],"a3_pvc":{"activated":true,"total_views":954,"today_views":0},"_links":{"self":[{"href":"https:\/\/temucotelevision.cl\/web\/wp-json\/wp\/v2\/posts\/51657","targetHints":{"allow":["GET"]}}],"collection":[{"href":"https:\/\/temucotelevision.cl\/web\/wp-json\/wp\/v2\/posts"}],"about":[{"href":"https:\/\/temucotelevision.cl\/web\/wp-json\/wp\/v2\/types\/post"}],"author":[{"embeddable":true,"href":"https:\/\/temucotelevision.cl\/web\/wp-json\/wp\/v2\/users\/1"}],"replies":[{"embeddable":true,"href":"https:\/\/temucotelevision.cl\/web\/wp-json\/wp\/v2\/comments?post=51657"}],"version-history":[{"count":2,"href":"https:\/\/temucotelevision.cl\/web\/wp-json\/wp\/v2\/posts\/51657\/revisions"}],"predecessor-version":[{"id":51662,"href":"https:\/\/temucotelevision.cl\/web\/wp-json\/wp\/v2\/posts\/51657\/revisions\/51662"}],"wp:featuredmedia":[{"embeddable":true,"href":"https:\/\/temucotelevision.cl\/web\/wp-json\/wp\/v2\/media\/51658"}],"wp:attachment":[{"href":"https:\/\/temucotelevision.cl\/web\/wp-json\/wp\/v2\/media?parent=51657"}],"wp:term":[{"taxonomy":"category","embeddable":true,"href":"https:\/\/temucotelevision.cl\/web\/wp-json\/wp\/v2\/categories?post=51657"},{"taxonomy":"post_tag","embeddable":true,"href":"https:\/\/temucotelevision.cl\/web\/wp-json\/wp\/v2\/tags?post=51657"}],"curies":[{"name":"wp","href":"https:\/\/api.w.org\/{rel}","templated":true}]}}