{"id":51647,"date":"2024-07-30T11:28:18","date_gmt":"2024-07-30T14:28:18","guid":{"rendered":"https:\/\/temucotelevision.cl\/web\/?p=51647"},"modified":"2024-07-30T11:28:19","modified_gmt":"2024-07-30T14:28:19","slug":"centro-de-admision-escolar-en-liceo-monsenor-guillermo-hartl-de-pitrufquen","status":"publish","type":"post","link":"https:\/\/temucotelevision.cl\/web\/2024\/07\/30\/centro-de-admision-escolar-en-liceo-monsenor-guillermo-hartl-de-pitrufquen\/","title":{"rendered":"Centro de admisi\u00f3n escolar en Liceo Monse\u00f1or Guillermo Hartl de Pitrufqu\u00e9n"},"content":{"rendered":"<div class=\"pvc_clear\"><\/div><p id=\"pvc_stats_51647\" class=\"pvc_stats total_only  \" data-element-id=\"51647\" style=\"\"><i class=\"pvc-stats-icon large\" aria-hidden=\"true\"><svg aria-hidden=\"true\" focusable=\"false\" data-prefix=\"far\" data-icon=\"chart-bar\" role=\"img\" xmlns=\"http:\/\/www.w3.org\/2000\/svg\" viewBox=\"0 0 512 512\" class=\"svg-inline--fa fa-chart-bar fa-w-16 fa-2x\"><path fill=\"currentColor\" d=\"M396.8 352h22.4c6.4 0 12.8-6.4 12.8-12.8V108.8c0-6.4-6.4-12.8-12.8-12.8h-22.4c-6.4 0-12.8 6.4-12.8 12.8v230.4c0 6.4 6.4 12.8 12.8 12.8zm-192 0h22.4c6.4 0 12.8-6.4 12.8-12.8V140.8c0-6.4-6.4-12.8-12.8-12.8h-22.4c-6.4 0-12.8 6.4-12.8 12.8v198.4c0 6.4 6.4 12.8 12.8 12.8zm96 0h22.4c6.4 0 12.8-6.4 12.8-12.8V204.8c0-6.4-6.4-12.8-12.8-12.8h-22.4c-6.4 0-12.8 6.4-12.8 12.8v134.4c0 6.4 6.4 12.8 12.8 12.8zM496 400H48V80c0-8.84-7.16-16-16-16H16C7.16 64 0 71.16 0 80v336c0 17.67 14.33 32 32 32h464c8.84 0 16-7.16 16-16v-16c0-8.84-7.16-16-16-16zm-387.2-48h22.4c6.4 0 12.8-6.4 12.8-12.8v-70.4c0-6.4-6.4-12.8-12.8-12.8h-22.4c-6.4 0-12.8 6.4-12.8 12.8v70.4c0 6.4 6.4 12.8 12.8 12.8z\" class=\"\"><\/path><\/svg><\/i> <img loading=\"lazy\" decoding=\"async\" width=\"16\" height=\"16\" alt=\"Loading\" src=\"https:\/\/temucotelevision.cl\/web\/wp-content\/plugins\/page-views-count\/ajax-loader-2x.gif\" border=0 \/><\/p><div class=\"pvc_clear\"><\/div>\n<p>Pitrufqu\u00e9n, 28 de julio de 2024 &#8211; El Liceo Bicentenario de Excelencia Monse\u00f1or Guillermo Hartl de Pitrufqu\u00e9n informa que del 2 al 30 de agosto se llevar\u00e1 a cabo el principal periodo de postulaci\u00f3n al Sistema de Admisi\u00f3n Escolar 2025. Durante este per\u00edodo, los estudiantes que deseen cambiarse de colegio, ingresar a la ense\u00f1anza media o incorporarse al sistema escolar podr\u00e1n realizar su postulaci\u00f3n.<\/p>\n\n\n\n<p>Como centro de postulaci\u00f3n, el Liceo Bicentenario de Excelencia Monse\u00f1or Guillermo Hartl ha dispuesto un espacio personal para orientar y asistir a padres y apoderados en este importante proceso. La comunidad educativa del liceo est\u00e1 comprometida con la calidad y excelencia de la educaci\u00f3n, y hace un llamado a todas las familias de Pitrufqu\u00e9n, sus alrededores y comunas vecinas como Freire, Villarrica, Gorbea, Loncoche y Teodoro Schmidt a informarse sobre el proceso de postulaci\u00f3n, que comienza el 2 de agosto.<\/p>\n\n\n\n<p>El director del establecimiento, Don&nbsp;<strong>Jos\u00e9 Salum Tom\u00e9<\/strong>, enfatiza \u201c<em>la importancia de que los padres y apoderados se mantengan informados ante este proceso, para que los estudiantes puedan elegir correctamente el lugar donde continuar\u00e1n su formaci\u00f3n educativa, estos procesos son relevantes, ya que definen el futuro de los estudiantes. Adem\u00e1s, extiende la invitaci\u00f3n a quienes presenten dudas o consultas a acercarse al establecimiento, ubicado en la calle Padre Alberto Hurtado 067, en el sector Ultra Estaci\u00f3n de Pitrufqu\u00e9n, ser\u00e1n atendidos y se le proporcionar\u00e1 informaci\u00f3n y apoyo respecto al proceso de postulaci\u00f3n\u201d<\/em><\/p>\n\n\n\n<p>El presidente de la Fundaci\u00f3n del Magisterio de la Araucan\u00eda&nbsp;<strong>Rodolfo Nahuelpan Nahuelhual,&nbsp;<\/strong>manifest\u00f3: \u201c<em>Es un establecimiento educacional con una larga trayectoria en la comuna de Pitrufqu\u00e9n y forma parte de la red de escuelas y liceos de la Fundaci\u00f3n del Magisterio de La Araucan\u00eda. Como Presidente de la FMDA, me enorgullece anunciar que este liceo ser\u00e1 un centro de postulaci\u00f3n para el Sistema de Admisi\u00f3n Escolar, que dar\u00e1 inicio este 2 de agosto. Invito cordialmente a todos los padres y apoderados a acercarse al establecimiento, donde encontrar\u00e1n la ayuda y orientaci\u00f3n necesaria para este importante proceso de postulaci\u00f3n. En la FMDA creemos firmemente que la educaci\u00f3n es la llave que abre las puertas de un mejor futuro, y en el Liceo Bicentenario de Excelencia Monse\u00f1or Guillermo Hartl estamos para acompa\u00f1arlos en cada paso de este camino.<\/em><\/p>\n\n\n\n<p><a><\/a>OFERTA EDUCATIVA<\/p>\n\n\n\n<p>El Liceo Bicentenario de Excelencia Monse\u00f1or Guillermo Hartl pertenece a la Fundaci\u00f3n del Magisterio de la Araucan\u00eda, una red de instituciones educativas con altos est\u00e1ndares en la regi\u00f3n. Ofrece educaci\u00f3n integral, con valores cristianos y firme compromiso con la calidad educativa, en las modalidades Humanista Cient\u00edfico y T\u00e9cnico Profesional, educaci\u00f3n b\u00e1sica de s\u00e9ptimo y octavo a\u00f1o, y Educaci\u00f3n Para J\u00f3venes y Adultos (EPJA). Sus especialidades son: Administraci\u00f3n con Menci\u00f3n en Recursos Humanos, Atenci\u00f3n de P\u00e1rvulos, Electricidad, Gr\u00e1fica y Servicios de Turismo.&nbsp;<\/p>\n\n\n\n<p>El establecimiento cuenta con un s\u00f3lido equipo de profesionales en el Programa de Integraci\u00f3n Escolar y Convivencia Escolar para contribuir al mejoramiento continuo de la calidad de la educaci\u00f3n de todos los estudiantes y promover su bienestar emocional, entendiendo que el desarrollo personal y emocional es esencial para el \u00e9xito acad\u00e9mico e integral. A esto se suma, una amplia variedad de actividades extracurriculares.<\/p>\n\n\n\n<p><\/p>\n","protected":false},"excerpt":{"rendered":"<div class=\"pvc_clear\"><\/div>\n<p id=\"pvc_stats_51647\" class=\"pvc_stats total_only  \" data-element-id=\"51647\" style=\"\"><i class=\"pvc-stats-icon large\" aria-hidden=\"true\"><svg aria-hidden=\"true\" focusable=\"false\" data-prefix=\"far\" data-icon=\"chart-bar\" role=\"img\" xmlns=\"http:\/\/www.w3.org\/2000\/svg\" viewBox=\"0 0 512 512\" class=\"svg-inline--fa fa-chart-bar fa-w-16 fa-2x\"><path fill=\"currentColor\" d=\"M396.8 352h22.4c6.4 0 12.8-6.4 12.8-12.8V108.8c0-6.4-6.4-12.8-12.8-12.8h-22.4c-6.4 0-12.8 6.4-12.8 12.8v230.4c0 6.4 6.4 12.8 12.8 12.8zm-192 0h22.4c6.4 0 12.8-6.4 12.8-12.8V140.8c0-6.4-6.4-12.8-12.8-12.8h-22.4c-6.4 0-12.8 6.4-12.8 12.8v198.4c0 6.4 6.4 12.8 12.8 12.8zm96 0h22.4c6.4 0 12.8-6.4 12.8-12.8V204.8c0-6.4-6.4-12.8-12.8-12.8h-22.4c-6.4 0-12.8 6.4-12.8 12.8v134.4c0 6.4 6.4 12.8 12.8 12.8zM496 400H48V80c0-8.84-7.16-16-16-16H16C7.16 64 0 71.16 0 80v336c0 17.67 14.33 32 32 32h464c8.84 0 16-7.16 16-16v-16c0-8.84-7.16-16-16-16zm-387.2-48h22.4c6.4 0 12.8-6.4 12.8-12.8v-70.4c0-6.4-6.4-12.8-12.8-12.8h-22.4c-6.4 0-12.8 6.4-12.8 12.8v70.4c0 6.4 6.4 12.8 12.8 12.8z\" class=\"\"><\/path><\/svg><\/i> <img loading=\"lazy\" decoding=\"async\" width=\"16\" height=\"16\" alt=\"Loading\" src=\"https:\/\/temucotelevision.cl\/web\/wp-content\/plugins\/page-views-count\/ajax-loader-2x.gif\" border=0 \/><\/p>\n<div class=\"pvc_clear\"><\/div>\n<p>Pitrufqu\u00e9n, 28 de julio de 2024 &#8211; El Liceo Bicentenario de Excelencia Monse\u00f1or Guillermo Hartl de Pitrufqu\u00e9n informa que del<\/p>\n","protected":false},"author":1,"featured_media":51648,"comment_status":"open","ping_status":"open","sticky":false,"template":"","format":"standard","meta":{"colormag_page_container_layout":"default_layout","colormag_page_sidebar_layout":"default_layout","footnotes":""},"categories":[14],"tags":[302],"class_list":["post-51647","post","type-post","status-publish","format-standard","has-post-thumbnail","hentry","category-temuco","tag-liceo"],"a3_pvc":{"activated":true,"total_views":969,"today_views":0},"_links":{"self":[{"href":"https:\/\/temucotelevision.cl\/web\/wp-json\/wp\/v2\/posts\/51647","targetHints":{"allow":["GET"]}}],"collection":[{"href":"https:\/\/temucotelevision.cl\/web\/wp-json\/wp\/v2\/posts"}],"about":[{"href":"https:\/\/temucotelevision.cl\/web\/wp-json\/wp\/v2\/types\/post"}],"author":[{"embeddable":true,"href":"https:\/\/temucotelevision.cl\/web\/wp-json\/wp\/v2\/users\/1"}],"replies":[{"embeddable":true,"href":"https:\/\/temucotelevision.cl\/web\/wp-json\/wp\/v2\/comments?post=51647"}],"version-history":[{"count":1,"href":"https:\/\/temucotelevision.cl\/web\/wp-json\/wp\/v2\/posts\/51647\/revisions"}],"predecessor-version":[{"id":51649,"href":"https:\/\/temucotelevision.cl\/web\/wp-json\/wp\/v2\/posts\/51647\/revisions\/51649"}],"wp:featuredmedia":[{"embeddable":true,"href":"https:\/\/temucotelevision.cl\/web\/wp-json\/wp\/v2\/media\/51648"}],"wp:attachment":[{"href":"https:\/\/temucotelevision.cl\/web\/wp-json\/wp\/v2\/media?parent=51647"}],"wp:term":[{"taxonomy":"category","embeddable":true,"href":"https:\/\/temucotelevision.cl\/web\/wp-json\/wp\/v2\/categories?post=51647"},{"taxonomy":"post_tag","embeddable":true,"href":"https:\/\/temucotelevision.cl\/web\/wp-json\/wp\/v2\/tags?post=51647"}],"curies":[{"name":"wp","href":"https:\/\/api.w.org\/{rel}","templated":true}]}}