{"id":51643,"date":"2024-07-30T09:51:38","date_gmt":"2024-07-30T12:51:38","guid":{"rendered":"https:\/\/temucotelevision.cl\/web\/?p=51643"},"modified":"2024-07-30T09:51:39","modified_gmt":"2024-07-30T12:51:39","slug":"gran-logia-de-chile-distinguio-a-un-grupo-de-bomberos-destacados-en-temuco","status":"publish","type":"post","link":"https:\/\/temucotelevision.cl\/web\/2024\/07\/30\/gran-logia-de-chile-distinguio-a-un-grupo-de-bomberos-destacados-en-temuco\/","title":{"rendered":"Gran Logia de Chile distingui\u00f3 a un grupo de bomberos destacados en Temuco"},"content":{"rendered":"<div class=\"pvc_clear\"><\/div><p id=\"pvc_stats_51643\" class=\"pvc_stats total_only  \" data-element-id=\"51643\" style=\"\"><i class=\"pvc-stats-icon large\" aria-hidden=\"true\"><svg aria-hidden=\"true\" focusable=\"false\" data-prefix=\"far\" data-icon=\"chart-bar\" role=\"img\" xmlns=\"http:\/\/www.w3.org\/2000\/svg\" viewBox=\"0 0 512 512\" class=\"svg-inline--fa fa-chart-bar fa-w-16 fa-2x\"><path fill=\"currentColor\" d=\"M396.8 352h22.4c6.4 0 12.8-6.4 12.8-12.8V108.8c0-6.4-6.4-12.8-12.8-12.8h-22.4c-6.4 0-12.8 6.4-12.8 12.8v230.4c0 6.4 6.4 12.8 12.8 12.8zm-192 0h22.4c6.4 0 12.8-6.4 12.8-12.8V140.8c0-6.4-6.4-12.8-12.8-12.8h-22.4c-6.4 0-12.8 6.4-12.8 12.8v198.4c0 6.4 6.4 12.8 12.8 12.8zm96 0h22.4c6.4 0 12.8-6.4 12.8-12.8V204.8c0-6.4-6.4-12.8-12.8-12.8h-22.4c-6.4 0-12.8 6.4-12.8 12.8v134.4c0 6.4 6.4 12.8 12.8 12.8zM496 400H48V80c0-8.84-7.16-16-16-16H16C7.16 64 0 71.16 0 80v336c0 17.67 14.33 32 32 32h464c8.84 0 16-7.16 16-16v-16c0-8.84-7.16-16-16-16zm-387.2-48h22.4c6.4 0 12.8-6.4 12.8-12.8v-70.4c0-6.4-6.4-12.8-12.8-12.8h-22.4c-6.4 0-12.8 6.4-12.8 12.8v70.4c0 6.4 6.4 12.8 12.8 12.8z\" class=\"\"><\/path><\/svg><\/i> <img loading=\"lazy\" decoding=\"async\" width=\"16\" height=\"16\" alt=\"Loading\" src=\"https:\/\/temucotelevision.cl\/web\/wp-content\/plugins\/page-views-count\/ajax-loader-2x.gif\" border=0 \/><\/p><div class=\"pvc_clear\"><\/div>\n<p>En una solemne ceremonia realizada en Temuco, la Gran Logia de Chile distingui\u00f3 con la Medalla Honor\u00edfica Germ\u00e1n Tenderini a un grupo de voluntarios de la capital regional y Pitrufqu\u00e9n. Los homenajeados fueron Laura del Valle Del Valle, prosecretaria general del Cuerpo de Bomberos de Temuco; Roberto Neira Aburto, bombero honorario de la Tercera Compa\u00f1\u00eda \u201cBomba Germania\u201d de Temuco; Juan Carlos M\u00e9ndez, bombero honorario de la Cuarta Compa\u00f1\u00eda \u201cBomba Espa\u00f1a\u201d de Temuco; Leonel Nualart Castro, director honorario del Cuerpo de Bomberos de Temuco; Carlos Westermeyer Pozo, inspector de Material Menor del Cuerpo de Bomberos de Temuco; Leonardo Urbina Laflor, director honorario, y Jos\u00e9 Figueroa Leiva, fundador de la Sexta Compa\u00f1\u00eda de Bomberos de Pitrufqu\u00e9n.<\/p>\n\n\n\n<p>Entre las autoridades presentes en la distinci\u00f3n se encontraban el senador Jaime Quintana, el secretario regional ministerial de Hacienda, Ronald Kilebs, y autoridades de los Cuerpos de Bomberos de Temuco y Pitrufqu\u00e9n, as\u00ed como importantes figuras mas\u00f3nicas. Destacaron entre ellos Nabor Urz\u00faa, gran bibliotecario y archivero de la Gran Logia de Chile; Gustavo Rocha, gran delegado del Gran Maestro para la Jurisdicci\u00f3n Caut\u00edn; Oscar Jim\u00e9nez, representante del soberano gran comendador, y Cecilia Hope, gran delegada de la Gran Maestra.<\/p>\n\n\n\n<p>El ex venerable maestro de la Logia Caut\u00edn 35, Aner Padilla, resalt\u00f3 la labor incansable y el sacrificio de los bomberos homenajeados. Por su parte, Nabor Urz\u00faa destac\u00f3 que tanto Bomberos como la Masoner\u00eda tienen un origen com\u00fan, siempre ligados a personas que participaban de ambas instituciones y han ido creciendo juntas a trav\u00e9s de los a\u00f1os. \u201cEl primer m\u00e1rtir del Cuerpo de Bomberos de Santiago fue Germ\u00e1n Tenderini, miembro de la Masoner\u00eda. Los caminos de ambas instituciones han ido en forma paralela hasta hoy en d\u00eda. Muchos de nuestros hermanos pertenecen a Bomberos y muchos bomberos pertenecen a nuestra instituci\u00f3n. Este no es s\u00f3lo un homenaje a Bomberos, sino tambi\u00e9n un reconocimiento a los v\u00ednculos que mantienen estas instituciones, que aspiran a tener una mejor sociedad y trabajan para que las personas tengan una vida m\u00e1s llevadera tanto en lo material como en lo intelectual\u201d, se\u00f1al\u00f3 Urz\u00faa.<\/p>\n\n\n\n<p>En nombre de los bomberos condecorados, el bombero y alcalde de Temuco, Roberto Neira, expres\u00f3 su agradecimiento y orgullo por el reconocimiento recibido.<\/p>\n\n\n\n<p>El superintendente del Cuerpo de Bomberos de Temuco, Alfredo Lassalle, tambi\u00e9n entreg\u00f3 un reconocimiento a la Gran Logia y manifest\u00f3 que \u201cEsta distinci\u00f3n es muy relevante para nosotros. Existen muchos Cuerpos de Bomberos y Compa\u00f1\u00edas que han nacido al alero de la instituci\u00f3n mas\u00f3nica en nuestro pa\u00eds\u201d.<\/p>\n\n\n\n<figure class=\"wp-block-image size-large\"><img loading=\"lazy\" decoding=\"async\" width=\"1000\" height=\"667\" src=\"https:\/\/temucotelevision.cl\/web\/wp-content\/uploads\/2024\/07\/homenajeados-1000x667.jpg\" alt=\"\" class=\"wp-image-51645\" srcset=\"https:\/\/temucotelevision.cl\/web\/wp-content\/uploads\/2024\/07\/homenajeados-1000x667.jpg 1000w, https:\/\/temucotelevision.cl\/web\/wp-content\/uploads\/2024\/07\/homenajeados-768x512.jpg 768w, https:\/\/temucotelevision.cl\/web\/wp-content\/uploads\/2024\/07\/homenajeados-1536x1024.jpg 1536w, https:\/\/temucotelevision.cl\/web\/wp-content\/uploads\/2024\/07\/homenajeados.jpg 1920w\" sizes=\"auto, (max-width: 1000px) 100vw, 1000px\" \/><\/figure>\n","protected":false},"excerpt":{"rendered":"<div class=\"pvc_clear\"><\/div>\n<p id=\"pvc_stats_51643\" class=\"pvc_stats total_only  \" data-element-id=\"51643\" style=\"\"><i class=\"pvc-stats-icon large\" aria-hidden=\"true\"><svg aria-hidden=\"true\" focusable=\"false\" data-prefix=\"far\" data-icon=\"chart-bar\" role=\"img\" xmlns=\"http:\/\/www.w3.org\/2000\/svg\" viewBox=\"0 0 512 512\" class=\"svg-inline--fa fa-chart-bar fa-w-16 fa-2x\"><path fill=\"currentColor\" d=\"M396.8 352h22.4c6.4 0 12.8-6.4 12.8-12.8V108.8c0-6.4-6.4-12.8-12.8-12.8h-22.4c-6.4 0-12.8 6.4-12.8 12.8v230.4c0 6.4 6.4 12.8 12.8 12.8zm-192 0h22.4c6.4 0 12.8-6.4 12.8-12.8V140.8c0-6.4-6.4-12.8-12.8-12.8h-22.4c-6.4 0-12.8 6.4-12.8 12.8v198.4c0 6.4 6.4 12.8 12.8 12.8zm96 0h22.4c6.4 0 12.8-6.4 12.8-12.8V204.8c0-6.4-6.4-12.8-12.8-12.8h-22.4c-6.4 0-12.8 6.4-12.8 12.8v134.4c0 6.4 6.4 12.8 12.8 12.8zM496 400H48V80c0-8.84-7.16-16-16-16H16C7.16 64 0 71.16 0 80v336c0 17.67 14.33 32 32 32h464c8.84 0 16-7.16 16-16v-16c0-8.84-7.16-16-16-16zm-387.2-48h22.4c6.4 0 12.8-6.4 12.8-12.8v-70.4c0-6.4-6.4-12.8-12.8-12.8h-22.4c-6.4 0-12.8 6.4-12.8 12.8v70.4c0 6.4 6.4 12.8 12.8 12.8z\" class=\"\"><\/path><\/svg><\/i> <img loading=\"lazy\" decoding=\"async\" width=\"16\" height=\"16\" alt=\"Loading\" src=\"https:\/\/temucotelevision.cl\/web\/wp-content\/plugins\/page-views-count\/ajax-loader-2x.gif\" border=0 \/><\/p>\n<div class=\"pvc_clear\"><\/div>\n<p>En una solemne ceremonia realizada en Temuco, la Gran Logia de Chile distingui\u00f3 con la Medalla Honor\u00edfica Germ\u00e1n Tenderini a<\/p>\n","protected":false},"author":1,"featured_media":51644,"comment_status":"open","ping_status":"open","sticky":false,"template":"","format":"standard","meta":{"colormag_page_container_layout":"default_layout","colormag_page_sidebar_layout":"default_layout","footnotes":""},"categories":[15],"tags":[304],"class_list":["post-51643","post","type-post","status-publish","format-standard","has-post-thumbnail","hentry","category-la-araucania","tag-bomberos"],"a3_pvc":{"activated":true,"total_views":1997,"today_views":0},"_links":{"self":[{"href":"https:\/\/temucotelevision.cl\/web\/wp-json\/wp\/v2\/posts\/51643","targetHints":{"allow":["GET"]}}],"collection":[{"href":"https:\/\/temucotelevision.cl\/web\/wp-json\/wp\/v2\/posts"}],"about":[{"href":"https:\/\/temucotelevision.cl\/web\/wp-json\/wp\/v2\/types\/post"}],"author":[{"embeddable":true,"href":"https:\/\/temucotelevision.cl\/web\/wp-json\/wp\/v2\/users\/1"}],"replies":[{"embeddable":true,"href":"https:\/\/temucotelevision.cl\/web\/wp-json\/wp\/v2\/comments?post=51643"}],"version-history":[{"count":1,"href":"https:\/\/temucotelevision.cl\/web\/wp-json\/wp\/v2\/posts\/51643\/revisions"}],"predecessor-version":[{"id":51646,"href":"https:\/\/temucotelevision.cl\/web\/wp-json\/wp\/v2\/posts\/51643\/revisions\/51646"}],"wp:featuredmedia":[{"embeddable":true,"href":"https:\/\/temucotelevision.cl\/web\/wp-json\/wp\/v2\/media\/51644"}],"wp:attachment":[{"href":"https:\/\/temucotelevision.cl\/web\/wp-json\/wp\/v2\/media?parent=51643"}],"wp:term":[{"taxonomy":"category","embeddable":true,"href":"https:\/\/temucotelevision.cl\/web\/wp-json\/wp\/v2\/categories?post=51643"},{"taxonomy":"post_tag","embeddable":true,"href":"https:\/\/temucotelevision.cl\/web\/wp-json\/wp\/v2\/tags?post=51643"}],"curies":[{"name":"wp","href":"https:\/\/api.w.org\/{rel}","templated":true}]}}