{"id":51638,"date":"2024-07-29T23:02:54","date_gmt":"2024-07-30T02:02:54","guid":{"rendered":"https:\/\/temucotelevision.cl\/web\/?p=51638"},"modified":"2024-07-29T23:03:31","modified_gmt":"2024-07-30T02:03:31","slug":"60-de-entradas-vendidas-para-andres-calamaro-en-temuco-no-te-quedes-fuera-se-agotan-las-1eras-filas","status":"publish","type":"post","link":"https:\/\/temucotelevision.cl\/web\/2024\/07\/29\/60-de-entradas-vendidas-para-andres-calamaro-en-temuco-no-te-quedes-fuera-se-agotan-las-1eras-filas\/","title":{"rendered":"60% de entradas vendidas para Andr\u00e9s Calamaro en Temuco: No te quedes fuera, se agotan las 1eras filas"},"content":{"rendered":"<div class=\"pvc_clear\"><\/div><p id=\"pvc_stats_51638\" class=\"pvc_stats total_only  \" data-element-id=\"51638\" style=\"\"><i class=\"pvc-stats-icon large\" aria-hidden=\"true\"><svg aria-hidden=\"true\" focusable=\"false\" data-prefix=\"far\" data-icon=\"chart-bar\" role=\"img\" xmlns=\"http:\/\/www.w3.org\/2000\/svg\" viewBox=\"0 0 512 512\" class=\"svg-inline--fa fa-chart-bar fa-w-16 fa-2x\"><path fill=\"currentColor\" d=\"M396.8 352h22.4c6.4 0 12.8-6.4 12.8-12.8V108.8c0-6.4-6.4-12.8-12.8-12.8h-22.4c-6.4 0-12.8 6.4-12.8 12.8v230.4c0 6.4 6.4 12.8 12.8 12.8zm-192 0h22.4c6.4 0 12.8-6.4 12.8-12.8V140.8c0-6.4-6.4-12.8-12.8-12.8h-22.4c-6.4 0-12.8 6.4-12.8 12.8v198.4c0 6.4 6.4 12.8 12.8 12.8zm96 0h22.4c6.4 0 12.8-6.4 12.8-12.8V204.8c0-6.4-6.4-12.8-12.8-12.8h-22.4c-6.4 0-12.8 6.4-12.8 12.8v134.4c0 6.4 6.4 12.8 12.8 12.8zM496 400H48V80c0-8.84-7.16-16-16-16H16C7.16 64 0 71.16 0 80v336c0 17.67 14.33 32 32 32h464c8.84 0 16-7.16 16-16v-16c0-8.84-7.16-16-16-16zm-387.2-48h22.4c6.4 0 12.8-6.4 12.8-12.8v-70.4c0-6.4-6.4-12.8-12.8-12.8h-22.4c-6.4 0-12.8 6.4-12.8 12.8v70.4c0 6.4 6.4 12.8 12.8 12.8z\" class=\"\"><\/path><\/svg><\/i> <img loading=\"lazy\" decoding=\"async\" width=\"16\" height=\"16\" alt=\"Loading\" src=\"https:\/\/temucotelevision.cl\/web\/wp-content\/plugins\/page-views-count\/ajax-loader-2x.gif\" border=0 \/><\/p><div class=\"pvc_clear\"><\/div>\n<p>Desde Agencia K10, productora a cargo del evento, llaman a los fan\u00e1ticos del \u00eddolo del rock argentino a asegurar las mejores ubicaciones para el show del pr\u00f3ximo 12 de octubre.<\/p>\n\n\n\n<p>La espera para ver a Andr\u00e9s Calamaro en La Araucan\u00eda est\u00e1 llegando a su fin. A dos meses del esperado evento, se ha vendido m\u00e1s del 60% de las entradas y las primeras filas est\u00e1n a punto de agotarse.<\/p>\n\n\n\n<p>El concierto, que se llevar\u00e1 a cabo el pr\u00f3ximo 12 de octubre en el Gimnasio Ol\u00edmpico de la Universidad de La Frontera (UFRO) como parte de su gira &#8220;Agenda 1999 Tour&#8221;, ha generado una gran expectaci\u00f3n en La Araucan\u00eda y en todo el sur de Chile.<\/p>\n\n\n\n<p>La productora a cargo del espect\u00e1culo, Agencia K10, ha proyectado un &#8220;lleno total&#8221; para el show. Jos\u00e9 Manuel Tapia, director de Agencia K10, valor\u00f3 la gran recepci\u00f3n y entusiasmo de los fan\u00e1ticos por ver a Calamaro en vivo en la ciudad de Temuco.<\/p>\n\n\n\n<p>\u201cEstamos s\u00faper felices con la recepci\u00f3n del p\u00fablico, de los fans de Andr\u00e9s, porque esta es una gira \u00fanica e in\u00e9dita en el sur de Chile, y nadie se quiere quedar afuera de vivir un concierto \u00e9pico, y con un lleno total\u201d, coment\u00f3 Tapia.<\/p>\n\n\n\n<p>Desde Agencia K10 hacen un llamado a los seguidores de Calamaro a que adquieran sus entradas con anticipaci\u00f3n, especialmente aquellas que garantizan una mejor ubicaci\u00f3n cerca del escenario. La venta de entradas contin\u00faa a trav\u00e9s de la plataforma Passline, y se espera que las \u00faltimas localidades de las primeras filas se agoten en los pr\u00f3ximos d\u00edas.<\/p>\n\n\n\n<p>&#8220;Todav\u00eda quedan tickets disponibles, es importante que los fans sepan que a\u00fan pueden ser parte de esta fiesta del rock, y que pueden ingresar a www.passline.com para revisar las ubicaciones y vivir la experiencia de ver a Calamaro en vivo, en concierto&#8221;, agrega Jos\u00e9 Manuel Tapia de Agencia K10.<\/p>\n\n\n\n<p>La presentaci\u00f3n de Calamaro en el Gimnasio Ol\u00edmpico de la Ufro, el pr\u00f3ximo 12 de octubre, promete ser una noche inolvidable para sus fan\u00e1ticos, quienes podr\u00e1n escuchar un repertorio que incluir\u00e1 los grandes \u00e9xitos de su carrera, as\u00ed como temas de su ic\u00f3nico \u00e1lbum &#8220;Honestidad Brutal&#8221;, que celebra su 25 aniversario este a\u00f1o.<\/p>\n","protected":false},"excerpt":{"rendered":"<div class=\"pvc_clear\"><\/div>\n<p id=\"pvc_stats_51638\" class=\"pvc_stats total_only  \" data-element-id=\"51638\" style=\"\"><i class=\"pvc-stats-icon large\" aria-hidden=\"true\"><svg aria-hidden=\"true\" focusable=\"false\" data-prefix=\"far\" data-icon=\"chart-bar\" role=\"img\" xmlns=\"http:\/\/www.w3.org\/2000\/svg\" viewBox=\"0 0 512 512\" class=\"svg-inline--fa fa-chart-bar fa-w-16 fa-2x\"><path fill=\"currentColor\" d=\"M396.8 352h22.4c6.4 0 12.8-6.4 12.8-12.8V108.8c0-6.4-6.4-12.8-12.8-12.8h-22.4c-6.4 0-12.8 6.4-12.8 12.8v230.4c0 6.4 6.4 12.8 12.8 12.8zm-192 0h22.4c6.4 0 12.8-6.4 12.8-12.8V140.8c0-6.4-6.4-12.8-12.8-12.8h-22.4c-6.4 0-12.8 6.4-12.8 12.8v198.4c0 6.4 6.4 12.8 12.8 12.8zm96 0h22.4c6.4 0 12.8-6.4 12.8-12.8V204.8c0-6.4-6.4-12.8-12.8-12.8h-22.4c-6.4 0-12.8 6.4-12.8 12.8v134.4c0 6.4 6.4 12.8 12.8 12.8zM496 400H48V80c0-8.84-7.16-16-16-16H16C7.16 64 0 71.16 0 80v336c0 17.67 14.33 32 32 32h464c8.84 0 16-7.16 16-16v-16c0-8.84-7.16-16-16-16zm-387.2-48h22.4c6.4 0 12.8-6.4 12.8-12.8v-70.4c0-6.4-6.4-12.8-12.8-12.8h-22.4c-6.4 0-12.8 6.4-12.8 12.8v70.4c0 6.4 6.4 12.8 12.8 12.8z\" class=\"\"><\/path><\/svg><\/i> <img loading=\"lazy\" decoding=\"async\" width=\"16\" height=\"16\" alt=\"Loading\" src=\"https:\/\/temucotelevision.cl\/web\/wp-content\/plugins\/page-views-count\/ajax-loader-2x.gif\" border=0 \/><\/p>\n<div class=\"pvc_clear\"><\/div>\n<p>Desde Agencia K10, productora a cargo del evento, llaman a los fan\u00e1ticos del \u00eddolo del rock argentino a asegurar las<\/p>\n","protected":false},"author":1,"featured_media":51639,"comment_status":"open","ping_status":"open","sticky":false,"template":"","format":"standard","meta":{"colormag_page_container_layout":"default_layout","colormag_page_sidebar_layout":"default_layout","footnotes":""},"categories":[86],"tags":[7080,225],"class_list":["post-51638","post","type-post","status-publish","format-standard","has-post-thumbnail","hentry","category-panoramas","tag-andres-calamaro","tag-entradas"],"a3_pvc":{"activated":true,"total_views":479,"today_views":0},"_links":{"self":[{"href":"https:\/\/temucotelevision.cl\/web\/wp-json\/wp\/v2\/posts\/51638","targetHints":{"allow":["GET"]}}],"collection":[{"href":"https:\/\/temucotelevision.cl\/web\/wp-json\/wp\/v2\/posts"}],"about":[{"href":"https:\/\/temucotelevision.cl\/web\/wp-json\/wp\/v2\/types\/post"}],"author":[{"embeddable":true,"href":"https:\/\/temucotelevision.cl\/web\/wp-json\/wp\/v2\/users\/1"}],"replies":[{"embeddable":true,"href":"https:\/\/temucotelevision.cl\/web\/wp-json\/wp\/v2\/comments?post=51638"}],"version-history":[{"count":2,"href":"https:\/\/temucotelevision.cl\/web\/wp-json\/wp\/v2\/posts\/51638\/revisions"}],"predecessor-version":[{"id":51642,"href":"https:\/\/temucotelevision.cl\/web\/wp-json\/wp\/v2\/posts\/51638\/revisions\/51642"}],"wp:featuredmedia":[{"embeddable":true,"href":"https:\/\/temucotelevision.cl\/web\/wp-json\/wp\/v2\/media\/51639"}],"wp:attachment":[{"href":"https:\/\/temucotelevision.cl\/web\/wp-json\/wp\/v2\/media?parent=51638"}],"wp:term":[{"taxonomy":"category","embeddable":true,"href":"https:\/\/temucotelevision.cl\/web\/wp-json\/wp\/v2\/categories?post=51638"},{"taxonomy":"post_tag","embeddable":true,"href":"https:\/\/temucotelevision.cl\/web\/wp-json\/wp\/v2\/tags?post=51638"}],"curies":[{"name":"wp","href":"https:\/\/api.w.org\/{rel}","templated":true}]}}