{"id":51636,"date":"2024-07-29T22:54:52","date_gmt":"2024-07-30T01:54:52","guid":{"rendered":"https:\/\/temucotelevision.cl\/web\/?p=51636"},"modified":"2024-07-29T22:54:52","modified_gmt":"2024-07-30T01:54:52","slug":"lista-de-candidatos-a-alcaldes-de-norte-a-sur-que-ha-inscrito-el-partido-social-cristiano","status":"publish","type":"post","link":"https:\/\/temucotelevision.cl\/web\/2024\/07\/29\/lista-de-candidatos-a-alcaldes-de-norte-a-sur-que-ha-inscrito-el-partido-social-cristiano\/","title":{"rendered":"Lista de candidatos a Alcaldes de norte a sur que ha inscrito el Partido Social Cristiano\u00a0"},"content":{"rendered":"<div class=\"pvc_clear\"><\/div><p id=\"pvc_stats_51636\" class=\"pvc_stats total_only  \" data-element-id=\"51636\" style=\"\"><i class=\"pvc-stats-icon large\" aria-hidden=\"true\"><svg aria-hidden=\"true\" focusable=\"false\" data-prefix=\"far\" data-icon=\"chart-bar\" role=\"img\" xmlns=\"http:\/\/www.w3.org\/2000\/svg\" viewBox=\"0 0 512 512\" class=\"svg-inline--fa fa-chart-bar fa-w-16 fa-2x\"><path fill=\"currentColor\" d=\"M396.8 352h22.4c6.4 0 12.8-6.4 12.8-12.8V108.8c0-6.4-6.4-12.8-12.8-12.8h-22.4c-6.4 0-12.8 6.4-12.8 12.8v230.4c0 6.4 6.4 12.8 12.8 12.8zm-192 0h22.4c6.4 0 12.8-6.4 12.8-12.8V140.8c0-6.4-6.4-12.8-12.8-12.8h-22.4c-6.4 0-12.8 6.4-12.8 12.8v198.4c0 6.4 6.4 12.8 12.8 12.8zm96 0h22.4c6.4 0 12.8-6.4 12.8-12.8V204.8c0-6.4-6.4-12.8-12.8-12.8h-22.4c-6.4 0-12.8 6.4-12.8 12.8v134.4c0 6.4 6.4 12.8 12.8 12.8zM496 400H48V80c0-8.84-7.16-16-16-16H16C7.16 64 0 71.16 0 80v336c0 17.67 14.33 32 32 32h464c8.84 0 16-7.16 16-16v-16c0-8.84-7.16-16-16-16zm-387.2-48h22.4c6.4 0 12.8-6.4 12.8-12.8v-70.4c0-6.4-6.4-12.8-12.8-12.8h-22.4c-6.4 0-12.8 6.4-12.8 12.8v70.4c0 6.4 6.4 12.8 12.8 12.8z\" class=\"\"><\/path><\/svg><\/i> <img loading=\"lazy\" decoding=\"async\" width=\"16\" height=\"16\" alt=\"Loading\" src=\"https:\/\/temucotelevision.cl\/web\/wp-content\/plugins\/page-views-count\/ajax-loader-2x.gif\" border=0 \/><\/p><div class=\"pvc_clear\"><\/div>\n<p>&#8211; *Arica*: Sebastian Arellano Pescetto<br>&#8211; *Alto Hospicio*: Fernando Ortega Ortega<br>&#8211; *Cami\u00f1a*: Sandra Challapa Mamani<br>&#8211; *Iquique*: Felipe Francisco Rojas Andrade<br>&#8211; *Antofagasta*: Eslayne Portilla Barraza<br>&#8211; *Calama*: Leslie Moll Vera<br>&#8211; *Alto del Carmen*: Raul Ardiles Ramirez<br>&#8211; *Copiap\u00f3*: Sandor Guzman Fuentes<br>&#8211; *Tierra Amarilla*: Carolina Badilla Castro<br>&#8211; *Coquimbo*: Hilario Velasquez Olave<br>&#8211; *La Serena*: Andrea Guzman Herrera<br>&#8211; *Ovalle*: Maria Godoy Milla<br>&#8211; *Vicu\u00f1a*: Silvio Mattos Araya<\/p>\n\n\n\n<p>&#8211; *Cartagena*: Cynthia Acu\u00f1a Silva<br>&#8211; *La Cruz*: Paolo Sanhueza Beretta<br>&#8211; *La Ligua*: Felipe Herrera Roco<br>&#8211; *Limache*: Oriana Perez Puebla<br>&#8211; *Quintero*: Jorge San Martin Gutierrez<br>&#8211; *San Antonio*: Alvaro Jose Ignacio Casanova Mora<br>&#8211; *San Felipe*: Jeheilly Jarufe Jofre<\/p>\n\n\n\n<p>&#8211; *Valpara\u00edso*: Alexis Oliveros Aguilar<br>&#8211; *Villa Alemana*: Marlene Laura Gonzalez Ahumada<br>&#8211; *Cerrillos*: Nehel Enrique Mu\u00f1oz Lagos<br>&#8211; *Cerro Navia*: Jose C\u00e1ceres Mu\u00f1oz<br>&#8211; *Huechuraba*: Julio Roberto Orellana Verdugo<br>&#8211; *Independencia*: Margarita Garrido Acevedo<br>&#8211; *La Florida*: Carol Ester Espinaza Aschieri<br>&#8211; *La Granja*: Freddy Brito Uribe<br>&#8211; *Lo Barnechea*: Loreto Letelier Barrera<br>&#8211; *Lo Prado*: Jessica Hormazabal Espinoza<br>&#8211; *Macul*: Franco Frias Gutierrez<br>&#8211; *Melipilla*: Juan Agustin Pinto Martinez<br>&#8211; *\u00d1u\u00f1oa*: Emilio Romero Berrios<br>&#8211; *Pe\u00f1alol\u00e9n*: Carlos Alarcon Castro<br>&#8211; *Providencia*: Daniela Aros Torres<br>&#8211; *Quinta Normal*: Osvaldo Guillermo Mu\u00f1oz Sanchez<br>&#8211; *Recoleta*: Andres Rigoberto Caceres Bravo<br>&#8211; *San Bernardo*: Christopher Edwin Espinoza Oliver<br>&#8211; *San Miguel*: Carolina Onofri Salinas<br>&#8211; *Santiago*: Aldo Duque Santos<\/p>\n\n\n\n<p>&#8211; *Las Cabras*: Guido Perez Maldonado<br>&#8211; *Litueche*: Aracelli Figueroa Nahuelcura<br>&#8211; *Paredones*: Margarita Catalan Parada<br>&#8211; *Placilla*: Rosa Torres Escobedo<br>&#8211; *Maule*: Scarlett Carrasco Quiroz<br>&#8211; *San Clemente*: Octavio Lorenzo Guajardo Vasquez<br>&#8211; *San Javier*: Miguel Angel De Jesus Gonzalez Parra<br>&#8211; *Yerbas Buenas*: Roden Fabriciano Arevalo Parada<br>&#8211; *Chill\u00e1n*: John Andrades Andrades<br>&#8211; *Chill\u00e1n Viejo*: Karla Mu\u00f1oz Maldonado<br>&#8211; *Coelemu*: Pedro Enrique Ramirez Glade<br>&#8211; *Coihueco*: Hugo Alberto Claveria Nova<br>&#8211; *El Carmen*: Oscar Labra\u00f1a Ramos<br>&#8211; *Quill\u00f3n*: Javier Esteban Campos Parra<br>&#8211; *Quirihue*: Abel David Huichalaf Perez<br>&#8211; *Chiguayante*: Jessica Flores Reyes<br>&#8211; *Contulmo*: Marco Antonio Morales Mu\u00f1oz<br>&#8211; *Coronel*: Carmen Madinagoitia Chamorro<br>&#8211; *Hualp\u00e9n*: Ninoska Villegas Lamas<br>&#8211; *Los \u00c1ngeles*: Patricio Badilla Cofre<br>&#8211; *Quilleco*: Patricio Mu\u00f1oz Poblete<br>&#8211; *San Pedro de la Paz*: Yazmin Jarpa Manriquez<br>&#8211; *Tir\u00faa*: Pedro Roberto Marileo Lavin<br>&#8211; *Freire*: Ingrid Calfin Cofre<br>&#8211; *Puc\u00f3n*: Nancy Milena Alfaro Jurjevic<br>&#8211; *Saavedra*: Margarita Zonia Llancafil Aburto<br>&#8211; *Temuco*: Jorge Alejandro Sepulveda Rosales<br>&#8211; *Villarrica*: Maria Zulema Vergara Quimen<br>&#8211; *R\u00edo Bueno*: Gerardo Abraham Jaramillo Asencio<br>&#8211; *Valdivia*: Jose Ignacio Bustos Munoz<br>&#8211; *Ancud*: Juan Elias Sanhueza Vargas<br>&#8211; *Llanquihue*: Antonio Caleo Nauto<br>&#8211; *Los Muermos*: Sandy Olivia Barrientos Avenda\u00f1o<br>&#8211; *Osorno*: Jaime Paredes Paredes<br>&#8211; *Puerto Montt*: Nelson Toro Aguirre<br>&#8211; *Puerto Varas*: Tamara Avenda\u00f1o Levinao<br>&#8211; *Quell\u00f3n*: Jose Antonio Low Poblete<br>&#8211; *San Pablo*: Jose Armando Guarda Carrillo<br>&#8211; *Coyhaique*: Jaime Jorquera Herrera<br>&#8211; *Guaitecas*: Paula Rodriguez Valenzuela<br>&#8211; *Punta Arenas*: Javiera Calvo Rifo<\/p>\n\n\n\n<p>&#8211; Registro Especial : &nbsp;Ganador de Primarias: &nbsp;Concepci\u00f3n : H\u00e9ctor Mu\u00f1oz Uribe<\/p>\n","protected":false},"excerpt":{"rendered":"<div class=\"pvc_clear\"><\/div>\n<p id=\"pvc_stats_51636\" class=\"pvc_stats total_only  \" data-element-id=\"51636\" style=\"\"><i class=\"pvc-stats-icon large\" aria-hidden=\"true\"><svg aria-hidden=\"true\" focusable=\"false\" data-prefix=\"far\" data-icon=\"chart-bar\" role=\"img\" xmlns=\"http:\/\/www.w3.org\/2000\/svg\" viewBox=\"0 0 512 512\" class=\"svg-inline--fa fa-chart-bar fa-w-16 fa-2x\"><path fill=\"currentColor\" d=\"M396.8 352h22.4c6.4 0 12.8-6.4 12.8-12.8V108.8c0-6.4-6.4-12.8-12.8-12.8h-22.4c-6.4 0-12.8 6.4-12.8 12.8v230.4c0 6.4 6.4 12.8 12.8 12.8zm-192 0h22.4c6.4 0 12.8-6.4 12.8-12.8V140.8c0-6.4-6.4-12.8-12.8-12.8h-22.4c-6.4 0-12.8 6.4-12.8 12.8v198.4c0 6.4 6.4 12.8 12.8 12.8zm96 0h22.4c6.4 0 12.8-6.4 12.8-12.8V204.8c0-6.4-6.4-12.8-12.8-12.8h-22.4c-6.4 0-12.8 6.4-12.8 12.8v134.4c0 6.4 6.4 12.8 12.8 12.8zM496 400H48V80c0-8.84-7.16-16-16-16H16C7.16 64 0 71.16 0 80v336c0 17.67 14.33 32 32 32h464c8.84 0 16-7.16 16-16v-16c0-8.84-7.16-16-16-16zm-387.2-48h22.4c6.4 0 12.8-6.4 12.8-12.8v-70.4c0-6.4-6.4-12.8-12.8-12.8h-22.4c-6.4 0-12.8 6.4-12.8 12.8v70.4c0 6.4 6.4 12.8 12.8 12.8z\" class=\"\"><\/path><\/svg><\/i> <img loading=\"lazy\" decoding=\"async\" width=\"16\" height=\"16\" alt=\"Loading\" src=\"https:\/\/temucotelevision.cl\/web\/wp-content\/plugins\/page-views-count\/ajax-loader-2x.gif\" border=0 \/><\/p>\n<div class=\"pvc_clear\"><\/div>\n<p>&#8211; *Arica*: Sebastian Arellano Pescetto&#8211; *Alto Hospicio*: Fernando Ortega Ortega&#8211; *Cami\u00f1a*: Sandra Challapa Mamani&#8211; *Iquique*: Felipe Francisco Rojas Andrade&#8211; *Antofagasta*:<\/p>\n","protected":false},"author":1,"featured_media":29669,"comment_status":"open","ping_status":"open","sticky":false,"template":"","format":"standard","meta":{"colormag_page_container_layout":"default_layout","colormag_page_sidebar_layout":"default_layout","footnotes":""},"categories":[84],"tags":[1512],"class_list":["post-51636","post","type-post","status-publish","format-standard","has-post-thumbnail","hentry","category-politica","tag-alcaldes"],"a3_pvc":{"activated":true,"total_views":2754,"today_views":0},"_links":{"self":[{"href":"https:\/\/temucotelevision.cl\/web\/wp-json\/wp\/v2\/posts\/51636","targetHints":{"allow":["GET"]}}],"collection":[{"href":"https:\/\/temucotelevision.cl\/web\/wp-json\/wp\/v2\/posts"}],"about":[{"href":"https:\/\/temucotelevision.cl\/web\/wp-json\/wp\/v2\/types\/post"}],"author":[{"embeddable":true,"href":"https:\/\/temucotelevision.cl\/web\/wp-json\/wp\/v2\/users\/1"}],"replies":[{"embeddable":true,"href":"https:\/\/temucotelevision.cl\/web\/wp-json\/wp\/v2\/comments?post=51636"}],"version-history":[{"count":1,"href":"https:\/\/temucotelevision.cl\/web\/wp-json\/wp\/v2\/posts\/51636\/revisions"}],"predecessor-version":[{"id":51637,"href":"https:\/\/temucotelevision.cl\/web\/wp-json\/wp\/v2\/posts\/51636\/revisions\/51637"}],"wp:featuredmedia":[{"embeddable":true,"href":"https:\/\/temucotelevision.cl\/web\/wp-json\/wp\/v2\/media\/29669"}],"wp:attachment":[{"href":"https:\/\/temucotelevision.cl\/web\/wp-json\/wp\/v2\/media?parent=51636"}],"wp:term":[{"taxonomy":"category","embeddable":true,"href":"https:\/\/temucotelevision.cl\/web\/wp-json\/wp\/v2\/categories?post=51636"},{"taxonomy":"post_tag","embeddable":true,"href":"https:\/\/temucotelevision.cl\/web\/wp-json\/wp\/v2\/tags?post=51636"}],"curies":[{"name":"wp","href":"https:\/\/api.w.org\/{rel}","templated":true}]}}