{"id":51632,"date":"2024-07-29T17:59:29","date_gmt":"2024-07-29T20:59:29","guid":{"rendered":"https:\/\/temucotelevision.cl\/web\/?p=51632"},"modified":"2024-07-30T11:28:43","modified_gmt":"2024-07-30T14:28:43","slug":"nuevo-single-y-video-de-los-muertos","status":"publish","type":"post","link":"https:\/\/temucotelevision.cl\/web\/2024\/07\/29\/nuevo-single-y-video-de-los-muertos\/","title":{"rendered":"Nuevo single y video de \u201cLos Muertos\u201d"},"content":{"rendered":"<div class=\"pvc_clear\"><\/div><p id=\"pvc_stats_51632\" class=\"pvc_stats total_only  \" data-element-id=\"51632\" style=\"\"><i class=\"pvc-stats-icon large\" aria-hidden=\"true\"><svg aria-hidden=\"true\" focusable=\"false\" data-prefix=\"far\" data-icon=\"chart-bar\" role=\"img\" xmlns=\"http:\/\/www.w3.org\/2000\/svg\" viewBox=\"0 0 512 512\" class=\"svg-inline--fa fa-chart-bar fa-w-16 fa-2x\"><path fill=\"currentColor\" d=\"M396.8 352h22.4c6.4 0 12.8-6.4 12.8-12.8V108.8c0-6.4-6.4-12.8-12.8-12.8h-22.4c-6.4 0-12.8 6.4-12.8 12.8v230.4c0 6.4 6.4 12.8 12.8 12.8zm-192 0h22.4c6.4 0 12.8-6.4 12.8-12.8V140.8c0-6.4-6.4-12.8-12.8-12.8h-22.4c-6.4 0-12.8 6.4-12.8 12.8v198.4c0 6.4 6.4 12.8 12.8 12.8zm96 0h22.4c6.4 0 12.8-6.4 12.8-12.8V204.8c0-6.4-6.4-12.8-12.8-12.8h-22.4c-6.4 0-12.8 6.4-12.8 12.8v134.4c0 6.4 6.4 12.8 12.8 12.8zM496 400H48V80c0-8.84-7.16-16-16-16H16C7.16 64 0 71.16 0 80v336c0 17.67 14.33 32 32 32h464c8.84 0 16-7.16 16-16v-16c0-8.84-7.16-16-16-16zm-387.2-48h22.4c6.4 0 12.8-6.4 12.8-12.8v-70.4c0-6.4-6.4-12.8-12.8-12.8h-22.4c-6.4 0-12.8 6.4-12.8 12.8v70.4c0 6.4 6.4 12.8 12.8 12.8z\" class=\"\"><\/path><\/svg><\/i> <img loading=\"lazy\" decoding=\"async\" width=\"16\" height=\"16\" alt=\"Loading\" src=\"https:\/\/temucotelevision.cl\/web\/wp-content\/plugins\/page-views-count\/ajax-loader-2x.gif\" border=0 \/><\/p><div class=\"pvc_clear\"><\/div>\n<p>\u201c<strong>El momento de la verdad<\/strong>\u201d es el nombre del tema que ya se encuentra disponible en todas las plataformas digitales de la agrupaci\u00f3n penquista. Los oriundos de la regi\u00f3n del B\u00edo B\u00edo llegan, adem\u00e1s, con un videoclip bajo el brazo&nbsp;para potenciar esta canci\u00f3n, la cual nos habla de uno de los tantos episodios y aventuras de la vida&nbsp;del guerrillero&nbsp;<strong>Manuel Rodr\u00edguez<\/strong>.&nbsp;El nuevo material de Los Muertos,&nbsp;nos viene a entregar las claves sonoras definitivas de lo que ser\u00e1 su cuarto \u00e1lbum de estudio y refuerza el concepto de&nbsp;<strong>rescate hist\u00f3rico&nbsp;a trav\u00e9s del rock<\/strong>, algo que caracteriza a esta&nbsp;banda chilena desde sus inicios a comienzos de los dos mil.<\/p>\n\n\n\n<p>Este single, el sexto que han presentado hasta la fecha, fue&nbsp;registrado, mezclado y producido en estudios FM por el ingeniero&nbsp;<strong>Franco Maestri&nbsp;<\/strong>y masterizado por&nbsp;<strong>Joaqu\u00edn Garc\u00eda&nbsp;<\/strong>y ser\u00eda el \u00faltimo adelanto antes de la presentaci\u00f3n de su pr\u00f3ximo disco, una&nbsp; obra conceptual que tiene como protagonista al pr\u00f3cer rebelde.<\/p>\n\n\n\n<p>La realizaci\u00f3n cont\u00f3 con la direcci\u00f3n del&nbsp;<strong>artista audiovisual Guido Ulloa<\/strong>&nbsp;y con la participaci\u00f3n de integrantes de la&nbsp;\u201c<em>Asociaci\u00f3n Hist\u00f3rico Cultural Frontera del Biob\u00edo<\/em>\u201d y&nbsp;\u201c<em>Asociaci\u00f3n Hist\u00f3rico Cultural Guerra de Independencia de Chile<\/em>\u201c.&nbsp;La pieza musical nos habla de un episodio ocurrido a principios de 1817, cuando&nbsp;<strong>Bernardo O\u2019Higgins<\/strong>&nbsp;ofrece a&nbsp;<strong>Manuel Rodr\u00edguez<\/strong>&nbsp;partir en misi\u00f3n diplom\u00e1tica al extranjero, con la intenci\u00f3n encubierta de sacarlo del pa\u00eds. Ante la negativa del guerrillero, se ordena su detenci\u00f3n y traslado inmediato a la prisi\u00f3n&nbsp;<strong>Castillo San Jos\u00e9 en Valpara\u00edso<\/strong>, para ser embarcado lo antes posible con direcci\u00f3n a Estados Unidos. Pero el principal antagonista del gobierno de Ohiggins, logra fugarse de prisi\u00f3n sin que hasta hoy se tenga certeza de cu\u00e1l fue su estrategia para evadir con \u00e9xito a la guardia militar.<\/p>\n\n\n\n<p>Para la grabaci\u00f3n se utilizaron varias locaciones siendo una de ellas el m\u00edtico&nbsp;<strong>teatro Dante<\/strong>&nbsp;en la ciudad de Talcahuano donde se registraron las escenas interiores de la banda tocando.<\/p>\n\n\n\n<p>La agrupaci\u00f3n integrada por Elias Jaramillo en voz, Juan Pablo Moraga en guitarra, Fabi\u00e1n\u00a0N\u00fa\u00f1ez en bajo y Francisco Zamorano en bater\u00eda, afina detalles para el lanzamiento definitivo de un\u00a0<strong>\u00e1lbum conceptual<\/strong>\u00a0que les ha tomado a\u00f1os de preparaci\u00f3n, siempre asesorados por historiadores e investigadores, siendo el m\u00e1s destacado\u00a0<strong>Javier Campos Santander<\/strong>, autor del libro \u201c<strong>Tras la huella de Manuel Rodr\u00edguez\u201d<\/strong>\u00a0obra que se ha transformado en una las piedras angulares en este proceso.\u00a0El pr\u00f3ximo show en vivo de Los Muertos ser\u00e1 el pr\u00f3ximo 6 de septiembre en \u201c<strong>Casa de Salud<\/strong>\u201d de Concepci\u00f3n.<\/p>\n\n\n\n<figure class=\"wp-block-embed is-type-video is-provider-youtube wp-block-embed-youtube wp-embed-aspect-16-9 wp-has-aspect-ratio\"><div class=\"wp-block-embed__wrapper\">\n<div class=\"epyt-video-wrapper\"><iframe loading=\"lazy\"  id=\"_ytid_39206\"  width=\"800\" height=\"450\"  data-origwidth=\"800\" data-origheight=\"450\" src=\"https:\/\/www.youtube.com\/embed\/fSabGEIKt4U?enablejsapi=1&#038;autoplay=0&#038;cc_load_policy=0&#038;cc_lang_pref=&#038;iv_load_policy=1&#038;loop=0&#038;rel=1&#038;fs=1&#038;playsinline=0&#038;autohide=2&#038;theme=dark&#038;color=red&#038;controls=1&#038;disablekb=0&#038;\" class=\"__youtube_prefs__  epyt-is-override  no-lazyload\" title=\"YouTube player\"  allow=\"fullscreen; accelerometer; autoplay; clipboard-write; encrypted-media; gyroscope; picture-in-picture; web-share\" referrerpolicy=\"strict-origin-when-cross-origin\" allowfullscreen data-no-lazy=\"1\" data-skipgform_ajax_framebjll=\"\"><\/iframe><\/div>\n<\/div><\/figure>\n","protected":false},"excerpt":{"rendered":"<div class=\"pvc_clear\"><\/div>\n<p id=\"pvc_stats_51632\" class=\"pvc_stats total_only  \" data-element-id=\"51632\" style=\"\"><i class=\"pvc-stats-icon large\" aria-hidden=\"true\"><svg aria-hidden=\"true\" focusable=\"false\" data-prefix=\"far\" data-icon=\"chart-bar\" role=\"img\" xmlns=\"http:\/\/www.w3.org\/2000\/svg\" viewBox=\"0 0 512 512\" class=\"svg-inline--fa fa-chart-bar fa-w-16 fa-2x\"><path fill=\"currentColor\" d=\"M396.8 352h22.4c6.4 0 12.8-6.4 12.8-12.8V108.8c0-6.4-6.4-12.8-12.8-12.8h-22.4c-6.4 0-12.8 6.4-12.8 12.8v230.4c0 6.4 6.4 12.8 12.8 12.8zm-192 0h22.4c6.4 0 12.8-6.4 12.8-12.8V140.8c0-6.4-6.4-12.8-12.8-12.8h-22.4c-6.4 0-12.8 6.4-12.8 12.8v198.4c0 6.4 6.4 12.8 12.8 12.8zm96 0h22.4c6.4 0 12.8-6.4 12.8-12.8V204.8c0-6.4-6.4-12.8-12.8-12.8h-22.4c-6.4 0-12.8 6.4-12.8 12.8v134.4c0 6.4 6.4 12.8 12.8 12.8zM496 400H48V80c0-8.84-7.16-16-16-16H16C7.16 64 0 71.16 0 80v336c0 17.67 14.33 32 32 32h464c8.84 0 16-7.16 16-16v-16c0-8.84-7.16-16-16-16zm-387.2-48h22.4c6.4 0 12.8-6.4 12.8-12.8v-70.4c0-6.4-6.4-12.8-12.8-12.8h-22.4c-6.4 0-12.8 6.4-12.8 12.8v70.4c0 6.4 6.4 12.8 12.8 12.8z\" class=\"\"><\/path><\/svg><\/i> <img loading=\"lazy\" decoding=\"async\" width=\"16\" height=\"16\" alt=\"Loading\" src=\"https:\/\/temucotelevision.cl\/web\/wp-content\/plugins\/page-views-count\/ajax-loader-2x.gif\" border=0 \/><\/p>\n<div class=\"pvc_clear\"><\/div>\n<p>\u201cEl momento de la verdad\u201d es el nombre del tema que ya se encuentra disponible en todas las plataformas digitales<\/p>\n","protected":false},"author":143,"featured_media":51633,"comment_status":"open","ping_status":"open","sticky":false,"template":"","format":"standard","meta":{"colormag_page_container_layout":"default_layout","colormag_page_sidebar_layout":"default_layout","footnotes":""},"categories":[369],"tags":[],"class_list":["post-51632","post","type-post","status-publish","format-standard","has-post-thumbnail","hentry","category-musica"],"a3_pvc":{"activated":true,"total_views":929,"today_views":0},"_links":{"self":[{"href":"https:\/\/temucotelevision.cl\/web\/wp-json\/wp\/v2\/posts\/51632","targetHints":{"allow":["GET"]}}],"collection":[{"href":"https:\/\/temucotelevision.cl\/web\/wp-json\/wp\/v2\/posts"}],"about":[{"href":"https:\/\/temucotelevision.cl\/web\/wp-json\/wp\/v2\/types\/post"}],"author":[{"embeddable":true,"href":"https:\/\/temucotelevision.cl\/web\/wp-json\/wp\/v2\/users\/143"}],"replies":[{"embeddable":true,"href":"https:\/\/temucotelevision.cl\/web\/wp-json\/wp\/v2\/comments?post=51632"}],"version-history":[{"count":1,"href":"https:\/\/temucotelevision.cl\/web\/wp-json\/wp\/v2\/posts\/51632\/revisions"}],"predecessor-version":[{"id":51634,"href":"https:\/\/temucotelevision.cl\/web\/wp-json\/wp\/v2\/posts\/51632\/revisions\/51634"}],"wp:featuredmedia":[{"embeddable":true,"href":"https:\/\/temucotelevision.cl\/web\/wp-json\/wp\/v2\/media\/51633"}],"wp:attachment":[{"href":"https:\/\/temucotelevision.cl\/web\/wp-json\/wp\/v2\/media?parent=51632"}],"wp:term":[{"taxonomy":"category","embeddable":true,"href":"https:\/\/temucotelevision.cl\/web\/wp-json\/wp\/v2\/categories?post=51632"},{"taxonomy":"post_tag","embeddable":true,"href":"https:\/\/temucotelevision.cl\/web\/wp-json\/wp\/v2\/tags?post=51632"}],"curies":[{"name":"wp","href":"https:\/\/api.w.org\/{rel}","templated":true}]}}