{"id":51628,"date":"2024-07-29T16:31:30","date_gmt":"2024-07-29T19:31:30","guid":{"rendered":"https:\/\/temucotelevision.cl\/web\/?p=51628"},"modified":"2024-07-29T16:31:37","modified_gmt":"2024-07-29T19:31:37","slug":"voces-del-volcan-anima-gala-folclorica-uniendo-generaciones-en-pucon","status":"publish","type":"post","link":"https:\/\/temucotelevision.cl\/web\/2024\/07\/29\/voces-del-volcan-anima-gala-folclorica-uniendo-generaciones-en-pucon\/","title":{"rendered":"Voces del Volc\u00e1n anima Gala Folcl\u00f3rica uniendo generaciones en Puc\u00f3n"},"content":{"rendered":"<div class=\"pvc_clear\"><\/div><p id=\"pvc_stats_51628\" class=\"pvc_stats total_only  \" data-element-id=\"51628\" style=\"\"><i class=\"pvc-stats-icon large\" aria-hidden=\"true\"><svg aria-hidden=\"true\" focusable=\"false\" data-prefix=\"far\" data-icon=\"chart-bar\" role=\"img\" xmlns=\"http:\/\/www.w3.org\/2000\/svg\" viewBox=\"0 0 512 512\" class=\"svg-inline--fa fa-chart-bar fa-w-16 fa-2x\"><path fill=\"currentColor\" d=\"M396.8 352h22.4c6.4 0 12.8-6.4 12.8-12.8V108.8c0-6.4-6.4-12.8-12.8-12.8h-22.4c-6.4 0-12.8 6.4-12.8 12.8v230.4c0 6.4 6.4 12.8 12.8 12.8zm-192 0h22.4c6.4 0 12.8-6.4 12.8-12.8V140.8c0-6.4-6.4-12.8-12.8-12.8h-22.4c-6.4 0-12.8 6.4-12.8 12.8v198.4c0 6.4 6.4 12.8 12.8 12.8zm96 0h22.4c6.4 0 12.8-6.4 12.8-12.8V204.8c0-6.4-6.4-12.8-12.8-12.8h-22.4c-6.4 0-12.8 6.4-12.8 12.8v134.4c0 6.4 6.4 12.8 12.8 12.8zM496 400H48V80c0-8.84-7.16-16-16-16H16C7.16 64 0 71.16 0 80v336c0 17.67 14.33 32 32 32h464c8.84 0 16-7.16 16-16v-16c0-8.84-7.16-16-16-16zm-387.2-48h22.4c6.4 0 12.8-6.4 12.8-12.8v-70.4c0-6.4-6.4-12.8-12.8-12.8h-22.4c-6.4 0-12.8 6.4-12.8 12.8v70.4c0 6.4 6.4 12.8 12.8 12.8z\" class=\"\"><\/path><\/svg><\/i> <img loading=\"lazy\" decoding=\"async\" width=\"16\" height=\"16\" alt=\"Loading\" src=\"https:\/\/temucotelevision.cl\/web\/wp-content\/plugins\/page-views-count\/ajax-loader-2x.gif\" border=0 \/><\/p><div class=\"pvc_clear\"><\/div>\n<p>Una hermosa actividad folcl\u00f3rica que logr\u00f3 unir a distintos rangos etarios se desarroll\u00f3 el reciente fin de semana en el Centro Integral del Adulto Mayor en la comuna de Puc\u00f3n.<\/p>\n\n\n\n<p>La actividad fue realizada gracias a la coordinaci\u00f3n de la Casa Municipal de Cultura y el Programa del Adulto Mayor de la Municipalidad de Puc\u00f3n, quienes presentaron una muestra folcl\u00f3rica que llen\u00f3 de cueca y baile la jornada, todo amenizado por el grupo Voces del Volc\u00e1n.<\/p>\n\n\n\n<p>Al evento asistieron diversas autoridades entre las que estaban el Consejero Regional, Eduardo Hern\u00e1ndez y los Concejales, Claudio Cort\u00e9z, Cristian Hern\u00e1ndez, Ricardo Cort\u00e9s y Ver\u00f3nica Castillo, quienes al t\u00e9rmino del espect\u00e1culo entregaron diversos est\u00edmulos a los participantes.<\/p>\n\n\n\n<p>Al respecto la encargada de la Casa de la Cultura, Natalia Barros, manifest\u00f3 que fue una velada muy entretenida y emotiva donde se pudo mostrar lo que trabajan durante el a\u00f1o. \u201cLo que se vio es un trabajo que se realiza en forma estable y gratuita en la casa de la cultura. Para nosotros es muy importante generar este tipo de encuentros entre estos polos etarios muy lejanos, pero que hoy se pudieron unir en esta gran gala art\u00edstica folcl\u00f3rica\u201d.<\/p>\n\n\n\n<p>Por su parte, el encargado del Programa Municipal del Adulto Mayor, Felipe Figueroa, valor\u00f3 esta instancia donde permite interactuar a los adultos mayores con ni\u00f1os.\u201d Estamos contentos porque hemos realizado varias iniciativas conjuntas, con otras direcciones o programas de la municipalidad. Hoy la idea fue que los adultos mayores disfrutaran y que puedan disminuir la brecha de la soledad, por lo tanto, estas actividades los acercan, en esta ocasi\u00f3n a los ni\u00f1os, por lo que es muy valioso\u201d.<\/p>\n\n\n\n<p>La jornada que se extendi\u00f3 por cerca de una hora y media, fue muy valorada por los asistentes ya que dijeron logr\u00f3 unir a distintos rangos etarios en torno al folclor.&nbsp;<\/p>\n","protected":false},"excerpt":{"rendered":"<div class=\"pvc_clear\"><\/div>\n<p id=\"pvc_stats_51628\" class=\"pvc_stats total_only  \" data-element-id=\"51628\" style=\"\"><i class=\"pvc-stats-icon large\" aria-hidden=\"true\"><svg aria-hidden=\"true\" focusable=\"false\" data-prefix=\"far\" data-icon=\"chart-bar\" role=\"img\" xmlns=\"http:\/\/www.w3.org\/2000\/svg\" viewBox=\"0 0 512 512\" class=\"svg-inline--fa fa-chart-bar fa-w-16 fa-2x\"><path fill=\"currentColor\" d=\"M396.8 352h22.4c6.4 0 12.8-6.4 12.8-12.8V108.8c0-6.4-6.4-12.8-12.8-12.8h-22.4c-6.4 0-12.8 6.4-12.8 12.8v230.4c0 6.4 6.4 12.8 12.8 12.8zm-192 0h22.4c6.4 0 12.8-6.4 12.8-12.8V140.8c0-6.4-6.4-12.8-12.8-12.8h-22.4c-6.4 0-12.8 6.4-12.8 12.8v198.4c0 6.4 6.4 12.8 12.8 12.8zm96 0h22.4c6.4 0 12.8-6.4 12.8-12.8V204.8c0-6.4-6.4-12.8-12.8-12.8h-22.4c-6.4 0-12.8 6.4-12.8 12.8v134.4c0 6.4 6.4 12.8 12.8 12.8zM496 400H48V80c0-8.84-7.16-16-16-16H16C7.16 64 0 71.16 0 80v336c0 17.67 14.33 32 32 32h464c8.84 0 16-7.16 16-16v-16c0-8.84-7.16-16-16-16zm-387.2-48h22.4c6.4 0 12.8-6.4 12.8-12.8v-70.4c0-6.4-6.4-12.8-12.8-12.8h-22.4c-6.4 0-12.8 6.4-12.8 12.8v70.4c0 6.4 6.4 12.8 12.8 12.8z\" class=\"\"><\/path><\/svg><\/i> <img loading=\"lazy\" decoding=\"async\" width=\"16\" height=\"16\" alt=\"Loading\" src=\"https:\/\/temucotelevision.cl\/web\/wp-content\/plugins\/page-views-count\/ajax-loader-2x.gif\" border=0 \/><\/p>\n<div class=\"pvc_clear\"><\/div>\n<p>Una hermosa actividad folcl\u00f3rica que logr\u00f3 unir a distintos rangos etarios se desarroll\u00f3 el reciente fin de semana en el<\/p>\n","protected":false},"author":1,"featured_media":51629,"comment_status":"open","ping_status":"open","sticky":false,"template":"","format":"standard","meta":{"colormag_page_container_layout":"default_layout","colormag_page_sidebar_layout":"default_layout","footnotes":""},"categories":[86],"tags":[1777],"class_list":["post-51628","post","type-post","status-publish","format-standard","has-post-thumbnail","hentry","category-panoramas","tag-gala"],"a3_pvc":{"activated":true,"total_views":799,"today_views":0},"_links":{"self":[{"href":"https:\/\/temucotelevision.cl\/web\/wp-json\/wp\/v2\/posts\/51628","targetHints":{"allow":["GET"]}}],"collection":[{"href":"https:\/\/temucotelevision.cl\/web\/wp-json\/wp\/v2\/posts"}],"about":[{"href":"https:\/\/temucotelevision.cl\/web\/wp-json\/wp\/v2\/types\/post"}],"author":[{"embeddable":true,"href":"https:\/\/temucotelevision.cl\/web\/wp-json\/wp\/v2\/users\/1"}],"replies":[{"embeddable":true,"href":"https:\/\/temucotelevision.cl\/web\/wp-json\/wp\/v2\/comments?post=51628"}],"version-history":[{"count":1,"href":"https:\/\/temucotelevision.cl\/web\/wp-json\/wp\/v2\/posts\/51628\/revisions"}],"predecessor-version":[{"id":51630,"href":"https:\/\/temucotelevision.cl\/web\/wp-json\/wp\/v2\/posts\/51628\/revisions\/51630"}],"wp:featuredmedia":[{"embeddable":true,"href":"https:\/\/temucotelevision.cl\/web\/wp-json\/wp\/v2\/media\/51629"}],"wp:attachment":[{"href":"https:\/\/temucotelevision.cl\/web\/wp-json\/wp\/v2\/media?parent=51628"}],"wp:term":[{"taxonomy":"category","embeddable":true,"href":"https:\/\/temucotelevision.cl\/web\/wp-json\/wp\/v2\/categories?post=51628"},{"taxonomy":"post_tag","embeddable":true,"href":"https:\/\/temucotelevision.cl\/web\/wp-json\/wp\/v2\/tags?post=51628"}],"curies":[{"name":"wp","href":"https:\/\/api.w.org\/{rel}","templated":true}]}}