{"id":51470,"date":"2024-07-22T12:43:48","date_gmt":"2024-07-22T15:43:48","guid":{"rendered":"https:\/\/temucotelevision.cl\/web\/?p=51470"},"modified":"2024-07-22T12:43:49","modified_gmt":"2024-07-22T15:43:49","slug":"diputado-leal-oficia-al-ministerio-del-interior-y-exige-aclarar-si-aumento-de-carabineros-para-santiago-implicara-una-disminucion-de-personal-en-regiones","status":"publish","type":"post","link":"https:\/\/temucotelevision.cl\/web\/2024\/07\/22\/diputado-leal-oficia-al-ministerio-del-interior-y-exige-aclarar-si-aumento-de-carabineros-para-santiago-implicara-una-disminucion-de-personal-en-regiones\/","title":{"rendered":"Diputado Leal oficia al Ministerio del Interior y exige aclarar si aumento de carabineros para Santiago implicar\u00e1 una disminuci\u00f3n de personal en regiones"},"content":{"rendered":"<div class=\"pvc_clear\"><\/div><p id=\"pvc_stats_51470\" class=\"pvc_stats total_only  \" data-element-id=\"51470\" style=\"\"><i class=\"pvc-stats-icon large\" aria-hidden=\"true\"><svg aria-hidden=\"true\" focusable=\"false\" data-prefix=\"far\" data-icon=\"chart-bar\" role=\"img\" xmlns=\"http:\/\/www.w3.org\/2000\/svg\" viewBox=\"0 0 512 512\" class=\"svg-inline--fa fa-chart-bar fa-w-16 fa-2x\"><path fill=\"currentColor\" d=\"M396.8 352h22.4c6.4 0 12.8-6.4 12.8-12.8V108.8c0-6.4-6.4-12.8-12.8-12.8h-22.4c-6.4 0-12.8 6.4-12.8 12.8v230.4c0 6.4 6.4 12.8 12.8 12.8zm-192 0h22.4c6.4 0 12.8-6.4 12.8-12.8V140.8c0-6.4-6.4-12.8-12.8-12.8h-22.4c-6.4 0-12.8 6.4-12.8 12.8v198.4c0 6.4 6.4 12.8 12.8 12.8zm96 0h22.4c6.4 0 12.8-6.4 12.8-12.8V204.8c0-6.4-6.4-12.8-12.8-12.8h-22.4c-6.4 0-12.8 6.4-12.8 12.8v134.4c0 6.4 6.4 12.8 12.8 12.8zM496 400H48V80c0-8.84-7.16-16-16-16H16C7.16 64 0 71.16 0 80v336c0 17.67 14.33 32 32 32h464c8.84 0 16-7.16 16-16v-16c0-8.84-7.16-16-16-16zm-387.2-48h22.4c6.4 0 12.8-6.4 12.8-12.8v-70.4c0-6.4-6.4-12.8-12.8-12.8h-22.4c-6.4 0-12.8 6.4-12.8 12.8v70.4c0 6.4 6.4 12.8 12.8 12.8z\" class=\"\"><\/path><\/svg><\/i> <img loading=\"lazy\" decoding=\"async\" width=\"16\" height=\"16\" alt=\"Loading\" src=\"https:\/\/temucotelevision.cl\/web\/wp-content\/plugins\/page-views-count\/ajax-loader-2x.gif\" border=0 \/><\/p><div class=\"pvc_clear\"><\/div>\n<p><em>El legislador por La Araucan\u00eda manifest\u00f3 su preocupaci\u00f3n por la posibilidad de que algunos funcionarios policiales de la zona sean trasladados a la capital para labores de seguridad.<\/em><\/p>\n\n\n\n<p>El diputado por la Regi\u00f3n de La Araucan\u00eda e integrante de la comisi\u00f3n de Seguridad Ciudadana, Henry Leal (UDI), ofici\u00f3 esta ma\u00f1ana al Ministerio del Interior y Seguridad P\u00fablica para que transparenten, a la brevedad posible, si el aumento de la dotaci\u00f3n policial que el Gobierno anunci\u00f3 para Santiago implicar\u00e1 una disminuci\u00f3n de los funcionarios de Carabineros en el resto de las regiones del pa\u00eds.<\/p>\n\n\n\n<p>Al respecto, si bien coincidi\u00f3 en la necesidad de que se adopten medidas \u201curgentes\u201d ante el recrudecimiento de la crisis de seguridad, sobre todo tras los 17 homicidios que se registraron en apenas 96 horas, el parlamentario gremialista manifest\u00f3 su preocupaci\u00f3n por el car\u00e1cter \u201ccentralista\u201d de los anuncios dados a conocer la semana pasada por el Presidente Gabriel Boric, los que apuntaron solamente a mejorar la seguridad en la Regi\u00f3n Metropolitana y no as\u00ed en otras zonas.<\/p>\n\n\n\n<p>Sin embargo,&nbsp;las&nbsp;principales&nbsp;sospechas&nbsp;del&nbsp;representante del Distrito&nbsp;23&nbsp;estuvieron puestas&nbsp;en&nbsp;lo&nbsp;que anunci\u00f3 la ministra del Interior, Carolina Toh\u00e1, quien asegur\u00f3 que impulsar\u00e1n un reordenamiento de los planes operativos y que reorganizar\u00e1n la actividad que se desarrolla en las comisar\u00edas y los cuarteles, adem\u00e1s de destinar casi el 65% de los carabineros en formaci\u00f3n a Santiago, lo que en la pr\u00e1ctica podr\u00eda significar que un n\u00famero indeterminado de polic\u00edas deban trasladarse a la capital.<\/p>\n\n\n\n<p>\u201cLa grave crisis de seguridad por la que atraviesa nuestro pa\u00eds nos exige adoptar medidas no s\u00f3lo urgentes, sino que tambi\u00e9n transversales y que tengan una visi\u00f3n nacional. Porque si bien 16 de los 17 homicidios que se produjeron durante los \u00faltimos d\u00edas ocurrieron en Santiago, las regiones tambi\u00e9n est\u00e1n atravesando por un complejo escenario en materia delictual, con sectores y barrios que se encuentran pr\u00e1cticamente tomados por organizaciones criminales y de narcotr\u00e1fico. Por eso no s\u00f3lo falt\u00f3 que el Gobierno anunciara medidas de car\u00e1cter nacional, sino que tambi\u00e9n nos preocupa que nuevamente se desproteja a las regiones en una materia tan sensible\u201d, cuestion\u00f3 Leal.<\/p>\n\n\n\n<p>En ese sentido, el parlamentario UDI record\u00f3 que esta misma semana advirti\u00f3 que los homicidios en la regi\u00f3n han aumentado un 23,1% en lo que va del a\u00f1o, con tres casos m\u00e1s que los registrados a la misma fecha del 2023, de acuerdo al Sistema T\u00e1ctico de Operaci\u00f3n Policial (STOP) de Carabineros.<\/p>\n\n\n\n<p>Pero adem\u00e1s, el diputado Henry Leal tambi\u00e9n dio cuenta de un incremento de los robos con fuerza y en lugares habitados en la zona, por lo que insisti\u00f3 en que resultar\u00eda \u201ctotalmente inoportuno e inentendible que, a ra\u00edz de la grave crisis de seguridad que estamos viviendo, el Gobierno decida despojar al resto de las regiones y trasladar a los pocos funcionarios que tenemos hacia Santiago\u201d.<\/p>\n\n\n\n<p>\u201cEsperemos que las autoridades no adopten una decisi\u00f3n de esta naturaleza, porque de lo contrario demostrar\u00edan la absoluta desconexi\u00f3n que tienen con las regiones. En el resto del pa\u00eds tambi\u00e9n estamos sufriendo las consecuencias de la delincuencia, y en vez de disminuir la presencia policial, deber\u00edamos preocuparnos por c\u00f3mo aumentamos el n\u00famero de carabineros\u201d, reiter\u00f3 el legislador.<\/p>\n","protected":false},"excerpt":{"rendered":"<div class=\"pvc_clear\"><\/div>\n<p id=\"pvc_stats_51470\" class=\"pvc_stats total_only  \" data-element-id=\"51470\" style=\"\"><i class=\"pvc-stats-icon large\" aria-hidden=\"true\"><svg aria-hidden=\"true\" focusable=\"false\" data-prefix=\"far\" data-icon=\"chart-bar\" role=\"img\" xmlns=\"http:\/\/www.w3.org\/2000\/svg\" viewBox=\"0 0 512 512\" class=\"svg-inline--fa fa-chart-bar fa-w-16 fa-2x\"><path fill=\"currentColor\" d=\"M396.8 352h22.4c6.4 0 12.8-6.4 12.8-12.8V108.8c0-6.4-6.4-12.8-12.8-12.8h-22.4c-6.4 0-12.8 6.4-12.8 12.8v230.4c0 6.4 6.4 12.8 12.8 12.8zm-192 0h22.4c6.4 0 12.8-6.4 12.8-12.8V140.8c0-6.4-6.4-12.8-12.8-12.8h-22.4c-6.4 0-12.8 6.4-12.8 12.8v198.4c0 6.4 6.4 12.8 12.8 12.8zm96 0h22.4c6.4 0 12.8-6.4 12.8-12.8V204.8c0-6.4-6.4-12.8-12.8-12.8h-22.4c-6.4 0-12.8 6.4-12.8 12.8v134.4c0 6.4 6.4 12.8 12.8 12.8zM496 400H48V80c0-8.84-7.16-16-16-16H16C7.16 64 0 71.16 0 80v336c0 17.67 14.33 32 32 32h464c8.84 0 16-7.16 16-16v-16c0-8.84-7.16-16-16-16zm-387.2-48h22.4c6.4 0 12.8-6.4 12.8-12.8v-70.4c0-6.4-6.4-12.8-12.8-12.8h-22.4c-6.4 0-12.8 6.4-12.8 12.8v70.4c0 6.4 6.4 12.8 12.8 12.8z\" class=\"\"><\/path><\/svg><\/i> <img loading=\"lazy\" decoding=\"async\" width=\"16\" height=\"16\" alt=\"Loading\" src=\"https:\/\/temucotelevision.cl\/web\/wp-content\/plugins\/page-views-count\/ajax-loader-2x.gif\" border=0 \/><\/p>\n<div class=\"pvc_clear\"><\/div>\n<p>El legislador por La Araucan\u00eda manifest\u00f3 su preocupaci\u00f3n por la posibilidad de que algunos funcionarios policiales de la zona sean<\/p>\n","protected":false},"author":1,"featured_media":28786,"comment_status":"open","ping_status":"open","sticky":false,"template":"","format":"standard","meta":{"colormag_page_container_layout":"default_layout","colormag_page_sidebar_layout":"default_layout","footnotes":""},"categories":[84],"tags":[154],"class_list":["post-51470","post","type-post","status-publish","format-standard","has-post-thumbnail","hentry","category-politica","tag-diputado"],"a3_pvc":{"activated":true,"total_views":1071,"today_views":0},"_links":{"self":[{"href":"https:\/\/temucotelevision.cl\/web\/wp-json\/wp\/v2\/posts\/51470","targetHints":{"allow":["GET"]}}],"collection":[{"href":"https:\/\/temucotelevision.cl\/web\/wp-json\/wp\/v2\/posts"}],"about":[{"href":"https:\/\/temucotelevision.cl\/web\/wp-json\/wp\/v2\/types\/post"}],"author":[{"embeddable":true,"href":"https:\/\/temucotelevision.cl\/web\/wp-json\/wp\/v2\/users\/1"}],"replies":[{"embeddable":true,"href":"https:\/\/temucotelevision.cl\/web\/wp-json\/wp\/v2\/comments?post=51470"}],"version-history":[{"count":1,"href":"https:\/\/temucotelevision.cl\/web\/wp-json\/wp\/v2\/posts\/51470\/revisions"}],"predecessor-version":[{"id":51471,"href":"https:\/\/temucotelevision.cl\/web\/wp-json\/wp\/v2\/posts\/51470\/revisions\/51471"}],"wp:featuredmedia":[{"embeddable":true,"href":"https:\/\/temucotelevision.cl\/web\/wp-json\/wp\/v2\/media\/28786"}],"wp:attachment":[{"href":"https:\/\/temucotelevision.cl\/web\/wp-json\/wp\/v2\/media?parent=51470"}],"wp:term":[{"taxonomy":"category","embeddable":true,"href":"https:\/\/temucotelevision.cl\/web\/wp-json\/wp\/v2\/categories?post=51470"},{"taxonomy":"post_tag","embeddable":true,"href":"https:\/\/temucotelevision.cl\/web\/wp-json\/wp\/v2\/tags?post=51470"}],"curies":[{"name":"wp","href":"https:\/\/api.w.org\/{rel}","templated":true}]}}