{"id":51466,"date":"2024-07-22T12:38:55","date_gmt":"2024-07-22T15:38:55","guid":{"rendered":"https:\/\/temucotelevision.cl\/web\/?p=51466"},"modified":"2024-07-22T12:38:56","modified_gmt":"2024-07-22T15:38:56","slug":"desde-puren-hasta-loncoche-voluntarios-de-teleton-temuco-mejoraron-accesibilidad-de-hogares-de-pacientes","status":"publish","type":"post","link":"https:\/\/temucotelevision.cl\/web\/2024\/07\/22\/desde-puren-hasta-loncoche-voluntarios-de-teleton-temuco-mejoraron-accesibilidad-de-hogares-de-pacientes\/","title":{"rendered":"Desde Puren hasta Loncoche: Voluntarios de Telet\u00f3n Temuco mejoraron accesibilidad de hogares de pacientes\u00a0"},"content":{"rendered":"<div class=\"pvc_clear\"><\/div><p id=\"pvc_stats_51466\" class=\"pvc_stats total_only  \" data-element-id=\"51466\" style=\"\"><i class=\"pvc-stats-icon large\" aria-hidden=\"true\"><svg aria-hidden=\"true\" focusable=\"false\" data-prefix=\"far\" data-icon=\"chart-bar\" role=\"img\" xmlns=\"http:\/\/www.w3.org\/2000\/svg\" viewBox=\"0 0 512 512\" class=\"svg-inline--fa fa-chart-bar fa-w-16 fa-2x\"><path fill=\"currentColor\" d=\"M396.8 352h22.4c6.4 0 12.8-6.4 12.8-12.8V108.8c0-6.4-6.4-12.8-12.8-12.8h-22.4c-6.4 0-12.8 6.4-12.8 12.8v230.4c0 6.4 6.4 12.8 12.8 12.8zm-192 0h22.4c6.4 0 12.8-6.4 12.8-12.8V140.8c0-6.4-6.4-12.8-12.8-12.8h-22.4c-6.4 0-12.8 6.4-12.8 12.8v198.4c0 6.4 6.4 12.8 12.8 12.8zm96 0h22.4c6.4 0 12.8-6.4 12.8-12.8V204.8c0-6.4-6.4-12.8-12.8-12.8h-22.4c-6.4 0-12.8 6.4-12.8 12.8v134.4c0 6.4 6.4 12.8 12.8 12.8zM496 400H48V80c0-8.84-7.16-16-16-16H16C7.16 64 0 71.16 0 80v336c0 17.67 14.33 32 32 32h464c8.84 0 16-7.16 16-16v-16c0-8.84-7.16-16-16-16zm-387.2-48h22.4c6.4 0 12.8-6.4 12.8-12.8v-70.4c0-6.4-6.4-12.8-12.8-12.8h-22.4c-6.4 0-12.8 6.4-12.8 12.8v70.4c0 6.4 6.4 12.8 12.8 12.8z\" class=\"\"><\/path><\/svg><\/i> <img loading=\"lazy\" decoding=\"async\" width=\"16\" height=\"16\" alt=\"Loading\" src=\"https:\/\/temucotelevision.cl\/web\/wp-content\/plugins\/page-views-count\/ajax-loader-2x.gif\" border=0 \/><\/p><div class=\"pvc_clear\"><\/div>\n<ul class=\"wp-block-list\">\n<li>Cerca de 600 voluntarios participar\u00e1n a nivel nacional en los \u201cTrabajos Masivos de Invierno\u201d de Telet\u00f3n, instalando rampas, barras de sujeci\u00f3n y otras ayudas en viviendas de familias que se atienden en sus institutos a lo largo del pa\u00eds. En el caso de la regi\u00f3n de La Araucan\u00eda, los trabajos se realizaron en viviendas de Temuco, Padre Las Casas, Freire, Loncoche, Tolten, Villarrica, Panguipulli, Vilcun, Lautaro, Melipeuco, Puren, Cunco y Galvarino.<\/li>\n<\/ul>\n\n\n\n<p>M\u00e1s de 550 voluntarios y voluntarias de Telet\u00f3n se desplegaron desde Arica hasta la regi\u00f3n de Ays\u00e9n para realizar trabajos y mejoras en la accesibilidad de viviendas de pacientes y familias atendidas por la instituci\u00f3n.<\/p>\n\n\n\n<p>Se trata de los&nbsp;<strong>\u201cTrabajos Masivos de Invierno\u201d del programa \u201cAbre\u201d del Voluntariado de Telet\u00f3n<\/strong>, que en julio de cada a\u00f1o se realizan simult\u00e1neamente en todas las regiones donde hay uno de los 14 institutos Telet\u00f3n del pa\u00eds. La actividad es una iniciativa del equipo de Voluntariado que interviene viviendas de pacientes para reducir sus barreras arquitect\u00f3nicas y, de esta manera, facilitarles sus tareas cotidianas, darles autonom\u00eda y tambi\u00e9n mayor independencia de sus personas cuidadoras.<\/p>\n\n\n\n<p>El director nacional de Gesti\u00f3n Social y Voluntariado de Telet\u00f3n,&nbsp;<strong>Aldo Orrigoni<\/strong>, explica que \u201cmuchas veces las principales barreras est\u00e1n en las casas de las ni\u00f1as, ni\u00f1os y j\u00f3venes. Entonces, con las adecuaciones que realizamos con el apoyo del Voluntariado, permite que los usuarios y sus cuidadores puedan desarrollar de mejor manera sus actividades de vida diaria, de manera m\u00e1s aut\u00f3noma y segura\u201d.<\/p>\n\n\n\n<p><strong>En total fueron m\u00e1s de 200 hogares en 66 comunas del pa\u00eds los que fueron intervenidos<\/strong>, instalando barras de sujeci\u00f3n, pasamanos y rampas de madera y hormig\u00f3n en casas de familias previamente visitadas. Estos trabajos y obras se llevan a cabo sin costo para los beneficiarios, pues son parte de la asistencia que les entrega Telet\u00f3n.<\/p>\n\n\n\n<p>Una tarea donde el voluntario del Instituto de Telet\u00f3n de La regi\u00f3n de La Araucan\u00eda jug\u00f3 papel crucial al realizar trabajos en 20 viviendas de Temuco, Padre Las Casas, Freire, Loncoche, Tolten, Villarrica, Panguipulli, Vilcun, Lautaro, Melipeuco, Puren, Cunco y Galvarino.<\/p>\n\n\n\n<p>Entre las familias beneficiadas por las adecuaciones estuvo la de Aymar Orellana, de Loncoche, quien recibi\u00f3 una rampa que facilitar\u00e1 su acceso a su vivienda y adecuaciones para facilitar su acceso a la ducha.&nbsp;<\/p>\n\n\n\n<p>\u201cEstas adecuaciones permitir\u00e1n facilitar la independencia de mi hija, ya que el acceso de salida era muy defectuoso y adem\u00e1s la rampa de acceso le dar\u00e1 m\u00e1s independencia a Aymar, tanto en la silla el\u00e9ctrica o manual, ya que siempre ten\u00edamos que ayudarla a salir y con esto podr\u00e1 salir sin problemas y ser m\u00e1s aut\u00f3noma\u201d, explica su madre, Romina Y\u00e1\u00f1ez.<\/p>\n\n\n\n<p>Todas las ayudas entregadas por Telet\u00f3n son supervisadas por profesionales de la instituci\u00f3n, que -junto con evaluar los casos- certifican la calidad de las obras y que estas cumplan con los objetivos terap\u00e9uticos o de inclusi\u00f3n requeridos en cada caso.<\/p>\n\n\n\n<p><strong>M\u00e1s 9 mil familias favorecidas<\/strong><\/p>\n\n\n\n<p>El programa Abre naci\u00f3 en 2005 para mejorar la accesibilidad en los hogares de ni\u00f1os, ni\u00f1as y j\u00f3venes atendidos por la instituci\u00f3n. Lo que comenz\u00f3 como una intervenci\u00f3n en cinco viviendas de familias de Telet\u00f3n en la regi\u00f3n Metropolitana, se convirti\u00f3 -desde 2009- en una tarea permanente a nivel nacional, alcanzando un total de 9.352 viviendas intervenidas en todo el pa\u00eds.<\/p>\n\n\n\n<p>Con la experiencia adquirida en los 19 a\u00f1os del programa Abre, el equipo de Gesti\u00f3n Social y Voluntariado de Telet\u00f3n pudo elaborar una gu\u00eda de apoyo para mejorar la accesibilidad en viviendas con personas en situaci\u00f3n de discapacidad.&nbsp;<\/p>\n\n\n\n<p>La gu\u00eda incluye indicaciones paso a paso para construir viviendas accesibles, una pauta de autoevaluaci\u00f3n para determinar las brechas en accesibilidad que puedan tener los hogares, adem\u00e1s de incorporar indicaciones de apoyo para quienes cumplen roles de cuidado de personas con discapacidad.&nbsp;<\/p>\n\n\n\n<p>La gu\u00eda est\u00e1 disponible accediendo a&nbsp;<a href=\"http:\/\/bit.ly\/GuiaApoyoTeleton\"><u>bit.ly\/GuiaApoyoTeleton<\/u><\/a>, donde puede descargarse de manera gratuita.<\/p>\n\n\n\n<figure class=\"wp-block-image size-large\"><img loading=\"lazy\" decoding=\"async\" width=\"1000\" height=\"750\" src=\"https:\/\/temucotelevision.cl\/web\/wp-content\/uploads\/2024\/07\/Temuco2-1000x750.jpeg\" alt=\"\" class=\"wp-image-51468\" srcset=\"https:\/\/temucotelevision.cl\/web\/wp-content\/uploads\/2024\/07\/Temuco2-1000x750.jpeg 1000w, https:\/\/temucotelevision.cl\/web\/wp-content\/uploads\/2024\/07\/Temuco2-768x576.jpeg 768w, https:\/\/temucotelevision.cl\/web\/wp-content\/uploads\/2024\/07\/Temuco2-1536x1152.jpeg 1536w, https:\/\/temucotelevision.cl\/web\/wp-content\/uploads\/2024\/07\/Temuco2-2048x1536.jpeg 2048w\" sizes=\"auto, (max-width: 1000px) 100vw, 1000px\" \/><\/figure>\n","protected":false},"excerpt":{"rendered":"<div class=\"pvc_clear\"><\/div>\n<p id=\"pvc_stats_51466\" class=\"pvc_stats total_only  \" data-element-id=\"51466\" style=\"\"><i class=\"pvc-stats-icon large\" aria-hidden=\"true\"><svg aria-hidden=\"true\" focusable=\"false\" data-prefix=\"far\" data-icon=\"chart-bar\" role=\"img\" xmlns=\"http:\/\/www.w3.org\/2000\/svg\" viewBox=\"0 0 512 512\" class=\"svg-inline--fa fa-chart-bar fa-w-16 fa-2x\"><path fill=\"currentColor\" d=\"M396.8 352h22.4c6.4 0 12.8-6.4 12.8-12.8V108.8c0-6.4-6.4-12.8-12.8-12.8h-22.4c-6.4 0-12.8 6.4-12.8 12.8v230.4c0 6.4 6.4 12.8 12.8 12.8zm-192 0h22.4c6.4 0 12.8-6.4 12.8-12.8V140.8c0-6.4-6.4-12.8-12.8-12.8h-22.4c-6.4 0-12.8 6.4-12.8 12.8v198.4c0 6.4 6.4 12.8 12.8 12.8zm96 0h22.4c6.4 0 12.8-6.4 12.8-12.8V204.8c0-6.4-6.4-12.8-12.8-12.8h-22.4c-6.4 0-12.8 6.4-12.8 12.8v134.4c0 6.4 6.4 12.8 12.8 12.8zM496 400H48V80c0-8.84-7.16-16-16-16H16C7.16 64 0 71.16 0 80v336c0 17.67 14.33 32 32 32h464c8.84 0 16-7.16 16-16v-16c0-8.84-7.16-16-16-16zm-387.2-48h22.4c6.4 0 12.8-6.4 12.8-12.8v-70.4c0-6.4-6.4-12.8-12.8-12.8h-22.4c-6.4 0-12.8 6.4-12.8 12.8v70.4c0 6.4 6.4 12.8 12.8 12.8z\" class=\"\"><\/path><\/svg><\/i> <img loading=\"lazy\" decoding=\"async\" width=\"16\" height=\"16\" alt=\"Loading\" src=\"https:\/\/temucotelevision.cl\/web\/wp-content\/plugins\/page-views-count\/ajax-loader-2x.gif\" border=0 \/><\/p>\n<div class=\"pvc_clear\"><\/div>\n<p>M\u00e1s de 550 voluntarios y voluntarias de Telet\u00f3n se desplegaron desde Arica hasta la regi\u00f3n de Ays\u00e9n para realizar trabajos<\/p>\n","protected":false},"author":1,"featured_media":51467,"comment_status":"open","ping_status":"open","sticky":false,"template":"","format":"standard","meta":{"colormag_page_container_layout":"default_layout","colormag_page_sidebar_layout":"default_layout","footnotes":""},"categories":[14],"tags":[1989],"class_list":["post-51466","post","type-post","status-publish","format-standard","has-post-thumbnail","hentry","category-temuco","tag-teleton"],"a3_pvc":{"activated":true,"total_views":863,"today_views":0},"_links":{"self":[{"href":"https:\/\/temucotelevision.cl\/web\/wp-json\/wp\/v2\/posts\/51466","targetHints":{"allow":["GET"]}}],"collection":[{"href":"https:\/\/temucotelevision.cl\/web\/wp-json\/wp\/v2\/posts"}],"about":[{"href":"https:\/\/temucotelevision.cl\/web\/wp-json\/wp\/v2\/types\/post"}],"author":[{"embeddable":true,"href":"https:\/\/temucotelevision.cl\/web\/wp-json\/wp\/v2\/users\/1"}],"replies":[{"embeddable":true,"href":"https:\/\/temucotelevision.cl\/web\/wp-json\/wp\/v2\/comments?post=51466"}],"version-history":[{"count":1,"href":"https:\/\/temucotelevision.cl\/web\/wp-json\/wp\/v2\/posts\/51466\/revisions"}],"predecessor-version":[{"id":51469,"href":"https:\/\/temucotelevision.cl\/web\/wp-json\/wp\/v2\/posts\/51466\/revisions\/51469"}],"wp:featuredmedia":[{"embeddable":true,"href":"https:\/\/temucotelevision.cl\/web\/wp-json\/wp\/v2\/media\/51467"}],"wp:attachment":[{"href":"https:\/\/temucotelevision.cl\/web\/wp-json\/wp\/v2\/media?parent=51466"}],"wp:term":[{"taxonomy":"category","embeddable":true,"href":"https:\/\/temucotelevision.cl\/web\/wp-json\/wp\/v2\/categories?post=51466"},{"taxonomy":"post_tag","embeddable":true,"href":"https:\/\/temucotelevision.cl\/web\/wp-json\/wp\/v2\/tags?post=51466"}],"curies":[{"name":"wp","href":"https:\/\/api.w.org\/{rel}","templated":true}]}}