{"id":51351,"date":"2024-07-17T12:12:56","date_gmt":"2024-07-17T15:12:56","guid":{"rendered":"https:\/\/temucotelevision.cl\/web\/?p=51351"},"modified":"2024-07-17T12:12:56","modified_gmt":"2024-07-17T15:12:56","slug":"gobierno-reactiva-bolsillo-familiar-electronico-hasta-septiembre-y-podra-ser-usado-para-pagar-cuentas-de-luz","status":"publish","type":"post","link":"https:\/\/temucotelevision.cl\/web\/2024\/07\/17\/gobierno-reactiva-bolsillo-familiar-electronico-hasta-septiembre-y-podra-ser-usado-para-pagar-cuentas-de-luz\/","title":{"rendered":"Gobierno reactiva Bolsillo Familiar Electr\u00f3nico hasta septiembre y podr\u00e1 ser usado para pagar cuentas de luz"},"content":{"rendered":"<div class=\"pvc_clear\"><\/div><p id=\"pvc_stats_51351\" class=\"pvc_stats total_only  \" data-element-id=\"51351\" style=\"\"><i class=\"pvc-stats-icon large\" aria-hidden=\"true\"><svg aria-hidden=\"true\" focusable=\"false\" data-prefix=\"far\" data-icon=\"chart-bar\" role=\"img\" xmlns=\"http:\/\/www.w3.org\/2000\/svg\" viewBox=\"0 0 512 512\" class=\"svg-inline--fa fa-chart-bar fa-w-16 fa-2x\"><path fill=\"currentColor\" d=\"M396.8 352h22.4c6.4 0 12.8-6.4 12.8-12.8V108.8c0-6.4-6.4-12.8-12.8-12.8h-22.4c-6.4 0-12.8 6.4-12.8 12.8v230.4c0 6.4 6.4 12.8 12.8 12.8zm-192 0h22.4c6.4 0 12.8-6.4 12.8-12.8V140.8c0-6.4-6.4-12.8-12.8-12.8h-22.4c-6.4 0-12.8 6.4-12.8 12.8v198.4c0 6.4 6.4 12.8 12.8 12.8zm96 0h22.4c6.4 0 12.8-6.4 12.8-12.8V204.8c0-6.4-6.4-12.8-12.8-12.8h-22.4c-6.4 0-12.8 6.4-12.8 12.8v134.4c0 6.4 6.4 12.8 12.8 12.8zM496 400H48V80c0-8.84-7.16-16-16-16H16C7.16 64 0 71.16 0 80v336c0 17.67 14.33 32 32 32h464c8.84 0 16-7.16 16-16v-16c0-8.84-7.16-16-16-16zm-387.2-48h22.4c6.4 0 12.8-6.4 12.8-12.8v-70.4c0-6.4-6.4-12.8-12.8-12.8h-22.4c-6.4 0-12.8 6.4-12.8 12.8v70.4c0 6.4 6.4 12.8 12.8 12.8z\" class=\"\"><\/path><\/svg><\/i> <img loading=\"lazy\" decoding=\"async\" width=\"16\" height=\"16\" alt=\"Loading\" src=\"https:\/\/temucotelevision.cl\/web\/wp-content\/plugins\/page-views-count\/ajax-loader-2x.gif\" border=0 \/><\/p><div class=\"pvc_clear\"><\/div>\n<p><br><em>La ley 21.685, ya publicada en el Diario Oficial, tambi\u00e9n reajusta el subsidio \u00fanico familiar, la asignaci\u00f3n familiar e inyecta recursos al Fondo de Estabilizaci\u00f3n de Precios del Petr\u00f3leo.<\/em><\/p>\n\n\n\n<p>Tras la aprobaci\u00f3n un\u00e1nime de la C\u00e1mara de Diputados, ya fue publicada en el Diario Oficial la Ley 21.685, que reactiva el Bolsillo Familiar Electr\u00f3nico (BFE) por los meses de invierno, ampl\u00eda el Subsidio \u00danico Familiar (SUF) y la Asignaci\u00f3n Familiar (AF), adem\u00e1s de inyectar recursos al Fondo de Estabilizaci\u00f3n de Precios del Petr\u00f3leo (FEPP).<\/p>\n\n\n\n<p>Esta iniciativa, que ampl\u00eda los beneficios sociales, fue parte del acuerdo con la Central Unitaria de Trabajadores (CUT), en el marco de la negociaci\u00f3n anual con el Gobierno, y consiste en que durante julio, agosto y septiembre de 2024, el Bolsillo Familiar Electr\u00f3nico entregar\u00e1 transferencias directas y focalizadas para 1,2 millones de hogares, de aproximadamente el 40 % m\u00e1s vulnerable, que, adem\u00e1s, podr\u00e1n usarse en los pagos de las cuentas el\u00e9ctricas.&nbsp;<\/p>\n\n\n\n<p>Al respecto, el seremi de Hacienda, Ronald Kliebs, afirm\u00f3 que \u201ca nivel regional el BFE fue utilizado en 448.000 compras, lo que representa el 7,8 % de las transacciones, y el a\u00f1o pasado lleg\u00f3 a cerca del 96 % de sus beneficiarios. Esta es una se\u00f1al robusta de una pol\u00edtica de gobierno con efectos inmediatos y visibles en las familias que m\u00e1s necesitan una ayuda, sobre todo ahora que podr\u00e1 ser utilizado para pagar la cuenta de la luz\u201d.<\/p>\n\n\n\n<p>Por su parte, la seremi de Trabajo y Previsi\u00f3n Social, Claudia Tapia, destac\u00f3 que \u201ccomo gobierno hemos demostrado que el di\u00e1logo social abierto permite avanzar mejor, poniendo las necesidades de las personas en el centro. Con esta base, en un acuerdo con la CUT y el apoyo de las y los parlamentarios, hemos logrado ampliar estos beneficios que tanto necesitan las personas en La Araucan\u00eda y en el resto del pa\u00eds\u201d.<br><strong><br>REAJUSTES Y BENEFICIOS<\/strong><\/p>\n\n\n\n<p>La Ley 21.685 tambi\u00e9n considera el aumento del subsidio \u00fanico familiar y asignaciones familiares que ser\u00e1n reajustados en un 4,5 % y se ampl\u00edan los tramos de esta \u00faltima en 8,7%, de manera que abarque a m\u00e1s beneficiarios, a la vez que se inyectan 25 millones de d\u00f3lares al Fondo de Estabilizaci\u00f3n de Precios del Petr\u00f3leo, lo que permitir\u00e1 mantener los precios de la parafina sin mayores variaciones, en directo beneficio de las familias que usan kerosene para calefaccionar sus casas.<\/p>\n","protected":false},"excerpt":{"rendered":"<div class=\"pvc_clear\"><\/div>\n<p id=\"pvc_stats_51351\" class=\"pvc_stats total_only  \" data-element-id=\"51351\" style=\"\"><i class=\"pvc-stats-icon large\" aria-hidden=\"true\"><svg aria-hidden=\"true\" focusable=\"false\" data-prefix=\"far\" data-icon=\"chart-bar\" role=\"img\" xmlns=\"http:\/\/www.w3.org\/2000\/svg\" viewBox=\"0 0 512 512\" class=\"svg-inline--fa fa-chart-bar fa-w-16 fa-2x\"><path fill=\"currentColor\" d=\"M396.8 352h22.4c6.4 0 12.8-6.4 12.8-12.8V108.8c0-6.4-6.4-12.8-12.8-12.8h-22.4c-6.4 0-12.8 6.4-12.8 12.8v230.4c0 6.4 6.4 12.8 12.8 12.8zm-192 0h22.4c6.4 0 12.8-6.4 12.8-12.8V140.8c0-6.4-6.4-12.8-12.8-12.8h-22.4c-6.4 0-12.8 6.4-12.8 12.8v198.4c0 6.4 6.4 12.8 12.8 12.8zm96 0h22.4c6.4 0 12.8-6.4 12.8-12.8V204.8c0-6.4-6.4-12.8-12.8-12.8h-22.4c-6.4 0-12.8 6.4-12.8 12.8v134.4c0 6.4 6.4 12.8 12.8 12.8zM496 400H48V80c0-8.84-7.16-16-16-16H16C7.16 64 0 71.16 0 80v336c0 17.67 14.33 32 32 32h464c8.84 0 16-7.16 16-16v-16c0-8.84-7.16-16-16-16zm-387.2-48h22.4c6.4 0 12.8-6.4 12.8-12.8v-70.4c0-6.4-6.4-12.8-12.8-12.8h-22.4c-6.4 0-12.8 6.4-12.8 12.8v70.4c0 6.4 6.4 12.8 12.8 12.8z\" class=\"\"><\/path><\/svg><\/i> <img loading=\"lazy\" decoding=\"async\" width=\"16\" height=\"16\" alt=\"Loading\" src=\"https:\/\/temucotelevision.cl\/web\/wp-content\/plugins\/page-views-count\/ajax-loader-2x.gif\" border=0 \/><\/p>\n<div class=\"pvc_clear\"><\/div>\n<p>La ley 21.685, ya publicada en el Diario Oficial, tambi\u00e9n reajusta el subsidio \u00fanico familiar, la asignaci\u00f3n familiar e inyecta<\/p>\n","protected":false},"author":1,"featured_media":6792,"comment_status":"open","ping_status":"open","sticky":false,"template":"","format":"standard","meta":{"colormag_page_container_layout":"default_layout","colormag_page_sidebar_layout":"default_layout","footnotes":""},"categories":[15],"tags":[206],"class_list":["post-51351","post","type-post","status-publish","format-standard","has-post-thumbnail","hentry","category-la-araucania","tag-gobierno"],"a3_pvc":{"activated":true,"total_views":770,"today_views":0},"_links":{"self":[{"href":"https:\/\/temucotelevision.cl\/web\/wp-json\/wp\/v2\/posts\/51351","targetHints":{"allow":["GET"]}}],"collection":[{"href":"https:\/\/temucotelevision.cl\/web\/wp-json\/wp\/v2\/posts"}],"about":[{"href":"https:\/\/temucotelevision.cl\/web\/wp-json\/wp\/v2\/types\/post"}],"author":[{"embeddable":true,"href":"https:\/\/temucotelevision.cl\/web\/wp-json\/wp\/v2\/users\/1"}],"replies":[{"embeddable":true,"href":"https:\/\/temucotelevision.cl\/web\/wp-json\/wp\/v2\/comments?post=51351"}],"version-history":[{"count":1,"href":"https:\/\/temucotelevision.cl\/web\/wp-json\/wp\/v2\/posts\/51351\/revisions"}],"predecessor-version":[{"id":51352,"href":"https:\/\/temucotelevision.cl\/web\/wp-json\/wp\/v2\/posts\/51351\/revisions\/51352"}],"wp:featuredmedia":[{"embeddable":true,"href":"https:\/\/temucotelevision.cl\/web\/wp-json\/wp\/v2\/media\/6792"}],"wp:attachment":[{"href":"https:\/\/temucotelevision.cl\/web\/wp-json\/wp\/v2\/media?parent=51351"}],"wp:term":[{"taxonomy":"category","embeddable":true,"href":"https:\/\/temucotelevision.cl\/web\/wp-json\/wp\/v2\/categories?post=51351"},{"taxonomy":"post_tag","embeddable":true,"href":"https:\/\/temucotelevision.cl\/web\/wp-json\/wp\/v2\/tags?post=51351"}],"curies":[{"name":"wp","href":"https:\/\/api.w.org\/{rel}","templated":true}]}}