{"id":51348,"date":"2024-07-16T21:08:46","date_gmt":"2024-07-17T00:08:46","guid":{"rendered":"https:\/\/temucotelevision.cl\/web\/?p=51348"},"modified":"2024-07-16T21:08:48","modified_gmt":"2024-07-17T00:08:48","slug":"its-a-match-turismo-rodante-entre-chile-y-argentina-busca-consolidarse-y-ser-el-primer-destino-transnacional","status":"publish","type":"post","link":"https:\/\/temucotelevision.cl\/web\/2024\/07\/16\/its-a-match-turismo-rodante-entre-chile-y-argentina-busca-consolidarse-y-ser-el-primer-destino-transnacional\/","title":{"rendered":"\u201cIts a Match\u201d: turismo rodante entre Chile y Argentina busca consolidarse y ser el primer destino transnacional"},"content":{"rendered":"<div class=\"pvc_clear\"><\/div><p id=\"pvc_stats_51348\" class=\"pvc_stats total_only  \" data-element-id=\"51348\" style=\"\"><i class=\"pvc-stats-icon large\" aria-hidden=\"true\"><svg aria-hidden=\"true\" focusable=\"false\" data-prefix=\"far\" data-icon=\"chart-bar\" role=\"img\" xmlns=\"http:\/\/www.w3.org\/2000\/svg\" viewBox=\"0 0 512 512\" class=\"svg-inline--fa fa-chart-bar fa-w-16 fa-2x\"><path fill=\"currentColor\" d=\"M396.8 352h22.4c6.4 0 12.8-6.4 12.8-12.8V108.8c0-6.4-6.4-12.8-12.8-12.8h-22.4c-6.4 0-12.8 6.4-12.8 12.8v230.4c0 6.4 6.4 12.8 12.8 12.8zm-192 0h22.4c6.4 0 12.8-6.4 12.8-12.8V140.8c0-6.4-6.4-12.8-12.8-12.8h-22.4c-6.4 0-12.8 6.4-12.8 12.8v198.4c0 6.4 6.4 12.8 12.8 12.8zm96 0h22.4c6.4 0 12.8-6.4 12.8-12.8V204.8c0-6.4-6.4-12.8-12.8-12.8h-22.4c-6.4 0-12.8 6.4-12.8 12.8v134.4c0 6.4 6.4 12.8 12.8 12.8zM496 400H48V80c0-8.84-7.16-16-16-16H16C7.16 64 0 71.16 0 80v336c0 17.67 14.33 32 32 32h464c8.84 0 16-7.16 16-16v-16c0-8.84-7.16-16-16-16zm-387.2-48h22.4c6.4 0 12.8-6.4 12.8-12.8v-70.4c0-6.4-6.4-12.8-12.8-12.8h-22.4c-6.4 0-12.8 6.4-12.8 12.8v70.4c0 6.4 6.4 12.8 12.8 12.8z\" class=\"\"><\/path><\/svg><\/i> <img loading=\"lazy\" decoding=\"async\" width=\"16\" height=\"16\" alt=\"Loading\" src=\"https:\/\/temucotelevision.cl\/web\/wp-content\/plugins\/page-views-count\/ajax-loader-2x.gif\" border=0 \/><\/p><div class=\"pvc_clear\"><\/div>\n<ul class=\"wp-block-list\">\n<li><em>Se hace necesario potenciar una Aduana com\u00fan, sobre todo en las \u00e1reas tur\u00edsticas, y poder canalizar los tr\u00e1mites migratorios a trav\u00e9s de sistemas innovadores, declaraciones juradas, formularios online o todo tipo de avance inform\u00e1tico, aprovechando las tecnolog\u00edas actuales.\u00a0<\/em><\/li>\n<\/ul>\n\n\n\n<p>Estamos en plena temporada de invierno, y en Melipeuco, regi\u00f3n de la Araucan\u00eda, los tour operadores afirman que se ha visto un mayor n\u00famero de turistas argentinos disfrutando de los atractivos que ofrece el sur del pa\u00eds. Una percepci\u00f3n que es reafirmada por el presidente del gremio tur\u00edstico NeuquenTur, Sergio Sciacchitano, quien en su paso por Chile destac\u00f3 que est\u00e1n dadas las condiciones para que sus compatriotas visiten Chile a trav\u00e9s del \u201cturismo rodante\u201do turismo de ruta.&nbsp;<\/p>\n\n\n\n<p>\u201cEstoy convencido que tenemos todo para potenciarnos entre ambos destinos a trav\u00e9s de una integraci\u00f3n real, promocionando en conjunto como un solo producto, agilizando los tr\u00e1mites fronterizos y mostr\u00e1ndonos al mundo bajo el paraguas que nos otorga la marca Patagonia\u201d, destac\u00f3 Sciacchitano.&nbsp;<\/p>\n\n\n\n<p>El directivo explic\u00f3 que en Argentina se viene trabajando hace mucho el turismo a trav\u00e9s de distintas rutas esc\u00e9nicas, promoviendo pol\u00edticas ambientales, de conectividad digital y mejoramiento de infraestructura.&nbsp;<\/p>\n\n\n\n<p>\u201cLa Ruta Nacional 40 (R40), es un emblema para el turismo en Argentina, uniendo de sur a norte del pa\u00eds a trav\u00e9s de m\u00e1s de 5.000 Km. Atraviesa 21 Parques Nacionales y nos conecta con Chile a trav\u00e9s de 27 pasos cordilleranos. Creo que la Ruta Lagos y Volcanes (RLV) tiene un potencial similar, obviamente en una escala territorial menor, pero que es una ruta esc\u00e9nica que busca posicionar y generar un desarrollo econ\u00f3mico y tur\u00edstico en cada uno de los destinos, ciudades y parajes que atraviesa, promoviendo los atractivos tur\u00edsticos y a todo el sector privado asociado\u201d, destac\u00f3.&nbsp;<\/p>\n\n\n\n<p>Los pr\u00f3ximos pasos ser\u00edan avanzar definitivamente hacia una Aduana com\u00fan, sobre todo en las \u00e1reas tur\u00edsticas, y poder canalizar los tr\u00e1mites migratorios a trav\u00e9s de sistemas innovadores, declaraciones juradas, formularios online o todo tipo de avance inform\u00e1tico, aprovechando las tecnolog\u00edas actuales.&nbsp;<\/p>\n\n\n\n<p>Sciacchitano explic\u00f3 qiue el turista que llega a Neuqu\u00e9n es muy similar al que visita el sur de Chile. \u201cVienen en b\u00fasqueda de la gastronom\u00eda, los atractivos naturales y los servicios en general. Es un turista de una buena posici\u00f3n econ\u00f3mica que busca calidad de servicios y buena atenci\u00f3n. Tambi\u00e9n es asiduo a la nieve, a las competencias de aventura y a las experiencias activas, al relax y a la compra de indumentaria t\u00e9cnica, los chocolates y los regalos.&nbsp;<\/p>\n\n\n\n<p>El turismo de ruta o \u201cturismo rodante\u201d cada a\u00f1o muestra una tendencia en crecimiento constante. Despu\u00e9s de la pandemia, muchas personas vieron a esta forma de viajar como una opci\u00f3n segura, econ\u00f3mica y flexible para conocer muchos lugares y vivir una gran cantidad de experiencias en un solo viaje. Adem\u00e1s, aparece un factor muy importante en este tipo de viajes, y es mostrar a trav\u00e9s de las redes sociales una sensaci\u00f3n de libertad, de despertarse en lugares de ensue\u00f1os, al lado de un lago o con vistas a un volc\u00e1n. Eso es una tendencia innegable y creo que todos los que trabajamos en turismo debemos entender esta tendencia. Hoy los viajes se viven en simult\u00e1neo, tanto en el lugar de los hechos como a trav\u00e9s de la pantalla del celular\u201d.<\/p>\n\n\n\n<p>Por su parte, Eduardo Figueroa, director regional de CORFO Araucan\u00eda, explic\u00f3 que como regi\u00f3n est\u00e1n enfocados en poteciar sus cualidades, que en materia de turismo se enfocan en su cultura ancestral, una gastronom\u00eda sostenible y naturaleza milenaria. Todo esto conectado a lograr articular el turismo con el pa\u00eds vecino. \u201cEs importante que revisemos las actuales normar fronterizas y en conjunto potenciemos la marca Norpatagonia. Desde Chile contamos con la Ruta Lagos y Volcanes como primer gran atractivo para los argentinos, quienes podr\u00e1n disfrutar la majestuosidad de la cordillera de Los Andes y luego puedan llegar a los atractivos m\u00e1s cercanos a la costa\u201d.<\/p>\n\n\n\n<p>Existe evidencia hist\u00f3rica que la Patagonia, por el norte, comenzaba en la cordillera de Nahuelbuta por el lado chileno. Esta simple e hist\u00f3rica conceptualizaci\u00f3n, apoya el trabajo conjunto entre Neuqu\u00e9n y la Ruta Lagos y Volcanes, con su gran oferta de servicios tur\u00edsticos de calidad que ponen en valor la cultura, la naturaleza, el bienestar y el buen vivir en el territorio.&nbsp;<\/p>\n","protected":false},"excerpt":{"rendered":"<div class=\"pvc_clear\"><\/div>\n<p id=\"pvc_stats_51348\" class=\"pvc_stats total_only  \" data-element-id=\"51348\" style=\"\"><i class=\"pvc-stats-icon large\" aria-hidden=\"true\"><svg aria-hidden=\"true\" focusable=\"false\" data-prefix=\"far\" data-icon=\"chart-bar\" role=\"img\" xmlns=\"http:\/\/www.w3.org\/2000\/svg\" viewBox=\"0 0 512 512\" class=\"svg-inline--fa fa-chart-bar fa-w-16 fa-2x\"><path fill=\"currentColor\" d=\"M396.8 352h22.4c6.4 0 12.8-6.4 12.8-12.8V108.8c0-6.4-6.4-12.8-12.8-12.8h-22.4c-6.4 0-12.8 6.4-12.8 12.8v230.4c0 6.4 6.4 12.8 12.8 12.8zm-192 0h22.4c6.4 0 12.8-6.4 12.8-12.8V140.8c0-6.4-6.4-12.8-12.8-12.8h-22.4c-6.4 0-12.8 6.4-12.8 12.8v198.4c0 6.4 6.4 12.8 12.8 12.8zm96 0h22.4c6.4 0 12.8-6.4 12.8-12.8V204.8c0-6.4-6.4-12.8-12.8-12.8h-22.4c-6.4 0-12.8 6.4-12.8 12.8v134.4c0 6.4 6.4 12.8 12.8 12.8zM496 400H48V80c0-8.84-7.16-16-16-16H16C7.16 64 0 71.16 0 80v336c0 17.67 14.33 32 32 32h464c8.84 0 16-7.16 16-16v-16c0-8.84-7.16-16-16-16zm-387.2-48h22.4c6.4 0 12.8-6.4 12.8-12.8v-70.4c0-6.4-6.4-12.8-12.8-12.8h-22.4c-6.4 0-12.8 6.4-12.8 12.8v70.4c0 6.4 6.4 12.8 12.8 12.8z\" class=\"\"><\/path><\/svg><\/i> <img loading=\"lazy\" decoding=\"async\" width=\"16\" height=\"16\" alt=\"Loading\" src=\"https:\/\/temucotelevision.cl\/web\/wp-content\/plugins\/page-views-count\/ajax-loader-2x.gif\" border=0 \/><\/p>\n<div class=\"pvc_clear\"><\/div>\n<p>Estamos en plena temporada de invierno, y en Melipeuco, regi\u00f3n de la Araucan\u00eda, los tour operadores afirman que se ha<\/p>\n","protected":false},"author":1,"featured_media":51349,"comment_status":"open","ping_status":"open","sticky":false,"template":"","format":"standard","meta":{"colormag_page_container_layout":"default_layout","colormag_page_sidebar_layout":"default_layout","footnotes":""},"categories":[14],"tags":[94],"class_list":["post-51348","post","type-post","status-publish","format-standard","has-post-thumbnail","hentry","category-temuco","tag-turismo"],"a3_pvc":{"activated":true,"total_views":1110,"today_views":0},"_links":{"self":[{"href":"https:\/\/temucotelevision.cl\/web\/wp-json\/wp\/v2\/posts\/51348","targetHints":{"allow":["GET"]}}],"collection":[{"href":"https:\/\/temucotelevision.cl\/web\/wp-json\/wp\/v2\/posts"}],"about":[{"href":"https:\/\/temucotelevision.cl\/web\/wp-json\/wp\/v2\/types\/post"}],"author":[{"embeddable":true,"href":"https:\/\/temucotelevision.cl\/web\/wp-json\/wp\/v2\/users\/1"}],"replies":[{"embeddable":true,"href":"https:\/\/temucotelevision.cl\/web\/wp-json\/wp\/v2\/comments?post=51348"}],"version-history":[{"count":1,"href":"https:\/\/temucotelevision.cl\/web\/wp-json\/wp\/v2\/posts\/51348\/revisions"}],"predecessor-version":[{"id":51350,"href":"https:\/\/temucotelevision.cl\/web\/wp-json\/wp\/v2\/posts\/51348\/revisions\/51350"}],"wp:featuredmedia":[{"embeddable":true,"href":"https:\/\/temucotelevision.cl\/web\/wp-json\/wp\/v2\/media\/51349"}],"wp:attachment":[{"href":"https:\/\/temucotelevision.cl\/web\/wp-json\/wp\/v2\/media?parent=51348"}],"wp:term":[{"taxonomy":"category","embeddable":true,"href":"https:\/\/temucotelevision.cl\/web\/wp-json\/wp\/v2\/categories?post=51348"},{"taxonomy":"post_tag","embeddable":true,"href":"https:\/\/temucotelevision.cl\/web\/wp-json\/wp\/v2\/tags?post=51348"}],"curies":[{"name":"wp","href":"https:\/\/api.w.org\/{rel}","templated":true}]}}