{"id":51345,"date":"2024-07-16T18:37:44","date_gmt":"2024-07-16T21:37:44","guid":{"rendered":"https:\/\/temucotelevision.cl\/web\/?p=51345"},"modified":"2024-07-16T18:37:44","modified_gmt":"2024-07-16T21:37:44","slug":"seremi-de-la-mujer-de-la-araucania-solicita-a-concejo-municipal-de-victoria-acelerar-la-destitucion-de-alcalde-formalizado-por-delitos-sexuales","status":"publish","type":"post","link":"https:\/\/temucotelevision.cl\/web\/2024\/07\/16\/seremi-de-la-mujer-de-la-araucania-solicita-a-concejo-municipal-de-victoria-acelerar-la-destitucion-de-alcalde-formalizado-por-delitos-sexuales\/","title":{"rendered":"Seremi de la Mujer de La Araucan\u00eda solicita a Concejo municipal de Victoria\u00a0acelerar la destituci\u00f3n de alcalde formalizado por delitos sexuales"},"content":{"rendered":"<div class=\"pvc_clear\"><\/div><p id=\"pvc_stats_51345\" class=\"pvc_stats total_only  \" data-element-id=\"51345\" style=\"\"><i class=\"pvc-stats-icon large\" aria-hidden=\"true\"><svg aria-hidden=\"true\" focusable=\"false\" data-prefix=\"far\" data-icon=\"chart-bar\" role=\"img\" xmlns=\"http:\/\/www.w3.org\/2000\/svg\" viewBox=\"0 0 512 512\" class=\"svg-inline--fa fa-chart-bar fa-w-16 fa-2x\"><path fill=\"currentColor\" d=\"M396.8 352h22.4c6.4 0 12.8-6.4 12.8-12.8V108.8c0-6.4-6.4-12.8-12.8-12.8h-22.4c-6.4 0-12.8 6.4-12.8 12.8v230.4c0 6.4 6.4 12.8 12.8 12.8zm-192 0h22.4c6.4 0 12.8-6.4 12.8-12.8V140.8c0-6.4-6.4-12.8-12.8-12.8h-22.4c-6.4 0-12.8 6.4-12.8 12.8v198.4c0 6.4 6.4 12.8 12.8 12.8zm96 0h22.4c6.4 0 12.8-6.4 12.8-12.8V204.8c0-6.4-6.4-12.8-12.8-12.8h-22.4c-6.4 0-12.8 6.4-12.8 12.8v134.4c0 6.4 6.4 12.8 12.8 12.8zM496 400H48V80c0-8.84-7.16-16-16-16H16C7.16 64 0 71.16 0 80v336c0 17.67 14.33 32 32 32h464c8.84 0 16-7.16 16-16v-16c0-8.84-7.16-16-16-16zm-387.2-48h22.4c6.4 0 12.8-6.4 12.8-12.8v-70.4c0-6.4-6.4-12.8-12.8-12.8h-22.4c-6.4 0-12.8 6.4-12.8 12.8v70.4c0 6.4 6.4 12.8 12.8 12.8z\" class=\"\"><\/path><\/svg><\/i> <img loading=\"lazy\" decoding=\"async\" width=\"16\" height=\"16\" alt=\"Loading\" src=\"https:\/\/temucotelevision.cl\/web\/wp-content\/plugins\/page-views-count\/ajax-loader-2x.gif\" border=0 \/><\/p><div class=\"pvc_clear\"><\/div>\n<p> Durante la tarde de este jueves, la seremi de la Mujer de La Araucan\u00eda, Sol Kaechele Mellado, se present\u00f3 ante el Concejo Municipal de Victoria para solicitar a los concejales de dicha comuna que usen sus atribuciones para que se cese del cargo al alcalde Javier Jaramillo, quien fue formalizado por abuso sexual y violaci\u00f3n contra dos exfuncionarias municipales.\u00a0<\/p>\n\n\n\n<p>En la audiencia, en la cual estuvo presente Jaramillo, la seremi inst\u00f3 al Concejo a hacer uso de sus atribuciones para que el edil deje de ejercer el cargo, en base a la grave contravenci\u00f3n a las normas sobre probidad administrativa por parte de la autoridad. La seremi explic\u00f3 que para esto se requiere de al menos un tercio de los concejales en ejercicio, quienes pueden solicitar al Tribunal Electoral Regional la remoci\u00f3n del edil.<\/p>\n\n\n\n<p>Cabe recordar que la semana pasada el tribunal del Juzgado de Garant\u00eda Local de Victoria determin\u00f3 un plazo de 6 meses para la investigaci\u00f3n, mientras la autoridad cumple las medidas cautelares de arraigo nacional y prohibici\u00f3n de acercarse a las v\u00edctimas.<\/p>\n\n\n\n<p>\u201cHoy nos hemos presentado ante este concejo municipal para se\u00f1alar que cuando una mujer denuncia, las instituciones p\u00fablicas tienen el deber de responder a esa confianza, ya que denunciar nunca es un paso f\u00e1cil para ninguna mujer. Por tanto, hoy d\u00eda queremos hacer un llamado al Concejo Municipal de esta comuna, en su rol de ente fiscalizador\u201d, sostuvo la seremi de la Mujer, quien -en la instancia- estuvo acompa\u00f1ada de la directora regional de SernamEG, Susana Aguilera.&nbsp;<\/p>\n\n\n\n<p>En su exposici\u00f3n, Kaechele destac\u00f3 que, a nivel nacional, la Direcci\u00f3n del Trabajo ha&nbsp;registrado, entre enero y abril, 2.248 denuncias por tem\u00e1ticas relacionadas con acoso sexual, de las cuales 93,1% afectan a mujeres.<\/p>\n\n\n\n<p>Esos datos se suman al complejo panorama que enfrenta La Araucan\u00eda entorno a casos violencia sexual; territorio que, desde 2022 a la fecha, cuenta con&nbsp;un alcalde condenado en Lautaro, otro en prisi\u00f3n preventiva en Renaico y uno bajo arresto domiciliario en Cunco, adem\u00e1s del alcalde de Victoria, quien se encuentra formalizado.&nbsp;<\/p>\n\n\n\n<p>Sin bien el nuevo mecanismo que establece la Ley Karin para la cesaci\u00f3n del cargo de alcaldes y concejales agresores entra en r\u00e9gimen el pr\u00f3ximo mes de agosto, la seremi enfatiz\u00f3 ante los concejales que ellos hoy cuentan con un mecanismo para su destituci\u00f3n. \u201cHoy ustedes, como integrantes de este Concejo Municipal, tienen atribuciones para responder a la confianza y tambi\u00e9n a la valent\u00eda que han puesto las v\u00edctimas y mujeres que han denunciado estos condenables hechos. Como dijimos, la violencia de g\u00e9nero es estructural, puesto que no se da s\u00f3lo porque existe un agresor y una v\u00edctima, sino porque existe una estructura social que la valida y la tolera. Por eso, si queremos cambiar esta realidad, todos y todas debemos contribuir, adoptando medidas conforme con nuestras atribuciones\u201d, se\u00f1al\u00f3 la seremi de la Mujer.<\/p>\n\n\n\n<p>Las acciones de la seremi se suman a las realizadas por SernamEG, que anunci\u00f3 la apelaci\u00f3n al fallo mediante un escrito, con el fin de asegurar la prisi\u00f3n preventiva de Jaramillo. Todo con el objetivo de promover sanciones severas y prevenir as\u00ed la reincidencia de estos delitos.&nbsp;\u201cUstedes, como autoridades locales, tienen en sus manos la posibilidad de transmitir un poderoso mensaje a la comunidad de Victoria, a sus ni\u00f1as y a las mujeres que habitan este territorio, y es que, en esta comuna y en todo Chile, no toleramos el abuso y la violencia de g\u00e9nero\u201d, finaliz\u00f3 la seremi de la Mujer.&nbsp;<\/p>\n","protected":false},"excerpt":{"rendered":"<div class=\"pvc_clear\"><\/div>\n<p id=\"pvc_stats_51345\" class=\"pvc_stats total_only  \" data-element-id=\"51345\" style=\"\"><i class=\"pvc-stats-icon large\" aria-hidden=\"true\"><svg aria-hidden=\"true\" focusable=\"false\" data-prefix=\"far\" data-icon=\"chart-bar\" role=\"img\" xmlns=\"http:\/\/www.w3.org\/2000\/svg\" viewBox=\"0 0 512 512\" class=\"svg-inline--fa fa-chart-bar fa-w-16 fa-2x\"><path fill=\"currentColor\" d=\"M396.8 352h22.4c6.4 0 12.8-6.4 12.8-12.8V108.8c0-6.4-6.4-12.8-12.8-12.8h-22.4c-6.4 0-12.8 6.4-12.8 12.8v230.4c0 6.4 6.4 12.8 12.8 12.8zm-192 0h22.4c6.4 0 12.8-6.4 12.8-12.8V140.8c0-6.4-6.4-12.8-12.8-12.8h-22.4c-6.4 0-12.8 6.4-12.8 12.8v198.4c0 6.4 6.4 12.8 12.8 12.8zm96 0h22.4c6.4 0 12.8-6.4 12.8-12.8V204.8c0-6.4-6.4-12.8-12.8-12.8h-22.4c-6.4 0-12.8 6.4-12.8 12.8v134.4c0 6.4 6.4 12.8 12.8 12.8zM496 400H48V80c0-8.84-7.16-16-16-16H16C7.16 64 0 71.16 0 80v336c0 17.67 14.33 32 32 32h464c8.84 0 16-7.16 16-16v-16c0-8.84-7.16-16-16-16zm-387.2-48h22.4c6.4 0 12.8-6.4 12.8-12.8v-70.4c0-6.4-6.4-12.8-12.8-12.8h-22.4c-6.4 0-12.8 6.4-12.8 12.8v70.4c0 6.4 6.4 12.8 12.8 12.8z\" class=\"\"><\/path><\/svg><\/i> <img loading=\"lazy\" decoding=\"async\" width=\"16\" height=\"16\" alt=\"Loading\" src=\"https:\/\/temucotelevision.cl\/web\/wp-content\/plugins\/page-views-count\/ajax-loader-2x.gif\" border=0 \/><\/p>\n<div class=\"pvc_clear\"><\/div>\n<p>Durante la tarde de este jueves, la seremi de la Mujer de La Araucan\u00eda, Sol Kaechele Mellado, se present\u00f3 ante<\/p>\n","protected":false},"author":1,"featured_media":51346,"comment_status":"open","ping_status":"open","sticky":false,"template":"","format":"standard","meta":{"colormag_page_container_layout":"default_layout","colormag_page_sidebar_layout":"default_layout","footnotes":""},"categories":[15],"tags":[757,232],"class_list":["post-51345","post","type-post","status-publish","format-standard","has-post-thumbnail","hentry","category-la-araucania","tag-mujer","tag-seremi"],"a3_pvc":{"activated":true,"total_views":4259,"today_views":0},"_links":{"self":[{"href":"https:\/\/temucotelevision.cl\/web\/wp-json\/wp\/v2\/posts\/51345","targetHints":{"allow":["GET"]}}],"collection":[{"href":"https:\/\/temucotelevision.cl\/web\/wp-json\/wp\/v2\/posts"}],"about":[{"href":"https:\/\/temucotelevision.cl\/web\/wp-json\/wp\/v2\/types\/post"}],"author":[{"embeddable":true,"href":"https:\/\/temucotelevision.cl\/web\/wp-json\/wp\/v2\/users\/1"}],"replies":[{"embeddable":true,"href":"https:\/\/temucotelevision.cl\/web\/wp-json\/wp\/v2\/comments?post=51345"}],"version-history":[{"count":1,"href":"https:\/\/temucotelevision.cl\/web\/wp-json\/wp\/v2\/posts\/51345\/revisions"}],"predecessor-version":[{"id":51347,"href":"https:\/\/temucotelevision.cl\/web\/wp-json\/wp\/v2\/posts\/51345\/revisions\/51347"}],"wp:featuredmedia":[{"embeddable":true,"href":"https:\/\/temucotelevision.cl\/web\/wp-json\/wp\/v2\/media\/51346"}],"wp:attachment":[{"href":"https:\/\/temucotelevision.cl\/web\/wp-json\/wp\/v2\/media?parent=51345"}],"wp:term":[{"taxonomy":"category","embeddable":true,"href":"https:\/\/temucotelevision.cl\/web\/wp-json\/wp\/v2\/categories?post=51345"},{"taxonomy":"post_tag","embeddable":true,"href":"https:\/\/temucotelevision.cl\/web\/wp-json\/wp\/v2\/tags?post=51345"}],"curies":[{"name":"wp","href":"https:\/\/api.w.org\/{rel}","templated":true}]}}