{"id":51265,"date":"2024-07-11T14:53:13","date_gmt":"2024-07-11T17:53:13","guid":{"rendered":"https:\/\/temucotelevision.cl\/web\/?p=51265"},"modified":"2024-07-11T14:53:29","modified_gmt":"2024-07-11T17:53:29","slug":"teleton-temuco-entrega-reconocimiento-a-organizaciones-sociales-locales-por-el-compromiso-y-solidaridad-con-su-campana","status":"publish","type":"post","link":"https:\/\/temucotelevision.cl\/web\/2024\/07\/11\/teleton-temuco-entrega-reconocimiento-a-organizaciones-sociales-locales-por-el-compromiso-y-solidaridad-con-su-campana\/","title":{"rendered":"Telet\u00f3n Temuco entrega reconocimiento a organizaciones sociales locales por el compromiso y solidaridad con su campa\u00f1a"},"content":{"rendered":"<div class=\"pvc_clear\"><\/div><p id=\"pvc_stats_51265\" class=\"pvc_stats total_only  \" data-element-id=\"51265\" style=\"\"><i class=\"pvc-stats-icon large\" aria-hidden=\"true\"><svg aria-hidden=\"true\" focusable=\"false\" data-prefix=\"far\" data-icon=\"chart-bar\" role=\"img\" xmlns=\"http:\/\/www.w3.org\/2000\/svg\" viewBox=\"0 0 512 512\" class=\"svg-inline--fa fa-chart-bar fa-w-16 fa-2x\"><path fill=\"currentColor\" d=\"M396.8 352h22.4c6.4 0 12.8-6.4 12.8-12.8V108.8c0-6.4-6.4-12.8-12.8-12.8h-22.4c-6.4 0-12.8 6.4-12.8 12.8v230.4c0 6.4 6.4 12.8 12.8 12.8zm-192 0h22.4c6.4 0 12.8-6.4 12.8-12.8V140.8c0-6.4-6.4-12.8-12.8-12.8h-22.4c-6.4 0-12.8 6.4-12.8 12.8v198.4c0 6.4 6.4 12.8 12.8 12.8zm96 0h22.4c6.4 0 12.8-6.4 12.8-12.8V204.8c0-6.4-6.4-12.8-12.8-12.8h-22.4c-6.4 0-12.8 6.4-12.8 12.8v134.4c0 6.4 6.4 12.8 12.8 12.8zM496 400H48V80c0-8.84-7.16-16-16-16H16C7.16 64 0 71.16 0 80v336c0 17.67 14.33 32 32 32h464c8.84 0 16-7.16 16-16v-16c0-8.84-7.16-16-16-16zm-387.2-48h22.4c6.4 0 12.8-6.4 12.8-12.8v-70.4c0-6.4-6.4-12.8-12.8-12.8h-22.4c-6.4 0-12.8 6.4-12.8 12.8v70.4c0 6.4 6.4 12.8 12.8 12.8z\" class=\"\"><\/path><\/svg><\/i> <img loading=\"lazy\" decoding=\"async\" width=\"16\" height=\"16\" alt=\"Loading\" src=\"https:\/\/temucotelevision.cl\/web\/wp-content\/plugins\/page-views-count\/ajax-loader-2x.gif\" border=0 \/><\/p><div class=\"pvc_clear\"><\/div>\n<p>\u25cf&nbsp;&nbsp;El instituto regional recibi\u00f3 a 16 organizaciones locales para agradecer su permanente colaboraci\u00f3n con Telet\u00f3n. Estas agrupaciones organizan voluntariamente actividades y eventos que movilizan a las comunidades locales en apoyo a la campa\u00f1a anual de la instituci\u00f3n. \u200b<\/p>\n\n\n\n<p>El Instituto Telet\u00f3n de Temuco entreg\u00f3 un reconocimiento a 16 gremios y juntas de vecinos locales por su permanente compromiso y colaboraci\u00f3n con la obra solidaria y su campa\u00f1a anual.<\/p>\n\n\n\n<p>A\u00f1o tras a\u00f1o, estas agrupaciones sociales y ciudadanas organizan actividades y eventos de manera totalmente voluntaria y desinteresada, lo cual permite recaudar donaciones para la campa\u00f1a anual de Telet\u00f3n. Entre estas actividades se destacan la Zumbat\u00f3n, completadas, ferias de emprendedores, bingos, shows art\u00edsticos y eventos deportivos.<\/p>\n\n\n\n<p>La ceremonia de reconocimiento y agradecimiento se llev\u00f3 a cabo en el Hotel Ferrat, donde la reconocida influencer Icata se uni\u00f3 al equipo de Telet\u00f3n para recibir a los representantes y dirigentes de las organizaciones locales. Durante el evento, se destac\u00f3 el trabajo de la instituci\u00f3n y se expres\u00f3 gratitud por el aporte continuo de estas agrupaciones, simbolizado con la entrega de un galvano.<\/p>\n\n\n\n<p>Este apoyo es altamente valorado por la instituci\u00f3n y los centros de rehabilitaci\u00f3n regionales, con los que estas organizaciones est\u00e1n vinculadas. Seg\u00fan el doctor<strong>&nbsp;Iv\u00e1n Barbosa, director del Instituto Telet\u00f3n Temuco<\/strong>, el esp\u00edritu solidario que moviliza a estas organizaciones es fundamental para el \u00e9xito de la campa\u00f1a. &#8220;Gracias a sus aportes, en 2023 nuestro Instituto pudo brindar<strong>&nbsp;rehabilitaci\u00f3n gratuita a 2.050 ni\u00f1os, ni\u00f1as y j\u00f3venes<\/strong>, y atender a<strong>&nbsp;237 familias que realizaron su primera consulta<\/strong>&nbsp;en nuestras instalaciones&#8221;, explic\u00f3.<\/p>\n\n\n\n<p>Durante el mismo periodo, la sede regional llev\u00f3 a cabo<strong>&nbsp;59 intervenciones quir\u00fargicas<\/strong>, entreg\u00f3&nbsp;<strong>382 ayudas t\u00e9cnicas<\/strong>&nbsp;y repar\u00f3 y fabric\u00f3&nbsp;<strong>2.759 \u00f3rtesis y 33 pr\u00f3tesis<\/strong>&nbsp;para mejorar la calidad de vida de los beneficiarios.<\/p>\n\n\n\n<p>Una de las organizaciones presentes fue&nbsp;<strong>&#8220;Voluntarios por Cholchol&#8221;<\/strong>, que, junto al apoyo de la municipalidad, Carabineros y Bomberos, lleva 14 a\u00f1os organizando las campa\u00f1as de Telet\u00f3n en su comuna.<\/p>\n\n\n\n<p>Mario Rebolledo, representante de esta organizaci\u00f3n, destac\u00f3 la buena experiencia de trabajar en conjunto con el Instituto de Temuco. &#8220;La comuna se siente parte de la campa\u00f1a, del evento, de todo lo bonito que tiene Telet\u00f3n. El objetivo es unir a la comunidad; las personas se olvidan de sus diferencias pol\u00edticas, futbol\u00edsticas o religiosas&#8221;, coment\u00f3.<\/p>\n\n\n\n<p>Rebolledo tambi\u00e9n valor\u00f3 positivamente que el instituto local rinda cuentas sobre el destino de los recursos donados durante la campa\u00f1a. &#8220;Es fundamental que se haga. Los que hemos tenido la posibilidad de conocer y visitar los institutos sabemos el trabajo que se realiza y c\u00f3mo funciona. Comunicarlo es un valor que pocas organizaciones tienen, un punto a favor que hay que seguir fortaleciendo&#8221;, a\u00f1adi\u00f3.<\/p>\n\n\n\n<p>En 2023, Telet\u00f3n recibi\u00f3 un importante respaldo de diversas organizaciones sociales en todo el pa\u00eds. En total, 1.094 agrupaciones participaron en m\u00e1s de 1.200 eventos y actividades realizadas a lo largo del pa\u00eds. Este compromiso fue crucial para impulsar la campa\u00f1a y movilizar a las comunidades en apoyo a Telet\u00f3n.<\/p>\n\n\n\n<p>La participaci\u00f3n activa de la comunidad demuestra el esp\u00edritu de solidaridad y apoyo social que caracteriza a Telet\u00f3n y que contribuye significativamente a su \u00e9xito continuo.<\/p>\n\n\n\n<p>La cuenta p\u00fablica de Telet\u00f3n y su Memoria Anual 2023 est\u00e1n disponibles para consulta y descarga en Teleton.cl y en su sitio de Transparencia (www.teleton.cl\/transparencia). Este sitio web proporciona informaci\u00f3n detallada sobre el trabajo de Telet\u00f3n y todas las realizaciones posibles gracias al aporte solidario de personas y organizaciones.<\/p>\n\n\n\n<p>La campa\u00f1a Telet\u00f3n 2024 se llevar\u00e1 a cabo los d\u00edas<strong>&nbsp;8 y 9 de noviembre<\/strong>, con el tradicional programa televisivo de 27 horas desde el Teatro Telet\u00f3n y su noche de cierre.<\/p>\n\n\n\n<figure class=\"wp-block-image size-large\"><img loading=\"lazy\" decoding=\"async\" width=\"1000\" height=\"750\" src=\"https:\/\/temucotelevision.cl\/web\/wp-content\/uploads\/2024\/07\/Teleton-Tco2-1000x750.jpeg\" alt=\"\" class=\"wp-image-51267\" srcset=\"https:\/\/temucotelevision.cl\/web\/wp-content\/uploads\/2024\/07\/Teleton-Tco2-1000x750.jpeg 1000w, https:\/\/temucotelevision.cl\/web\/wp-content\/uploads\/2024\/07\/Teleton-Tco2-768x576.jpeg 768w, https:\/\/temucotelevision.cl\/web\/wp-content\/uploads\/2024\/07\/Teleton-Tco2.jpeg 1280w\" sizes=\"auto, (max-width: 1000px) 100vw, 1000px\" \/><\/figure>\n","protected":false},"excerpt":{"rendered":"<div class=\"pvc_clear\"><\/div>\n<p id=\"pvc_stats_51265\" class=\"pvc_stats total_only  \" data-element-id=\"51265\" style=\"\"><i class=\"pvc-stats-icon large\" aria-hidden=\"true\"><svg aria-hidden=\"true\" focusable=\"false\" data-prefix=\"far\" data-icon=\"chart-bar\" role=\"img\" xmlns=\"http:\/\/www.w3.org\/2000\/svg\" viewBox=\"0 0 512 512\" class=\"svg-inline--fa fa-chart-bar fa-w-16 fa-2x\"><path fill=\"currentColor\" d=\"M396.8 352h22.4c6.4 0 12.8-6.4 12.8-12.8V108.8c0-6.4-6.4-12.8-12.8-12.8h-22.4c-6.4 0-12.8 6.4-12.8 12.8v230.4c0 6.4 6.4 12.8 12.8 12.8zm-192 0h22.4c6.4 0 12.8-6.4 12.8-12.8V140.8c0-6.4-6.4-12.8-12.8-12.8h-22.4c-6.4 0-12.8 6.4-12.8 12.8v198.4c0 6.4 6.4 12.8 12.8 12.8zm96 0h22.4c6.4 0 12.8-6.4 12.8-12.8V204.8c0-6.4-6.4-12.8-12.8-12.8h-22.4c-6.4 0-12.8 6.4-12.8 12.8v134.4c0 6.4 6.4 12.8 12.8 12.8zM496 400H48V80c0-8.84-7.16-16-16-16H16C7.16 64 0 71.16 0 80v336c0 17.67 14.33 32 32 32h464c8.84 0 16-7.16 16-16v-16c0-8.84-7.16-16-16-16zm-387.2-48h22.4c6.4 0 12.8-6.4 12.8-12.8v-70.4c0-6.4-6.4-12.8-12.8-12.8h-22.4c-6.4 0-12.8 6.4-12.8 12.8v70.4c0 6.4 6.4 12.8 12.8 12.8z\" class=\"\"><\/path><\/svg><\/i> <img loading=\"lazy\" decoding=\"async\" width=\"16\" height=\"16\" alt=\"Loading\" src=\"https:\/\/temucotelevision.cl\/web\/wp-content\/plugins\/page-views-count\/ajax-loader-2x.gif\" border=0 \/><\/p>\n<div class=\"pvc_clear\"><\/div>\n<p>\u25cf&nbsp;&nbsp;El instituto regional recibi\u00f3 a 16 organizaciones locales para agradecer su permanente colaboraci\u00f3n con Telet\u00f3n. Estas agrupaciones organizan voluntariamente actividades<\/p>\n","protected":false},"author":1,"featured_media":51266,"comment_status":"open","ping_status":"open","sticky":false,"template":"","format":"standard","meta":{"colormag_page_container_layout":"default_layout","colormag_page_sidebar_layout":"default_layout","footnotes":""},"categories":[14],"tags":[1989],"class_list":["post-51265","post","type-post","status-publish","format-standard","has-post-thumbnail","hentry","category-temuco","tag-teleton"],"a3_pvc":{"activated":true,"total_views":1090,"today_views":0},"_links":{"self":[{"href":"https:\/\/temucotelevision.cl\/web\/wp-json\/wp\/v2\/posts\/51265","targetHints":{"allow":["GET"]}}],"collection":[{"href":"https:\/\/temucotelevision.cl\/web\/wp-json\/wp\/v2\/posts"}],"about":[{"href":"https:\/\/temucotelevision.cl\/web\/wp-json\/wp\/v2\/types\/post"}],"author":[{"embeddable":true,"href":"https:\/\/temucotelevision.cl\/web\/wp-json\/wp\/v2\/users\/1"}],"replies":[{"embeddable":true,"href":"https:\/\/temucotelevision.cl\/web\/wp-json\/wp\/v2\/comments?post=51265"}],"version-history":[{"count":1,"href":"https:\/\/temucotelevision.cl\/web\/wp-json\/wp\/v2\/posts\/51265\/revisions"}],"predecessor-version":[{"id":51268,"href":"https:\/\/temucotelevision.cl\/web\/wp-json\/wp\/v2\/posts\/51265\/revisions\/51268"}],"wp:featuredmedia":[{"embeddable":true,"href":"https:\/\/temucotelevision.cl\/web\/wp-json\/wp\/v2\/media\/51266"}],"wp:attachment":[{"href":"https:\/\/temucotelevision.cl\/web\/wp-json\/wp\/v2\/media?parent=51265"}],"wp:term":[{"taxonomy":"category","embeddable":true,"href":"https:\/\/temucotelevision.cl\/web\/wp-json\/wp\/v2\/categories?post=51265"},{"taxonomy":"post_tag","embeddable":true,"href":"https:\/\/temucotelevision.cl\/web\/wp-json\/wp\/v2\/tags?post=51265"}],"curies":[{"name":"wp","href":"https:\/\/api.w.org\/{rel}","templated":true}]}}