{"id":51262,"date":"2024-07-11T14:19:19","date_gmt":"2024-07-11T17:19:19","guid":{"rendered":"https:\/\/temucotelevision.cl\/web\/?p=51262"},"modified":"2024-07-11T14:19:20","modified_gmt":"2024-07-11T17:19:20","slug":"usuarios-del-tren-la-araucania-reciben-informacion-sobre-el-subsidio-electrico-por-autoridades-regionales","status":"publish","type":"post","link":"https:\/\/temucotelevision.cl\/web\/2024\/07\/11\/usuarios-del-tren-la-araucania-reciben-informacion-sobre-el-subsidio-electrico-por-autoridades-regionales\/","title":{"rendered":"Usuarios del Tren La Araucan\u00eda reciben informaci\u00f3n sobre el Subsidio El\u00e9ctrico por autoridades regionales"},"content":{"rendered":"<div class=\"pvc_clear\"><\/div><p id=\"pvc_stats_51262\" class=\"pvc_stats total_only  \" data-element-id=\"51262\" style=\"\"><i class=\"pvc-stats-icon large\" aria-hidden=\"true\"><svg aria-hidden=\"true\" focusable=\"false\" data-prefix=\"far\" data-icon=\"chart-bar\" role=\"img\" xmlns=\"http:\/\/www.w3.org\/2000\/svg\" viewBox=\"0 0 512 512\" class=\"svg-inline--fa fa-chart-bar fa-w-16 fa-2x\"><path fill=\"currentColor\" d=\"M396.8 352h22.4c6.4 0 12.8-6.4 12.8-12.8V108.8c0-6.4-6.4-12.8-12.8-12.8h-22.4c-6.4 0-12.8 6.4-12.8 12.8v230.4c0 6.4 6.4 12.8 12.8 12.8zm-192 0h22.4c6.4 0 12.8-6.4 12.8-12.8V140.8c0-6.4-6.4-12.8-12.8-12.8h-22.4c-6.4 0-12.8 6.4-12.8 12.8v198.4c0 6.4 6.4 12.8 12.8 12.8zm96 0h22.4c6.4 0 12.8-6.4 12.8-12.8V204.8c0-6.4-6.4-12.8-12.8-12.8h-22.4c-6.4 0-12.8 6.4-12.8 12.8v134.4c0 6.4 6.4 12.8 12.8 12.8zM496 400H48V80c0-8.84-7.16-16-16-16H16C7.16 64 0 71.16 0 80v336c0 17.67 14.33 32 32 32h464c8.84 0 16-7.16 16-16v-16c0-8.84-7.16-16-16-16zm-387.2-48h22.4c6.4 0 12.8-6.4 12.8-12.8v-70.4c0-6.4-6.4-12.8-12.8-12.8h-22.4c-6.4 0-12.8 6.4-12.8 12.8v70.4c0 6.4 6.4 12.8 12.8 12.8z\" class=\"\"><\/path><\/svg><\/i> <img loading=\"lazy\" decoding=\"async\" width=\"16\" height=\"16\" alt=\"Loading\" src=\"https:\/\/temucotelevision.cl\/web\/wp-content\/plugins\/page-views-count\/ajax-loader-2x.gif\" border=0 \/><\/p><div class=\"pvc_clear\"><\/div>\n<p><em>Recorriendo los diversos tramos ferroviarios las autoridades se desplazaron durante la ma\u00f1ana entre Temuco- Victoria, y durante la tarde entre Temuco- Pitrufqu\u00e9n, resolviendo dudas e informado sobre el proceso de postulaci\u00f3n al subsidio que finaliza este 14 de julio.<\/em><\/p>\n\n\n\n<p>Gracias al apoyo de Ferrocarriles del Estado, los Seremis de Gobierno, Ver\u00f3nica L\u00f3pez-Videla; de Energ\u00eda, Camilo Villagr\u00e1n; de Desarrollo Social y Familia, Mariela Huillip\u00e1n; de Trabajo y Previsi\u00f3n Social, Claudia Tapia y el director del IPS, Joaqu\u00edn Nu\u00f1ez, llevaron a cabo una campa\u00f1a informativa orientada a los pasajeros del tren La Araucan\u00eda, destinada a difundir los detalles del Subsidio El\u00e9ctrico que ofrece el Gobierno de Chile, dirigido al 40% m\u00e1s vulnerable de la poblaci\u00f3n.&nbsp;<\/p>\n\n\n\n<p>La vocera de Gobierno de La Araucan\u00eda, Ver\u00f3nica L\u00f3pez-Videla, se\u00f1al\u00f3 que \u201cqueremos que sepan que les estamos acompa\u00f1ando, que no est\u00e1n solos asumiendo esta alza, y tambi\u00e9n esperamos que el Congreso apruebe el proyecto de ley, para triplicar la cobertura\u201d.&nbsp;<\/p>\n\n\n\n<p>Por su parte el seremi de Energ\u00eda, Camilo Villagr\u00e1n explic\u00f3&nbsp; que \u201chemos venido al transporte p\u00fablico a difundir, porque quedan pocos d\u00edas. Las postulaciones se realizan a trav\u00e9s de&nbsp;<a href=\"http:\/\/www.subsidioelectrico.cl\/\" target=\"_blank\" rel=\"noreferrer noopener\">www.subsidioelectrico.cl<\/a>&nbsp;o en cualquier oficina de ChileAtiende\u201d.<\/p>\n\n\n\n<p>En tanto, la secretaria regional de Desarrollo Social, Mariela Huillip\u00e1n, declar\u00f3 que \u201cdesde Desarrollo Social, hemos habilitado y estamos trabajando arduamente para que las actualizaciones del Registro Social de Hogares, -que es una herramienta fundamental para poder realizar la postulaci\u00f3n-, sea lo m\u00e1s r\u00e1pida y expedita posible\u201d.<\/p>\n\n\n\n<p>Desde el IPS su director regional Joaqu\u00edn N\u00fa\u00f1ez, inform\u00f3 adem\u00e1s que se sum\u00f3 la atenci\u00f3n de las oficinas de ChileAtiende para realizar el proceso hasta el viernes 12 de julio, mientras que online hasta el 14 de julio, &nbsp;o bien llamando al 101.&nbsp;<\/p>\n\n\n\n<p>Finalmente es preciso recordar que se habilit\u00f3 el fono 6006000732 para dudas y consultas.<\/p>\n","protected":false},"excerpt":{"rendered":"<div class=\"pvc_clear\"><\/div>\n<p id=\"pvc_stats_51262\" class=\"pvc_stats total_only  \" data-element-id=\"51262\" style=\"\"><i class=\"pvc-stats-icon large\" aria-hidden=\"true\"><svg aria-hidden=\"true\" focusable=\"false\" data-prefix=\"far\" data-icon=\"chart-bar\" role=\"img\" xmlns=\"http:\/\/www.w3.org\/2000\/svg\" viewBox=\"0 0 512 512\" class=\"svg-inline--fa fa-chart-bar fa-w-16 fa-2x\"><path fill=\"currentColor\" d=\"M396.8 352h22.4c6.4 0 12.8-6.4 12.8-12.8V108.8c0-6.4-6.4-12.8-12.8-12.8h-22.4c-6.4 0-12.8 6.4-12.8 12.8v230.4c0 6.4 6.4 12.8 12.8 12.8zm-192 0h22.4c6.4 0 12.8-6.4 12.8-12.8V140.8c0-6.4-6.4-12.8-12.8-12.8h-22.4c-6.4 0-12.8 6.4-12.8 12.8v198.4c0 6.4 6.4 12.8 12.8 12.8zm96 0h22.4c6.4 0 12.8-6.4 12.8-12.8V204.8c0-6.4-6.4-12.8-12.8-12.8h-22.4c-6.4 0-12.8 6.4-12.8 12.8v134.4c0 6.4 6.4 12.8 12.8 12.8zM496 400H48V80c0-8.84-7.16-16-16-16H16C7.16 64 0 71.16 0 80v336c0 17.67 14.33 32 32 32h464c8.84 0 16-7.16 16-16v-16c0-8.84-7.16-16-16-16zm-387.2-48h22.4c6.4 0 12.8-6.4 12.8-12.8v-70.4c0-6.4-6.4-12.8-12.8-12.8h-22.4c-6.4 0-12.8 6.4-12.8 12.8v70.4c0 6.4 6.4 12.8 12.8 12.8z\" class=\"\"><\/path><\/svg><\/i> <img loading=\"lazy\" decoding=\"async\" width=\"16\" height=\"16\" alt=\"Loading\" src=\"https:\/\/temucotelevision.cl\/web\/wp-content\/plugins\/page-views-count\/ajax-loader-2x.gif\" border=0 \/><\/p>\n<div class=\"pvc_clear\"><\/div>\n<p>Recorriendo los diversos tramos ferroviarios las autoridades se desplazaron durante la ma\u00f1ana entre Temuco- Victoria, y durante la tarde entre<\/p>\n","protected":false},"author":1,"featured_media":51263,"comment_status":"open","ping_status":"open","sticky":false,"template":"","format":"standard","meta":{"colormag_page_container_layout":"default_layout","colormag_page_sidebar_layout":"default_layout","footnotes":""},"categories":[14],"tags":[7112],"class_list":["post-51262","post","type-post","status-publish","format-standard","has-post-thumbnail","hentry","category-temuco","tag-subsidio-electrico"],"a3_pvc":{"activated":true,"total_views":1045,"today_views":0},"_links":{"self":[{"href":"https:\/\/temucotelevision.cl\/web\/wp-json\/wp\/v2\/posts\/51262","targetHints":{"allow":["GET"]}}],"collection":[{"href":"https:\/\/temucotelevision.cl\/web\/wp-json\/wp\/v2\/posts"}],"about":[{"href":"https:\/\/temucotelevision.cl\/web\/wp-json\/wp\/v2\/types\/post"}],"author":[{"embeddable":true,"href":"https:\/\/temucotelevision.cl\/web\/wp-json\/wp\/v2\/users\/1"}],"replies":[{"embeddable":true,"href":"https:\/\/temucotelevision.cl\/web\/wp-json\/wp\/v2\/comments?post=51262"}],"version-history":[{"count":1,"href":"https:\/\/temucotelevision.cl\/web\/wp-json\/wp\/v2\/posts\/51262\/revisions"}],"predecessor-version":[{"id":51264,"href":"https:\/\/temucotelevision.cl\/web\/wp-json\/wp\/v2\/posts\/51262\/revisions\/51264"}],"wp:featuredmedia":[{"embeddable":true,"href":"https:\/\/temucotelevision.cl\/web\/wp-json\/wp\/v2\/media\/51263"}],"wp:attachment":[{"href":"https:\/\/temucotelevision.cl\/web\/wp-json\/wp\/v2\/media?parent=51262"}],"wp:term":[{"taxonomy":"category","embeddable":true,"href":"https:\/\/temucotelevision.cl\/web\/wp-json\/wp\/v2\/categories?post=51262"},{"taxonomy":"post_tag","embeddable":true,"href":"https:\/\/temucotelevision.cl\/web\/wp-json\/wp\/v2\/tags?post=51262"}],"curies":[{"name":"wp","href":"https:\/\/api.w.org\/{rel}","templated":true}]}}