{"id":51250,"date":"2024-07-11T11:16:19","date_gmt":"2024-07-11T14:16:19","guid":{"rendered":"https:\/\/temucotelevision.cl\/web\/?p=51250"},"modified":"2024-07-11T11:16:20","modified_gmt":"2024-07-11T14:16:20","slug":"sofo-se-reunio-con-medios-de-prensa-para-presentar-su-nueva-estrategia-gremial","status":"publish","type":"post","link":"https:\/\/temucotelevision.cl\/web\/2024\/07\/11\/sofo-se-reunio-con-medios-de-prensa-para-presentar-su-nueva-estrategia-gremial\/","title":{"rendered":"SOFO se reuni\u00f3 con medios de prensa \u00a0para presentar \u00a0su nueva estrategia gremial"},"content":{"rendered":"<div class=\"pvc_clear\"><\/div><p id=\"pvc_stats_51250\" class=\"pvc_stats total_only  \" data-element-id=\"51250\" style=\"\"><i class=\"pvc-stats-icon large\" aria-hidden=\"true\"><svg aria-hidden=\"true\" focusable=\"false\" data-prefix=\"far\" data-icon=\"chart-bar\" role=\"img\" xmlns=\"http:\/\/www.w3.org\/2000\/svg\" viewBox=\"0 0 512 512\" class=\"svg-inline--fa fa-chart-bar fa-w-16 fa-2x\"><path fill=\"currentColor\" d=\"M396.8 352h22.4c6.4 0 12.8-6.4 12.8-12.8V108.8c0-6.4-6.4-12.8-12.8-12.8h-22.4c-6.4 0-12.8 6.4-12.8 12.8v230.4c0 6.4 6.4 12.8 12.8 12.8zm-192 0h22.4c6.4 0 12.8-6.4 12.8-12.8V140.8c0-6.4-6.4-12.8-12.8-12.8h-22.4c-6.4 0-12.8 6.4-12.8 12.8v198.4c0 6.4 6.4 12.8 12.8 12.8zm96 0h22.4c6.4 0 12.8-6.4 12.8-12.8V204.8c0-6.4-6.4-12.8-12.8-12.8h-22.4c-6.4 0-12.8 6.4-12.8 12.8v134.4c0 6.4 6.4 12.8 12.8 12.8zM496 400H48V80c0-8.84-7.16-16-16-16H16C7.16 64 0 71.16 0 80v336c0 17.67 14.33 32 32 32h464c8.84 0 16-7.16 16-16v-16c0-8.84-7.16-16-16-16zm-387.2-48h22.4c6.4 0 12.8-6.4 12.8-12.8v-70.4c0-6.4-6.4-12.8-12.8-12.8h-22.4c-6.4 0-12.8 6.4-12.8 12.8v70.4c0 6.4 6.4 12.8 12.8 12.8z\" class=\"\"><\/path><\/svg><\/i> <img loading=\"lazy\" decoding=\"async\" width=\"16\" height=\"16\" alt=\"Loading\" src=\"https:\/\/temucotelevision.cl\/web\/wp-content\/plugins\/page-views-count\/ajax-loader-2x.gif\" border=0 \/><\/p><div class=\"pvc_clear\"><\/div>\n<p><em>En la ocasi\u00f3n , la entidad destac\u00f3 la importancia de la labor period\u00edstica en favor de la agricultura.<\/em><\/p>\n\n\n\n<p>Anticip\u00e1ndose a la conmemoraci\u00f3n del D\u00eda del Periodista, la Sociedad de Fomento Agr\u00edcola de Temuco, &nbsp;SOFO, se reuni\u00f3 con profesionales de &nbsp;medios de comunicaci\u00f3n locales para agradecer &nbsp;el trabajo que desarrollan en la &nbsp;regi\u00f3n y acercar los temas del agro a quienes cumplen con la noble misi\u00f3n de informar.<\/p>\n\n\n\n<p>El secretario ejecutivo de la organizaci\u00f3n gremial , Carlo Rojas, fue el encargado de entregar el saludo a nombre de la instituci\u00f3n, &nbsp;destacando &nbsp;a los medios de comunicaci\u00f3n como el gran v\u00ednculo que permite visibilizar el valor de la agricultura y el rol preponderante que cumplen los agricultores en la producci\u00f3n de alimentos para toda la poblaci\u00f3n.<\/p>\n\n\n\n<p>El gesto fue agradecido por los profesionales de las comunicaciones, quienes adem\u00e1s manifestaron su inter\u00e9s por conocer los nuevos lineamientos de SOFO en el marco de su proceso de modernizaci\u00f3n.<\/p>\n\n\n\n<p>Al respecto , Carlo Rojas, enfatiz\u00f3 en que &nbsp;la organizaci\u00f3n gremial sigue cumpliendo los objetivos desde su creaci\u00f3n &nbsp;hace 105 &nbsp;a\u00f1os , pero acorde a lo que est\u00e1 sucediendo actualmente en el sector. \u201cQueremos involucrar a &nbsp;las nuevas generaciones del agro en el debate y ofrecer algunos insumos a ellos para que se involucren en la labor gremial\u201d, dijo.<\/p>\n\n\n\n<p>En esa l\u00ednea el dirigente , destac\u00f3 el reciente encuentro de nuevas generaciones del agro que congreg\u00f3 a cerca de 100 asistentes. \u201c&nbsp; Vimos temas relevantes que hoy est\u00e1n dando que hablar&nbsp; y que para ellos son de inter\u00e9s como la &nbsp;competitividad, la inversi\u00f3n, la tecnolog\u00eda y c\u00f3mo dar valor agregado a los productos\u201d, sostuvo.<\/p>\n\n\n\n<p>Asimismo dio a conocer a los presentes, &nbsp;cuatro comisiones creadas por&nbsp;&nbsp;SOFO para modernizar su gesti\u00f3n y promover la participaci\u00f3n de los asociados. \u201cTenemos una comisi\u00f3n de infraestructura h\u00eddrica, que busca promover la realizaci\u00f3n de proyectos que permitan contar con almacenamiento de agua; una comisi\u00f3n de granos para defender los intereses de los productores cerealeros ; una comisi\u00f3n de gesti\u00f3n p\u00fablica para proveer de informaci\u00f3n \u00fatil para la toma de decisiones &nbsp;respecto a la permisolog\u00eda ; y otra frut\u00edcola &nbsp;que tiene que ver con el desarrollo&nbsp; de este sector productivo&nbsp; tan prominente en la regi\u00f3n y consolidado en la zona de Malleco.<\/p>\n\n\n\n<p>El encuentro concluy\u00f3 con la entrega del libro SOFO&nbsp; 100 A\u00f1os en el coraz\u00f3n de La Araucan\u00eda, que testimonia la presencia de SOFO y su representatividad en el mundo agr\u00edcola del sur de Chile.<\/p>\n\n\n\n<figure class=\"wp-block-image size-full\"><img loading=\"lazy\" decoding=\"async\" width=\"960\" height=\"720\" src=\"https:\/\/temucotelevision.cl\/web\/wp-content\/uploads\/2024\/07\/Sofo.jpg\" alt=\"\" class=\"wp-image-51252\" srcset=\"https:\/\/temucotelevision.cl\/web\/wp-content\/uploads\/2024\/07\/Sofo.jpg 960w, https:\/\/temucotelevision.cl\/web\/wp-content\/uploads\/2024\/07\/Sofo-768x576.jpg 768w\" sizes=\"auto, (max-width: 960px) 100vw, 960px\" \/><\/figure>\n","protected":false},"excerpt":{"rendered":"<div class=\"pvc_clear\"><\/div>\n<p id=\"pvc_stats_51250\" class=\"pvc_stats total_only  \" data-element-id=\"51250\" style=\"\"><i class=\"pvc-stats-icon large\" aria-hidden=\"true\"><svg aria-hidden=\"true\" focusable=\"false\" data-prefix=\"far\" data-icon=\"chart-bar\" role=\"img\" xmlns=\"http:\/\/www.w3.org\/2000\/svg\" viewBox=\"0 0 512 512\" class=\"svg-inline--fa fa-chart-bar fa-w-16 fa-2x\"><path fill=\"currentColor\" d=\"M396.8 352h22.4c6.4 0 12.8-6.4 12.8-12.8V108.8c0-6.4-6.4-12.8-12.8-12.8h-22.4c-6.4 0-12.8 6.4-12.8 12.8v230.4c0 6.4 6.4 12.8 12.8 12.8zm-192 0h22.4c6.4 0 12.8-6.4 12.8-12.8V140.8c0-6.4-6.4-12.8-12.8-12.8h-22.4c-6.4 0-12.8 6.4-12.8 12.8v198.4c0 6.4 6.4 12.8 12.8 12.8zm96 0h22.4c6.4 0 12.8-6.4 12.8-12.8V204.8c0-6.4-6.4-12.8-12.8-12.8h-22.4c-6.4 0-12.8 6.4-12.8 12.8v134.4c0 6.4 6.4 12.8 12.8 12.8zM496 400H48V80c0-8.84-7.16-16-16-16H16C7.16 64 0 71.16 0 80v336c0 17.67 14.33 32 32 32h464c8.84 0 16-7.16 16-16v-16c0-8.84-7.16-16-16-16zm-387.2-48h22.4c6.4 0 12.8-6.4 12.8-12.8v-70.4c0-6.4-6.4-12.8-12.8-12.8h-22.4c-6.4 0-12.8 6.4-12.8 12.8v70.4c0 6.4 6.4 12.8 12.8 12.8z\" class=\"\"><\/path><\/svg><\/i> <img loading=\"lazy\" decoding=\"async\" width=\"16\" height=\"16\" alt=\"Loading\" src=\"https:\/\/temucotelevision.cl\/web\/wp-content\/plugins\/page-views-count\/ajax-loader-2x.gif\" border=0 \/><\/p>\n<div class=\"pvc_clear\"><\/div>\n<p>En la ocasi\u00f3n , la entidad destac\u00f3 la importancia de la labor period\u00edstica en favor de la agricultura. Anticip\u00e1ndose a<\/p>\n","protected":false},"author":1,"featured_media":51251,"comment_status":"open","ping_status":"open","sticky":false,"template":"","format":"standard","meta":{"colormag_page_container_layout":"default_layout","colormag_page_sidebar_layout":"default_layout","footnotes":""},"categories":[14],"tags":[1895],"class_list":["post-51250","post","type-post","status-publish","format-standard","has-post-thumbnail","hentry","category-temuco","tag-sofo"],"a3_pvc":{"activated":true,"total_views":1130,"today_views":0},"_links":{"self":[{"href":"https:\/\/temucotelevision.cl\/web\/wp-json\/wp\/v2\/posts\/51250","targetHints":{"allow":["GET"]}}],"collection":[{"href":"https:\/\/temucotelevision.cl\/web\/wp-json\/wp\/v2\/posts"}],"about":[{"href":"https:\/\/temucotelevision.cl\/web\/wp-json\/wp\/v2\/types\/post"}],"author":[{"embeddable":true,"href":"https:\/\/temucotelevision.cl\/web\/wp-json\/wp\/v2\/users\/1"}],"replies":[{"embeddable":true,"href":"https:\/\/temucotelevision.cl\/web\/wp-json\/wp\/v2\/comments?post=51250"}],"version-history":[{"count":1,"href":"https:\/\/temucotelevision.cl\/web\/wp-json\/wp\/v2\/posts\/51250\/revisions"}],"predecessor-version":[{"id":51253,"href":"https:\/\/temucotelevision.cl\/web\/wp-json\/wp\/v2\/posts\/51250\/revisions\/51253"}],"wp:featuredmedia":[{"embeddable":true,"href":"https:\/\/temucotelevision.cl\/web\/wp-json\/wp\/v2\/media\/51251"}],"wp:attachment":[{"href":"https:\/\/temucotelevision.cl\/web\/wp-json\/wp\/v2\/media?parent=51250"}],"wp:term":[{"taxonomy":"category","embeddable":true,"href":"https:\/\/temucotelevision.cl\/web\/wp-json\/wp\/v2\/categories?post=51250"},{"taxonomy":"post_tag","embeddable":true,"href":"https:\/\/temucotelevision.cl\/web\/wp-json\/wp\/v2\/tags?post=51250"}],"curies":[{"name":"wp","href":"https:\/\/api.w.org\/{rel}","templated":true}]}}