{"id":51234,"date":"2024-07-10T13:52:05","date_gmt":"2024-07-10T16:52:05","guid":{"rendered":"https:\/\/temucotelevision.cl\/web\/?p=51234"},"modified":"2024-07-10T13:55:23","modified_gmt":"2024-07-10T16:55:23","slug":"tragedia-en-lican-ray-matrimonio-fallece-en-incendio-de-una-pension","status":"publish","type":"post","link":"https:\/\/temucotelevision.cl\/web\/2024\/07\/10\/tragedia-en-lican-ray-matrimonio-fallece-en-incendio-de-una-pension\/","title":{"rendered":"Tragedia en Lican Ray: Matrimonio fallece en incendio de una pensi\u00f3n"},"content":{"rendered":"<div class=\"pvc_clear\"><\/div><p id=\"pvc_stats_51234\" class=\"pvc_stats total_only  \" data-element-id=\"51234\" style=\"\"><i class=\"pvc-stats-icon large\" aria-hidden=\"true\"><svg aria-hidden=\"true\" focusable=\"false\" data-prefix=\"far\" data-icon=\"chart-bar\" role=\"img\" xmlns=\"http:\/\/www.w3.org\/2000\/svg\" viewBox=\"0 0 512 512\" class=\"svg-inline--fa fa-chart-bar fa-w-16 fa-2x\"><path fill=\"currentColor\" d=\"M396.8 352h22.4c6.4 0 12.8-6.4 12.8-12.8V108.8c0-6.4-6.4-12.8-12.8-12.8h-22.4c-6.4 0-12.8 6.4-12.8 12.8v230.4c0 6.4 6.4 12.8 12.8 12.8zm-192 0h22.4c6.4 0 12.8-6.4 12.8-12.8V140.8c0-6.4-6.4-12.8-12.8-12.8h-22.4c-6.4 0-12.8 6.4-12.8 12.8v198.4c0 6.4 6.4 12.8 12.8 12.8zm96 0h22.4c6.4 0 12.8-6.4 12.8-12.8V204.8c0-6.4-6.4-12.8-12.8-12.8h-22.4c-6.4 0-12.8 6.4-12.8 12.8v134.4c0 6.4 6.4 12.8 12.8 12.8zM496 400H48V80c0-8.84-7.16-16-16-16H16C7.16 64 0 71.16 0 80v336c0 17.67 14.33 32 32 32h464c8.84 0 16-7.16 16-16v-16c0-8.84-7.16-16-16-16zm-387.2-48h22.4c6.4 0 12.8-6.4 12.8-12.8v-70.4c0-6.4-6.4-12.8-12.8-12.8h-22.4c-6.4 0-12.8 6.4-12.8 12.8v70.4c0 6.4 6.4 12.8 12.8 12.8z\" class=\"\"><\/path><\/svg><\/i> <img loading=\"lazy\" decoding=\"async\" width=\"16\" height=\"16\" alt=\"Loading\" src=\"https:\/\/temucotelevision.cl\/web\/wp-content\/plugins\/page-views-count\/ajax-loader-2x.gif\" border=0 \/><\/p><div class=\"pvc_clear\"><\/div>\n<p><strong>Lican Ray<\/strong>\u00a0&#8211; Una tragedia sacudi\u00f3 a la comunidad de Lican Ray esta madrugada cuando un incendio en una pensi\u00f3n ubicada en calle Gabriel Mistral, cobr\u00f3 la vida de un matrimonio, vecinos de la localidad durante muchos a\u00f1os. El incidente, que dej\u00f3 tambi\u00e9n a una menor con lesiones, ocurri\u00f3 en las primeras horas del d\u00eda, provocando consternaci\u00f3n entre los residentes.<\/p>\n\n\n\n<p>El matrimonio fallecido, conocido y querido en Lican Ray, no pudo escapar del voraz incendio que consumi\u00f3 la pensi\u00f3n. Su hija y su nieta, en un desesperado intento por salvarse, lograron saltar desde el segundo piso del edificio. La menor, con lesiones considerables, fue trasladada de urgencia al hospital de Villarrica, donde se encuentra internada y recibiendo atenci\u00f3n m\u00e9dica.<\/p>\n\n\n\n<figure class=\"wp-block-image size-large\"><img loading=\"lazy\" decoding=\"async\" width=\"1000\" height=\"563\" src=\"https:\/\/temucotelevision.cl\/web\/wp-content\/uploads\/2024\/07\/Incendio-Lican3-1000x563.jpeg\" alt=\"\" class=\"wp-image-51237\" srcset=\"https:\/\/temucotelevision.cl\/web\/wp-content\/uploads\/2024\/07\/Incendio-Lican3-1000x563.jpeg 1000w, https:\/\/temucotelevision.cl\/web\/wp-content\/uploads\/2024\/07\/Incendio-Lican3-768x432.jpeg 768w, https:\/\/temucotelevision.cl\/web\/wp-content\/uploads\/2024\/07\/Incendio-Lican3-1536x864.jpeg 1536w, https:\/\/temucotelevision.cl\/web\/wp-content\/uploads\/2024\/07\/Incendio-Lican3.jpeg 1600w\" sizes=\"auto, (max-width: 1000px) 100vw, 1000px\" \/><\/figure>\n\n\n\n<p>Las causas del incendio est\u00e1n siendo investigadas por las autoridades. La comunidad local se encuentra profundamente afectada por la p\u00e9rdida de estos vecinos, y se espera que en las pr\u00f3ximas horas se den a conocer m\u00e1s detalles sobre las causas del siniestro y las condiciones de salud de la menor lesionada.<\/p>\n\n\n\n<p>La tragedia ha generado una ola de solidaridad y apoyo entre los residentes, quienes se han unido para brindar consuelo y ayuda a la familia afectada en estos momentos de dolor.<\/p>\n\n\n\n<figure class=\"wp-block-video\"><video height=\"850\" style=\"aspect-ratio: 474 \/ 850;\" width=\"474\" controls src=\"https:\/\/temucotelevision.cl\/web\/wp-content\/uploads\/2024\/07\/Incendo-LIcan-Ray.mp4\"><\/video><\/figure>\n","protected":false},"excerpt":{"rendered":"<div class=\"pvc_clear\"><\/div>\n<p id=\"pvc_stats_51234\" class=\"pvc_stats total_only  \" data-element-id=\"51234\" style=\"\"><i class=\"pvc-stats-icon large\" aria-hidden=\"true\"><svg aria-hidden=\"true\" focusable=\"false\" data-prefix=\"far\" data-icon=\"chart-bar\" role=\"img\" xmlns=\"http:\/\/www.w3.org\/2000\/svg\" viewBox=\"0 0 512 512\" class=\"svg-inline--fa fa-chart-bar fa-w-16 fa-2x\"><path fill=\"currentColor\" d=\"M396.8 352h22.4c6.4 0 12.8-6.4 12.8-12.8V108.8c0-6.4-6.4-12.8-12.8-12.8h-22.4c-6.4 0-12.8 6.4-12.8 12.8v230.4c0 6.4 6.4 12.8 12.8 12.8zm-192 0h22.4c6.4 0 12.8-6.4 12.8-12.8V140.8c0-6.4-6.4-12.8-12.8-12.8h-22.4c-6.4 0-12.8 6.4-12.8 12.8v198.4c0 6.4 6.4 12.8 12.8 12.8zm96 0h22.4c6.4 0 12.8-6.4 12.8-12.8V204.8c0-6.4-6.4-12.8-12.8-12.8h-22.4c-6.4 0-12.8 6.4-12.8 12.8v134.4c0 6.4 6.4 12.8 12.8 12.8zM496 400H48V80c0-8.84-7.16-16-16-16H16C7.16 64 0 71.16 0 80v336c0 17.67 14.33 32 32 32h464c8.84 0 16-7.16 16-16v-16c0-8.84-7.16-16-16-16zm-387.2-48h22.4c6.4 0 12.8-6.4 12.8-12.8v-70.4c0-6.4-6.4-12.8-12.8-12.8h-22.4c-6.4 0-12.8 6.4-12.8 12.8v70.4c0 6.4 6.4 12.8 12.8 12.8z\" class=\"\"><\/path><\/svg><\/i> <img loading=\"lazy\" decoding=\"async\" width=\"16\" height=\"16\" alt=\"Loading\" src=\"https:\/\/temucotelevision.cl\/web\/wp-content\/plugins\/page-views-count\/ajax-loader-2x.gif\" border=0 \/><\/p>\n<div class=\"pvc_clear\"><\/div>\n<p>Lican Ray\u00a0&#8211; Una tragedia sacudi\u00f3 a la comunidad de Lican Ray esta madrugada cuando un incendio en una pensi\u00f3n ubicada<\/p>\n","protected":false},"author":1,"featured_media":51236,"comment_status":"open","ping_status":"open","sticky":false,"template":"","format":"standard","meta":{"colormag_page_container_layout":"default_layout","colormag_page_sidebar_layout":"default_layout","footnotes":""},"categories":[15],"tags":[291],"class_list":["post-51234","post","type-post","status-publish","format-standard","has-post-thumbnail","hentry","category-la-araucania","tag-incendio"],"a3_pvc":{"activated":true,"total_views":7822,"today_views":0},"_links":{"self":[{"href":"https:\/\/temucotelevision.cl\/web\/wp-json\/wp\/v2\/posts\/51234","targetHints":{"allow":["GET"]}}],"collection":[{"href":"https:\/\/temucotelevision.cl\/web\/wp-json\/wp\/v2\/posts"}],"about":[{"href":"https:\/\/temucotelevision.cl\/web\/wp-json\/wp\/v2\/types\/post"}],"author":[{"embeddable":true,"href":"https:\/\/temucotelevision.cl\/web\/wp-json\/wp\/v2\/users\/1"}],"replies":[{"embeddable":true,"href":"https:\/\/temucotelevision.cl\/web\/wp-json\/wp\/v2\/comments?post=51234"}],"version-history":[{"count":2,"href":"https:\/\/temucotelevision.cl\/web\/wp-json\/wp\/v2\/posts\/51234\/revisions"}],"predecessor-version":[{"id":51240,"href":"https:\/\/temucotelevision.cl\/web\/wp-json\/wp\/v2\/posts\/51234\/revisions\/51240"}],"wp:featuredmedia":[{"embeddable":true,"href":"https:\/\/temucotelevision.cl\/web\/wp-json\/wp\/v2\/media\/51236"}],"wp:attachment":[{"href":"https:\/\/temucotelevision.cl\/web\/wp-json\/wp\/v2\/media?parent=51234"}],"wp:term":[{"taxonomy":"category","embeddable":true,"href":"https:\/\/temucotelevision.cl\/web\/wp-json\/wp\/v2\/categories?post=51234"},{"taxonomy":"post_tag","embeddable":true,"href":"https:\/\/temucotelevision.cl\/web\/wp-json\/wp\/v2\/tags?post=51234"}],"curies":[{"name":"wp","href":"https:\/\/api.w.org\/{rel}","templated":true}]}}