{"id":51230,"date":"2024-07-10T11:47:26","date_gmt":"2024-07-10T14:47:26","guid":{"rendered":"https:\/\/temucotelevision.cl\/web\/?p=51230"},"modified":"2024-07-10T11:47:27","modified_gmt":"2024-07-10T14:47:27","slug":"hans-pulgar-de-collipulli-se-corono-con-el-mejor-tiempo-en-la-segunda-fecha-del-campeonato-serie-campeones-2024-de-mountain-bike-escolar","status":"publish","type":"post","link":"https:\/\/temucotelevision.cl\/web\/2024\/07\/10\/hans-pulgar-de-collipulli-se-corono-con-el-mejor-tiempo-en-la-segunda-fecha-del-campeonato-serie-campeones-2024-de-mountain-bike-escolar\/","title":{"rendered":"Hans Pulgar de Collipulli se coron\u00f3 con el mejor tiempo en la segunda fecha del campeonato Serie Campeones 2024 de Mountain Bike Escolar"},"content":{"rendered":"<div class=\"pvc_clear\"><\/div><p id=\"pvc_stats_51230\" class=\"pvc_stats total_only  \" data-element-id=\"51230\" style=\"\"><i class=\"pvc-stats-icon large\" aria-hidden=\"true\"><svg aria-hidden=\"true\" focusable=\"false\" data-prefix=\"far\" data-icon=\"chart-bar\" role=\"img\" xmlns=\"http:\/\/www.w3.org\/2000\/svg\" viewBox=\"0 0 512 512\" class=\"svg-inline--fa fa-chart-bar fa-w-16 fa-2x\"><path fill=\"currentColor\" d=\"M396.8 352h22.4c6.4 0 12.8-6.4 12.8-12.8V108.8c0-6.4-6.4-12.8-12.8-12.8h-22.4c-6.4 0-12.8 6.4-12.8 12.8v230.4c0 6.4 6.4 12.8 12.8 12.8zm-192 0h22.4c6.4 0 12.8-6.4 12.8-12.8V140.8c0-6.4-6.4-12.8-12.8-12.8h-22.4c-6.4 0-12.8 6.4-12.8 12.8v198.4c0 6.4 6.4 12.8 12.8 12.8zm96 0h22.4c6.4 0 12.8-6.4 12.8-12.8V204.8c0-6.4-6.4-12.8-12.8-12.8h-22.4c-6.4 0-12.8 6.4-12.8 12.8v134.4c0 6.4 6.4 12.8 12.8 12.8zM496 400H48V80c0-8.84-7.16-16-16-16H16C7.16 64 0 71.16 0 80v336c0 17.67 14.33 32 32 32h464c8.84 0 16-7.16 16-16v-16c0-8.84-7.16-16-16-16zm-387.2-48h22.4c6.4 0 12.8-6.4 12.8-12.8v-70.4c0-6.4-6.4-12.8-12.8-12.8h-22.4c-6.4 0-12.8 6.4-12.8 12.8v70.4c0 6.4 6.4 12.8 12.8 12.8z\" class=\"\"><\/path><\/svg><\/i> <img loading=\"lazy\" decoding=\"async\" width=\"16\" height=\"16\" alt=\"Loading\" src=\"https:\/\/temucotelevision.cl\/web\/wp-content\/plugins\/page-views-count\/ajax-loader-2x.gif\" border=0 \/><\/p><div class=\"pvc_clear\"><\/div>\n<ul class=\"wp-block-list\">\n<li><em>En 3 minutos y 27 segundos, Pulgar complet\u00f3 el circuito, que en esta jornada presentaba una mayor dificultad y nuevas t\u00e9cnicas.\u00a0<\/em><\/li>\n\n\n\n<li><em>Esta competencia formativa, \u00fanica en Chile, atrajo a decenas de fan\u00e1ticos del deporte, desde Rancagua hasta La Uni\u00f3n, para disputar la serie en el Parque CMPC Junquillar de Angol.\u00a0<\/em><\/li>\n<\/ul>\n\n\n\n<p>Benjam\u00edn Pulgar (23) de Collipulli se llev\u00f3 el primer lugar de la categor\u00eda Open Pro en la segunda fecha del campeonato Serie Campeones 2024 que se realiz\u00f3 en el Parque CMPC Junquillar de Angol. M\u00e1s de 80 competidores, desde los 4 hasta los 26 a\u00f1os, mostraron sus mejores acrobacias en un ambiente lleno de compa\u00f1erismo y disfrute familiar, en el que la bicicleta, las pistas y los pilotos fueron los principales protagonistas.&nbsp;<\/p>\n\n\n\n<p>\u201cEs una carrera bien emotiva, porque vemos competidores de muchas edades, que disfrutan de esta competencia. Estoy feliz y contento por el lugar y por el desarrollo del torneo. Agradezco a la organizaci\u00f3n y a CMPC por ceder el parque Junquillar para su desarrollo\u201d, se\u00f1al\u00f3 Benjam\u00edn, quien adem\u00e1s coment\u00f3 que realiza de manera rutinaria, sus entrenamientos en este parque.&nbsp;<\/p>\n\n\n\n<p>Con actividades recreativas pensadas para toda la familia<em>,&nbsp;<\/em>el torneo se erige como la \u00fanica serie de carreras de mountain bike en Chile, que es pensada para ni\u00f1os y j\u00f3venes. Cabe recordar que la primera fecha de esta serie de carreras se desarroll\u00f3 en junio de este a\u00f1o en el Parque Pumalal de CMPC en Temuco, y atrajo a ciclistas y familias de todo el sur de Chile, desde \u00d1uble hasta Osorno, demostrando el gran inter\u00e9s y entusiasmo por este tipo de encuentros deportivos.&nbsp;<\/p>\n\n\n\n<p>Franco Provoste, gestor de Relacionamiento Territorial de CMPC en Angol, indic\u00f3 que el principal objetivo de esta carrera es potenciar el deporte en la comunidad y que la gente conozca la red de parques Bosque Vivo: \u201cEstos espacios son abiertos a las comunidades, a las Juntas de Vecinos. Esta iniciativa refleja el compromiso de CMPC con la promoci\u00f3n del deporte y el bienestar de los j\u00f3venes a trav\u00e9s de su red de Parques, donde conviven los bosques productivos y nativos\u201d.&nbsp;<\/p>\n\n\n\n<p>Roberto Mieres, uno de los organizadores del evento, coment\u00f3 sobre la importancia de esta iniciativa: &#8220;El desarrollo de este campeonato en el parque Junquillar marca un antes y un despu\u00e9s para las actividades deportivas, que est\u00e1n orientadas a ni\u00f1os y j\u00f3venes. Agradecemos el apoyo de CMPC durante todo este campeonato\u201d, indic\u00f3 Mieres.&nbsp;<\/p>\n\n\n\n<p>La serie de descenso (<em>downhill<\/em>) formativa tiene como objetivo principal que los ni\u00f1os y j\u00f3venes puedan aprender y mejorar sus habilidades en un entorno seguro y divertido. Las categor\u00edas estar\u00e1n divididas en masculino y femenino, permitiendo que todos los participantes compitan en igualdad de condiciones. Adem\u00e1s, la participaci\u00f3n en esta serie permitir\u00e1 a los competidores acumular puntos del ranking, con la posibilidad de ganar premios al final del campeonato.<\/p>\n\n\n\n<p><strong>Resultados<\/strong><\/p>\n\n\n\n<p>La segunda fecha de la Serie Interescolar Junquillar MTB 2024 tuvo diversos competidores y resultados. En la categor\u00eda kids, los ganadores fueron Alan Stengel y Aurora Palacios; en juvenil, los primeros lugares recayeron en Luis Zapata, Crist\u00f3bal Guti\u00e9rrez, Fernando Lastra y Benjam\u00edn Parant. Por \u00faltimo, la serie pro varones dej\u00f3 en el primer lugar a Hans Pulgar.&nbsp;<\/p>\n\n\n\n<figure class=\"wp-block-image size-large\"><img loading=\"lazy\" decoding=\"async\" width=\"1000\" height=\"667\" src=\"https:\/\/temucotelevision.cl\/web\/wp-content\/uploads\/2024\/07\/Campeonato3-1000x667.jpg\" alt=\"\" class=\"wp-image-51232\" srcset=\"https:\/\/temucotelevision.cl\/web\/wp-content\/uploads\/2024\/07\/Campeonato3-1000x667.jpg 1000w, https:\/\/temucotelevision.cl\/web\/wp-content\/uploads\/2024\/07\/Campeonato3-768x512.jpg 768w, https:\/\/temucotelevision.cl\/web\/wp-content\/uploads\/2024\/07\/Campeonato3-1536x1024.jpg 1536w, https:\/\/temucotelevision.cl\/web\/wp-content\/uploads\/2024\/07\/Campeonato3.jpg 1776w\" sizes=\"auto, (max-width: 1000px) 100vw, 1000px\" \/><\/figure>\n","protected":false},"excerpt":{"rendered":"<div class=\"pvc_clear\"><\/div>\n<p id=\"pvc_stats_51230\" class=\"pvc_stats total_only  \" data-element-id=\"51230\" style=\"\"><i class=\"pvc-stats-icon large\" aria-hidden=\"true\"><svg aria-hidden=\"true\" focusable=\"false\" data-prefix=\"far\" data-icon=\"chart-bar\" role=\"img\" xmlns=\"http:\/\/www.w3.org\/2000\/svg\" viewBox=\"0 0 512 512\" class=\"svg-inline--fa fa-chart-bar fa-w-16 fa-2x\"><path fill=\"currentColor\" d=\"M396.8 352h22.4c6.4 0 12.8-6.4 12.8-12.8V108.8c0-6.4-6.4-12.8-12.8-12.8h-22.4c-6.4 0-12.8 6.4-12.8 12.8v230.4c0 6.4 6.4 12.8 12.8 12.8zm-192 0h22.4c6.4 0 12.8-6.4 12.8-12.8V140.8c0-6.4-6.4-12.8-12.8-12.8h-22.4c-6.4 0-12.8 6.4-12.8 12.8v198.4c0 6.4 6.4 12.8 12.8 12.8zm96 0h22.4c6.4 0 12.8-6.4 12.8-12.8V204.8c0-6.4-6.4-12.8-12.8-12.8h-22.4c-6.4 0-12.8 6.4-12.8 12.8v134.4c0 6.4 6.4 12.8 12.8 12.8zM496 400H48V80c0-8.84-7.16-16-16-16H16C7.16 64 0 71.16 0 80v336c0 17.67 14.33 32 32 32h464c8.84 0 16-7.16 16-16v-16c0-8.84-7.16-16-16-16zm-387.2-48h22.4c6.4 0 12.8-6.4 12.8-12.8v-70.4c0-6.4-6.4-12.8-12.8-12.8h-22.4c-6.4 0-12.8 6.4-12.8 12.8v70.4c0 6.4 6.4 12.8 12.8 12.8z\" class=\"\"><\/path><\/svg><\/i> <img loading=\"lazy\" decoding=\"async\" width=\"16\" height=\"16\" alt=\"Loading\" src=\"https:\/\/temucotelevision.cl\/web\/wp-content\/plugins\/page-views-count\/ajax-loader-2x.gif\" border=0 \/><\/p>\n<div class=\"pvc_clear\"><\/div>\n<p>Benjam\u00edn Pulgar (23) de Collipulli se llev\u00f3 el primer lugar de la categor\u00eda Open Pro en la segunda fecha del<\/p>\n","protected":false},"author":1,"featured_media":51231,"comment_status":"open","ping_status":"open","sticky":false,"template":"","format":"standard","meta":{"colormag_page_container_layout":"default_layout","colormag_page_sidebar_layout":"default_layout","footnotes":""},"categories":[86],"tags":[910],"class_list":["post-51230","post","type-post","status-publish","format-standard","has-post-thumbnail","hentry","category-panoramas","tag-campeonato"],"a3_pvc":{"activated":true,"total_views":2218,"today_views":0},"_links":{"self":[{"href":"https:\/\/temucotelevision.cl\/web\/wp-json\/wp\/v2\/posts\/51230","targetHints":{"allow":["GET"]}}],"collection":[{"href":"https:\/\/temucotelevision.cl\/web\/wp-json\/wp\/v2\/posts"}],"about":[{"href":"https:\/\/temucotelevision.cl\/web\/wp-json\/wp\/v2\/types\/post"}],"author":[{"embeddable":true,"href":"https:\/\/temucotelevision.cl\/web\/wp-json\/wp\/v2\/users\/1"}],"replies":[{"embeddable":true,"href":"https:\/\/temucotelevision.cl\/web\/wp-json\/wp\/v2\/comments?post=51230"}],"version-history":[{"count":1,"href":"https:\/\/temucotelevision.cl\/web\/wp-json\/wp\/v2\/posts\/51230\/revisions"}],"predecessor-version":[{"id":51233,"href":"https:\/\/temucotelevision.cl\/web\/wp-json\/wp\/v2\/posts\/51230\/revisions\/51233"}],"wp:featuredmedia":[{"embeddable":true,"href":"https:\/\/temucotelevision.cl\/web\/wp-json\/wp\/v2\/media\/51231"}],"wp:attachment":[{"href":"https:\/\/temucotelevision.cl\/web\/wp-json\/wp\/v2\/media?parent=51230"}],"wp:term":[{"taxonomy":"category","embeddable":true,"href":"https:\/\/temucotelevision.cl\/web\/wp-json\/wp\/v2\/categories?post=51230"},{"taxonomy":"post_tag","embeddable":true,"href":"https:\/\/temucotelevision.cl\/web\/wp-json\/wp\/v2\/tags?post=51230"}],"curies":[{"name":"wp","href":"https:\/\/api.w.org\/{rel}","templated":true}]}}