{"id":51226,"date":"2024-07-10T11:37:17","date_gmt":"2024-07-10T14:37:17","guid":{"rendered":"https:\/\/temucotelevision.cl\/web\/?p=51226"},"modified":"2024-07-10T11:37:18","modified_gmt":"2024-07-10T14:37:18","slug":"ataque-incendiario-en-la-ruta-5-sur-dos-camiones-afectados-en-collipulli","status":"publish","type":"post","link":"https:\/\/temucotelevision.cl\/web\/2024\/07\/10\/ataque-incendiario-en-la-ruta-5-sur-dos-camiones-afectados-en-collipulli\/","title":{"rendered":"Ataque incendiario en la Ruta 5 Sur: Dos camiones afectados en Collipulli"},"content":{"rendered":"<div class=\"pvc_clear\"><\/div><p id=\"pvc_stats_51226\" class=\"pvc_stats total_only  \" data-element-id=\"51226\" style=\"\"><i class=\"pvc-stats-icon large\" aria-hidden=\"true\"><svg aria-hidden=\"true\" focusable=\"false\" data-prefix=\"far\" data-icon=\"chart-bar\" role=\"img\" xmlns=\"http:\/\/www.w3.org\/2000\/svg\" viewBox=\"0 0 512 512\" class=\"svg-inline--fa fa-chart-bar fa-w-16 fa-2x\"><path fill=\"currentColor\" d=\"M396.8 352h22.4c6.4 0 12.8-6.4 12.8-12.8V108.8c0-6.4-6.4-12.8-12.8-12.8h-22.4c-6.4 0-12.8 6.4-12.8 12.8v230.4c0 6.4 6.4 12.8 12.8 12.8zm-192 0h22.4c6.4 0 12.8-6.4 12.8-12.8V140.8c0-6.4-6.4-12.8-12.8-12.8h-22.4c-6.4 0-12.8 6.4-12.8 12.8v198.4c0 6.4 6.4 12.8 12.8 12.8zm96 0h22.4c6.4 0 12.8-6.4 12.8-12.8V204.8c0-6.4-6.4-12.8-12.8-12.8h-22.4c-6.4 0-12.8 6.4-12.8 12.8v134.4c0 6.4 6.4 12.8 12.8 12.8zM496 400H48V80c0-8.84-7.16-16-16-16H16C7.16 64 0 71.16 0 80v336c0 17.67 14.33 32 32 32h464c8.84 0 16-7.16 16-16v-16c0-8.84-7.16-16-16-16zm-387.2-48h22.4c6.4 0 12.8-6.4 12.8-12.8v-70.4c0-6.4-6.4-12.8-12.8-12.8h-22.4c-6.4 0-12.8 6.4-12.8 12.8v70.4c0 6.4 6.4 12.8 12.8 12.8z\" class=\"\"><\/path><\/svg><\/i> <img loading=\"lazy\" decoding=\"async\" width=\"16\" height=\"16\" alt=\"Loading\" src=\"https:\/\/temucotelevision.cl\/web\/wp-content\/plugins\/page-views-count\/ajax-loader-2x.gif\" border=0 \/><\/p><div class=\"pvc_clear\"><\/div>\n<p><strong>Collipulli<\/strong>&nbsp;&#8211; Dos camiones se vieron afectados por un ataque incendiario ocurrido en el kil\u00f3metro 566 de la Ruta 5 Sur, a la altura de Collipulli, en la madrugada de este mi\u00e9rcoles.<\/p>\n\n\n\n<p>El incidente, que oblig\u00f3 a interrumpir todo el tr\u00e1nsito en direcci\u00f3n al sur, se registr\u00f3 poco despu\u00e9s de las 5:00 a.m. Encapuchados armados a bordo de una camioneta interceptaron a un camionero, lo intimidaron y lo forzaron a trasladarse hasta el sector Brigada Forestal, donde prendieron fuego a su veh\u00edculo.<\/p>\n\n\n\n<p>En el mismo lugar, los atacantes intimidaron a un segundo conductor, oblig\u00e1ndolo a bajar de su cami\u00f3n antes de incendiar la m\u00e1quina.<\/p>\n\n\n\n<p>Debido al corte en la ruta, se recomienda a los conductores que se dirigen hacia el sur salir hacia la Ruta 180 en Los \u00c1ngeles, luego tomar la Ruta 182 en Angol y retornar a la Ruta 5 en Collipulli.<\/p>\n\n\n\n<p>Las autoridades est\u00e1n investigando el hecho y se ha desplegado un operativo para garantizar la seguridad en la zona. Se hace un llamado a los conductores a seguir las indicaciones y utilizar las rutas alternas mencionadas para evitar mayores inconvenientes.<\/p>\n\n\n\n<p>Esto podr\u00eda tener un v\u00ednculo con la detenci\u00f3n, en la tarde de ayer, de Jos\u00e9 Leandro Lizama Torres. Este sujeto, que pertenece a una comunidad que adhiere a la RMM, es uno de los &#8220;presos pol\u00edticos&#8221; reivindicados en la bandera que dejaron los perpetradores del ataque incendiario de esta ma\u00f1ana.<\/p>\n\n\n\n<figure class=\"wp-block-video\"><video height=\"478\" style=\"aspect-ratio: 848 \/ 478;\" width=\"848\" controls src=\"https:\/\/temucotelevision.cl\/web\/wp-content\/uploads\/2024\/07\/Atentado-Collipulli.mp4\"><\/video><\/figure>\n","protected":false},"excerpt":{"rendered":"<div class=\"pvc_clear\"><\/div>\n<p id=\"pvc_stats_51226\" class=\"pvc_stats total_only  \" data-element-id=\"51226\" style=\"\"><i class=\"pvc-stats-icon large\" aria-hidden=\"true\"><svg aria-hidden=\"true\" focusable=\"false\" data-prefix=\"far\" data-icon=\"chart-bar\" role=\"img\" xmlns=\"http:\/\/www.w3.org\/2000\/svg\" viewBox=\"0 0 512 512\" class=\"svg-inline--fa fa-chart-bar fa-w-16 fa-2x\"><path fill=\"currentColor\" d=\"M396.8 352h22.4c6.4 0 12.8-6.4 12.8-12.8V108.8c0-6.4-6.4-12.8-12.8-12.8h-22.4c-6.4 0-12.8 6.4-12.8 12.8v230.4c0 6.4 6.4 12.8 12.8 12.8zm-192 0h22.4c6.4 0 12.8-6.4 12.8-12.8V140.8c0-6.4-6.4-12.8-12.8-12.8h-22.4c-6.4 0-12.8 6.4-12.8 12.8v198.4c0 6.4 6.4 12.8 12.8 12.8zm96 0h22.4c6.4 0 12.8-6.4 12.8-12.8V204.8c0-6.4-6.4-12.8-12.8-12.8h-22.4c-6.4 0-12.8 6.4-12.8 12.8v134.4c0 6.4 6.4 12.8 12.8 12.8zM496 400H48V80c0-8.84-7.16-16-16-16H16C7.16 64 0 71.16 0 80v336c0 17.67 14.33 32 32 32h464c8.84 0 16-7.16 16-16v-16c0-8.84-7.16-16-16-16zm-387.2-48h22.4c6.4 0 12.8-6.4 12.8-12.8v-70.4c0-6.4-6.4-12.8-12.8-12.8h-22.4c-6.4 0-12.8 6.4-12.8 12.8v70.4c0 6.4 6.4 12.8 12.8 12.8z\" class=\"\"><\/path><\/svg><\/i> <img loading=\"lazy\" decoding=\"async\" width=\"16\" height=\"16\" alt=\"Loading\" src=\"https:\/\/temucotelevision.cl\/web\/wp-content\/plugins\/page-views-count\/ajax-loader-2x.gif\" border=0 \/><\/p>\n<div class=\"pvc_clear\"><\/div>\n<p>Collipulli&nbsp;&#8211; Dos camiones se vieron afectados por un ataque incendiario ocurrido en el kil\u00f3metro 566 de la Ruta 5 Sur,<\/p>\n","protected":false},"author":1,"featured_media":51227,"comment_status":"open","ping_status":"open","sticky":false,"template":"","format":"standard","meta":{"colormag_page_container_layout":"default_layout","colormag_page_sidebar_layout":"default_layout","footnotes":""},"categories":[15],"tags":[349],"class_list":["post-51226","post","type-post","status-publish","format-standard","has-post-thumbnail","hentry","category-la-araucania","tag-ataque"],"a3_pvc":{"activated":true,"total_views":4220,"today_views":0},"_links":{"self":[{"href":"https:\/\/temucotelevision.cl\/web\/wp-json\/wp\/v2\/posts\/51226","targetHints":{"allow":["GET"]}}],"collection":[{"href":"https:\/\/temucotelevision.cl\/web\/wp-json\/wp\/v2\/posts"}],"about":[{"href":"https:\/\/temucotelevision.cl\/web\/wp-json\/wp\/v2\/types\/post"}],"author":[{"embeddable":true,"href":"https:\/\/temucotelevision.cl\/web\/wp-json\/wp\/v2\/users\/1"}],"replies":[{"embeddable":true,"href":"https:\/\/temucotelevision.cl\/web\/wp-json\/wp\/v2\/comments?post=51226"}],"version-history":[{"count":1,"href":"https:\/\/temucotelevision.cl\/web\/wp-json\/wp\/v2\/posts\/51226\/revisions"}],"predecessor-version":[{"id":51229,"href":"https:\/\/temucotelevision.cl\/web\/wp-json\/wp\/v2\/posts\/51226\/revisions\/51229"}],"wp:featuredmedia":[{"embeddable":true,"href":"https:\/\/temucotelevision.cl\/web\/wp-json\/wp\/v2\/media\/51227"}],"wp:attachment":[{"href":"https:\/\/temucotelevision.cl\/web\/wp-json\/wp\/v2\/media?parent=51226"}],"wp:term":[{"taxonomy":"category","embeddable":true,"href":"https:\/\/temucotelevision.cl\/web\/wp-json\/wp\/v2\/categories?post=51226"},{"taxonomy":"post_tag","embeddable":true,"href":"https:\/\/temucotelevision.cl\/web\/wp-json\/wp\/v2\/tags?post=51226"}],"curies":[{"name":"wp","href":"https:\/\/api.w.org\/{rel}","templated":true}]}}