{"id":51211,"date":"2024-07-09T18:14:32","date_gmt":"2024-07-09T21:14:32","guid":{"rendered":"https:\/\/temucotelevision.cl\/web\/?p=51211"},"modified":"2024-07-09T18:14:33","modified_gmt":"2024-07-09T21:14:33","slug":"diputado-henry-leal-oficia-al-minsal-por-demora-de-hasta-seis-meses-en-entrega-de-examenes-en-hospital-de-carahue-y-otros-recintos-de-la-region","status":"publish","type":"post","link":"https:\/\/temucotelevision.cl\/web\/2024\/07\/09\/diputado-henry-leal-oficia-al-minsal-por-demora-de-hasta-seis-meses-en-entrega-de-examenes-en-hospital-de-carahue-y-otros-recintos-de-la-region\/","title":{"rendered":"Diputado Henry Leal oficia al Minsal por demora de hasta seis meses en entrega de ex\u00e1menes en Hospital de Carahue y otros recintos de la regi\u00f3n"},"content":{"rendered":"<div class=\"pvc_clear\"><\/div><p id=\"pvc_stats_51211\" class=\"pvc_stats total_only  \" data-element-id=\"51211\" style=\"\"><i class=\"pvc-stats-icon large\" aria-hidden=\"true\"><svg aria-hidden=\"true\" focusable=\"false\" data-prefix=\"far\" data-icon=\"chart-bar\" role=\"img\" xmlns=\"http:\/\/www.w3.org\/2000\/svg\" viewBox=\"0 0 512 512\" class=\"svg-inline--fa fa-chart-bar fa-w-16 fa-2x\"><path fill=\"currentColor\" d=\"M396.8 352h22.4c6.4 0 12.8-6.4 12.8-12.8V108.8c0-6.4-6.4-12.8-12.8-12.8h-22.4c-6.4 0-12.8 6.4-12.8 12.8v230.4c0 6.4 6.4 12.8 12.8 12.8zm-192 0h22.4c6.4 0 12.8-6.4 12.8-12.8V140.8c0-6.4-6.4-12.8-12.8-12.8h-22.4c-6.4 0-12.8 6.4-12.8 12.8v198.4c0 6.4 6.4 12.8 12.8 12.8zm96 0h22.4c6.4 0 12.8-6.4 12.8-12.8V204.8c0-6.4-6.4-12.8-12.8-12.8h-22.4c-6.4 0-12.8 6.4-12.8 12.8v134.4c0 6.4 6.4 12.8 12.8 12.8zM496 400H48V80c0-8.84-7.16-16-16-16H16C7.16 64 0 71.16 0 80v336c0 17.67 14.33 32 32 32h464c8.84 0 16-7.16 16-16v-16c0-8.84-7.16-16-16-16zm-387.2-48h22.4c6.4 0 12.8-6.4 12.8-12.8v-70.4c0-6.4-6.4-12.8-12.8-12.8h-22.4c-6.4 0-12.8 6.4-12.8 12.8v70.4c0 6.4 6.4 12.8 12.8 12.8z\" class=\"\"><\/path><\/svg><\/i> <img loading=\"lazy\" decoding=\"async\" width=\"16\" height=\"16\" alt=\"Loading\" src=\"https:\/\/temucotelevision.cl\/web\/wp-content\/plugins\/page-views-count\/ajax-loader-2x.gif\" border=0 \/><\/p><div class=\"pvc_clear\"><\/div>\n<p><em>El representante de La Araucan\u00eda recibi\u00f3 una serie de denuncias por parte de un grupo de adultos mayores, quienes aseguraron que en dicho centro asistencial -como tambi\u00e9n en otros de la zona- deben esperar hasta medio a\u00f1o para conocer los resultados de sus pruebas.<\/em><\/p>\n\n\n\n<p>El diputado por el Distrito 23, Henry Leal (UDI), ofici\u00f3 esta ma\u00f1ana al Servicio de Salud Araucan\u00eda Sur tras recibir una serie de denuncias por parte de un grupo de adultos mayores de la zona, quienes aseguraron que en el Hospital de Carahue se est\u00e1n demorando hasta seis meses en entregar los resultados&nbsp;de&nbsp;los&nbsp;ex\u00e1menes&nbsp;que se realizan, lo que se estar\u00eda repitiendo en&nbsp;otros&nbsp;recintos&nbsp;de&nbsp;la&nbsp;regi\u00f3n.<\/p>\n\n\n\n<p>Al respecto, y junto con manifestar su preocupaci\u00f3n por los antecedentes expuestos por distintas personas, el parlamentario no s\u00f3lo calific\u00f3 el retraso como \u201cabsolutamente inaceptable\u201d, sino que tambi\u00e9n de \u201cinhumano\u201d, considerando que los principales afectados es justamente la poblaci\u00f3n de tercera edad, que muchas veces se ve impedida de acudir a los hospitales para buscar sus resultados.<\/p>\n\n\n\n<p>En esa l\u00ednea, el representante de La Araucan\u00eda asegur\u00f3 que fueron distintos vecinos quienes le explicaron que, a pesar de haberse tomado los ex\u00e1menes -por ejemplo, de laboratorio- que les solicitaron, han tenido que incluso esperar medio a\u00f1o por una respuesta, lo que no s\u00f3lo estar\u00eda ocurriendo en el Hospital de Carahue, sino que tambi\u00e9n en otros centros asistenciales de la zona.<\/p>\n\n\n\n<p>\u201cHe recibido distintas denuncias de parte de algunos vecinos de la regi\u00f3n, especialmente adultos mayores, quienes han tenido que esperar cerca de seis meses para conocer los resultados de los ex\u00e1menes que se han tomado. Y de ser as\u00ed, no s\u00f3lo ser\u00eda absolutamente inaceptable, sino que tambi\u00e9n estar\u00edamos frente a un actuar completamente inhumano, porque estamos hablando de muchas personas que son vulnerables y que, adem\u00e1s, requieren con la m\u00e1xima celeridad una respuesta\u201d, cuestion\u00f3 el parlamentario de la UDI, quien agreg\u00f3 que \u201csi alguien est\u00e1 enfermo y le ordenan tomarse un examen -cualquiera sea-, lo m\u00ednimo es que obtenga una respuesta oportuna\u201d.<\/p>\n\n\n\n<p>Por lo mismo, y ante la gravedad de las acusaciones, el diputado Leal decidi\u00f3 oficiar al director del Servicio de Salud Araucan\u00eda Sur, como tambi\u00e9n a la ministra de la cartera, Ximena Aguilera, para que se refieran a la veracidad de la denuncia, adem\u00e1s de los tiempos de respuesta de cada hospital.<\/p>\n\n\n\n<p>En ese sentido, el representante de la Regi\u00f3n de La Araucan\u00eda exigi\u00f3 transparentar si el retraso se est\u00e1 produciendo en el examen de la muestra, o bien en informarle a los vecinos de sus resultados.<\/p>\n\n\n\n<p>\u201cCualquiera sea la raz\u00f3n del retraso, es inentendible que una persona, y con menor raz\u00f3n un adulto mayor, tenga que esperar todos esos meses para conocer los resultados de sus ex\u00e1menes. Ellos son vecinos que debido a su edad ya est\u00e1n en una condici\u00f3n de vulnerabilidad, por lo tanto no pueden llamar por tel\u00e9fono o recurrir todos los d\u00edas al hospital para saber si est\u00e1n listos los resultados. Por eso decidimos oficiar al Minsal y al Servicio de Salud Araucan\u00eda Sur, porque no existe ninguna justificaci\u00f3n para que mantengan un trato tan inhumano como el descrito\u201d, cuestion\u00f3 el legislador.<\/p>\n","protected":false},"excerpt":{"rendered":"<div class=\"pvc_clear\"><\/div>\n<p id=\"pvc_stats_51211\" class=\"pvc_stats total_only  \" data-element-id=\"51211\" style=\"\"><i class=\"pvc-stats-icon large\" aria-hidden=\"true\"><svg aria-hidden=\"true\" focusable=\"false\" data-prefix=\"far\" data-icon=\"chart-bar\" role=\"img\" xmlns=\"http:\/\/www.w3.org\/2000\/svg\" viewBox=\"0 0 512 512\" class=\"svg-inline--fa fa-chart-bar fa-w-16 fa-2x\"><path fill=\"currentColor\" d=\"M396.8 352h22.4c6.4 0 12.8-6.4 12.8-12.8V108.8c0-6.4-6.4-12.8-12.8-12.8h-22.4c-6.4 0-12.8 6.4-12.8 12.8v230.4c0 6.4 6.4 12.8 12.8 12.8zm-192 0h22.4c6.4 0 12.8-6.4 12.8-12.8V140.8c0-6.4-6.4-12.8-12.8-12.8h-22.4c-6.4 0-12.8 6.4-12.8 12.8v198.4c0 6.4 6.4 12.8 12.8 12.8zm96 0h22.4c6.4 0 12.8-6.4 12.8-12.8V204.8c0-6.4-6.4-12.8-12.8-12.8h-22.4c-6.4 0-12.8 6.4-12.8 12.8v134.4c0 6.4 6.4 12.8 12.8 12.8zM496 400H48V80c0-8.84-7.16-16-16-16H16C7.16 64 0 71.16 0 80v336c0 17.67 14.33 32 32 32h464c8.84 0 16-7.16 16-16v-16c0-8.84-7.16-16-16-16zm-387.2-48h22.4c6.4 0 12.8-6.4 12.8-12.8v-70.4c0-6.4-6.4-12.8-12.8-12.8h-22.4c-6.4 0-12.8 6.4-12.8 12.8v70.4c0 6.4 6.4 12.8 12.8 12.8z\" class=\"\"><\/path><\/svg><\/i> <img loading=\"lazy\" decoding=\"async\" width=\"16\" height=\"16\" alt=\"Loading\" src=\"https:\/\/temucotelevision.cl\/web\/wp-content\/plugins\/page-views-count\/ajax-loader-2x.gif\" border=0 \/><\/p>\n<div class=\"pvc_clear\"><\/div>\n<p>El representante de La Araucan\u00eda recibi\u00f3 una serie de denuncias por parte de un grupo de adultos mayores, quienes aseguraron<\/p>\n","protected":false},"author":1,"featured_media":40616,"comment_status":"open","ping_status":"open","sticky":false,"template":"","format":"standard","meta":{"colormag_page_container_layout":"default_layout","colormag_page_sidebar_layout":"default_layout","footnotes":""},"categories":[15,84],"tags":[154],"class_list":["post-51211","post","type-post","status-publish","format-standard","has-post-thumbnail","hentry","category-la-araucania","category-politica","tag-diputado"],"a3_pvc":{"activated":true,"total_views":2428,"today_views":0},"_links":{"self":[{"href":"https:\/\/temucotelevision.cl\/web\/wp-json\/wp\/v2\/posts\/51211","targetHints":{"allow":["GET"]}}],"collection":[{"href":"https:\/\/temucotelevision.cl\/web\/wp-json\/wp\/v2\/posts"}],"about":[{"href":"https:\/\/temucotelevision.cl\/web\/wp-json\/wp\/v2\/types\/post"}],"author":[{"embeddable":true,"href":"https:\/\/temucotelevision.cl\/web\/wp-json\/wp\/v2\/users\/1"}],"replies":[{"embeddable":true,"href":"https:\/\/temucotelevision.cl\/web\/wp-json\/wp\/v2\/comments?post=51211"}],"version-history":[{"count":1,"href":"https:\/\/temucotelevision.cl\/web\/wp-json\/wp\/v2\/posts\/51211\/revisions"}],"predecessor-version":[{"id":51212,"href":"https:\/\/temucotelevision.cl\/web\/wp-json\/wp\/v2\/posts\/51211\/revisions\/51212"}],"wp:featuredmedia":[{"embeddable":true,"href":"https:\/\/temucotelevision.cl\/web\/wp-json\/wp\/v2\/media\/40616"}],"wp:attachment":[{"href":"https:\/\/temucotelevision.cl\/web\/wp-json\/wp\/v2\/media?parent=51211"}],"wp:term":[{"taxonomy":"category","embeddable":true,"href":"https:\/\/temucotelevision.cl\/web\/wp-json\/wp\/v2\/categories?post=51211"},{"taxonomy":"post_tag","embeddable":true,"href":"https:\/\/temucotelevision.cl\/web\/wp-json\/wp\/v2\/tags?post=51211"}],"curies":[{"name":"wp","href":"https:\/\/api.w.org\/{rel}","templated":true}]}}