{"id":51143,"date":"2024-07-06T04:02:28","date_gmt":"2024-07-06T07:02:28","guid":{"rendered":"https:\/\/temucotelevision.cl\/web\/?p=51143"},"modified":"2024-07-06T04:02:28","modified_gmt":"2024-07-06T07:02:28","slug":"pucon-evento-internacional-de-ciencia-antartica-se-celebrara-en-agosto","status":"publish","type":"post","link":"https:\/\/temucotelevision.cl\/web\/2024\/07\/06\/pucon-evento-internacional-de-ciencia-antartica-se-celebrara-en-agosto\/","title":{"rendered":"Puc\u00f3n: Evento Internacional de Ciencia Ant\u00e1rtica se celebrar\u00e1 en Agosto"},"content":{"rendered":"<div class=\"pvc_clear\"><\/div><p id=\"pvc_stats_51143\" class=\"pvc_stats total_only  \" data-element-id=\"51143\" style=\"\"><i class=\"pvc-stats-icon large\" aria-hidden=\"true\"><svg aria-hidden=\"true\" focusable=\"false\" data-prefix=\"far\" data-icon=\"chart-bar\" role=\"img\" xmlns=\"http:\/\/www.w3.org\/2000\/svg\" viewBox=\"0 0 512 512\" class=\"svg-inline--fa fa-chart-bar fa-w-16 fa-2x\"><path fill=\"currentColor\" d=\"M396.8 352h22.4c6.4 0 12.8-6.4 12.8-12.8V108.8c0-6.4-6.4-12.8-12.8-12.8h-22.4c-6.4 0-12.8 6.4-12.8 12.8v230.4c0 6.4 6.4 12.8 12.8 12.8zm-192 0h22.4c6.4 0 12.8-6.4 12.8-12.8V140.8c0-6.4-6.4-12.8-12.8-12.8h-22.4c-6.4 0-12.8 6.4-12.8 12.8v198.4c0 6.4 6.4 12.8 12.8 12.8zm96 0h22.4c6.4 0 12.8-6.4 12.8-12.8V204.8c0-6.4-6.4-12.8-12.8-12.8h-22.4c-6.4 0-12.8 6.4-12.8 12.8v134.4c0 6.4 6.4 12.8 12.8 12.8zM496 400H48V80c0-8.84-7.16-16-16-16H16C7.16 64 0 71.16 0 80v336c0 17.67 14.33 32 32 32h464c8.84 0 16-7.16 16-16v-16c0-8.84-7.16-16-16-16zm-387.2-48h22.4c6.4 0 12.8-6.4 12.8-12.8v-70.4c0-6.4-6.4-12.8-12.8-12.8h-22.4c-6.4 0-12.8 6.4-12.8 12.8v70.4c0 6.4 6.4 12.8 12.8 12.8z\" class=\"\"><\/path><\/svg><\/i> <img loading=\"lazy\" decoding=\"async\" width=\"16\" height=\"16\" alt=\"Loading\" src=\"https:\/\/temucotelevision.cl\/web\/wp-content\/plugins\/page-views-count\/ajax-loader-2x.gif\" border=0 \/><\/p><div class=\"pvc_clear\"><\/div>\n<p>La Conferencia Abierta de Ciencia Ant\u00e1rtica SCAR OSC 2024 ha comenzado su arribo a Chile y se llevar\u00e1 a cabo del 19 al 23 de agosto en la comuna de Puc\u00f3n, donde tendr\u00e1n lugar las charlas y el alojamiento de cient\u00edficos de todo el mundo en este importante encuentro de divulgaci\u00f3n que convoca a m\u00e1s de 2 mil participantes en la ciudad del lago y el volc\u00e1n.<\/p>\n\n\n\n<p>La &#8220;Open Science Conference&#8221; es organizada por el Comit\u00e9&nbsp;<a><\/a>Mundial de Ciencias Ant\u00e1rticas (SCAR) y se proyecta como la reuni\u00f3n m\u00e1s grande de este tipo en el mundo, en su und\u00e9cima versi\u00f3n. Hasta ahora, el encuentro ha tenido lugar principalmente en el hemisferio norte y solo una vez en Latinoam\u00e9rica, en Buenos Aires el a\u00f1o 2010.<\/p>\n\n\n\n<p>Carlos Barra, alcalde de la comuna lacustre, agradeci\u00f3 al comit\u00e9 organizador por elegir Puc\u00f3n como sede y extendi\u00f3 una invitaci\u00f3n a la comunidad nacional e internacional para conocer los diversos atractivos que la zona lacustre ofrece. &#8220;Volver a realizar convenciones de primer nivel, a los pies del volc\u00e1n m\u00e1s activo de Chile, es algo que nos llena de orgullo. Que la ciencia mundial elija a Puc\u00f3n no es menor y esperamos estar a la altura con una ciudad preparada especialmente para esta cita con la ciencia&#8221;, concluy\u00f3 el alcalde.<\/p>\n\n\n\n<p>Por otro lado, Marcelo Leppe, cient\u00edfico chileno, coordinador general del Open Science Conference y vicepresidente del Comit\u00e9 Mundial de Ciencias Ant\u00e1rticas, detall\u00f3 que esta es una oportunidad valiosa para el pa\u00eds donde se abordar\u00e1n tem\u00e1ticas relevantes para las decisiones pol\u00edticas a nivel mundial sobre cambio clim\u00e1tico y la Ant\u00e1rtica. &#8220;Ya estamos todos los cient\u00edficos preocupados por lo que est\u00e1 ocurriendo en el continente blanco. Tendremos informaci\u00f3n cient\u00edfica de primera fuente que ayudar\u00e1 a orientar decisiones para la humanidad, pero tambi\u00e9n para Chile, que est\u00e1 bajo la directa influencia de Ant\u00e1rtica. Se ver\u00e1n los resultados de ciencia pura, pero tambi\u00e9n de aquella que permite construir escenarios futuros, por ejemplo, el futuro de las pesquer\u00edas en un mundo cambiante, la disponibilidad de agua dulce a partir de glaciares de cordillera, y la ocurrencia de eventos extremos como las inundaciones a partir del desplazamiento de los r\u00edos atmosf\u00e9ricos. Estos encuentros son muy relevantes para la ciencia y para el pa\u00eds, siendo una valiosa fuente todo lo que se divulgue aqu\u00ed a nivel cient\u00edfico&#8221;, afirma.<\/p>\n\n\n\n<figure class=\"wp-block-image size-large\"><img loading=\"lazy\" decoding=\"async\" width=\"1000\" height=\"563\" src=\"https:\/\/temucotelevision.cl\/web\/wp-content\/uploads\/2024\/07\/Antartida-1000x563.jpg\" alt=\"\" class=\"wp-image-51145\" srcset=\"https:\/\/temucotelevision.cl\/web\/wp-content\/uploads\/2024\/07\/Antartida-1000x563.jpg 1000w, https:\/\/temucotelevision.cl\/web\/wp-content\/uploads\/2024\/07\/Antartida-768x432.jpg 768w, https:\/\/temucotelevision.cl\/web\/wp-content\/uploads\/2024\/07\/Antartida-1536x864.jpg 1536w, https:\/\/temucotelevision.cl\/web\/wp-content\/uploads\/2024\/07\/Antartida.jpg 1600w\" sizes=\"auto, (max-width: 1000px) 100vw, 1000px\" \/><\/figure>\n\n\n\n<p><strong>Oportunidad para la comuna de Puc\u00f3n<\/strong><\/p>\n\n\n\n<p>Carolina Ruiz, directora de Fomento y Turismo de la Municipalidad de Puc\u00f3n, coment\u00f3 que, &#8220;la idea es que la comunidad est\u00e9 preparada para recibir a visitantes muy interesados en conocer los diversos atractivos de la zona, este tipo de congresos es muy importante y nos consolida a nivel nacional e internacional por lo que hay que seguir trabajando en equipo para ofrecer una atenci\u00f3n de primer nivel, algo que nos ha caracterizado siempre como destino&#8221;, concluye la directora.<\/p>\n\n\n\n<p><strong>PROGRAMACI\u00d3N<\/strong><\/p>\n\n\n\n<p>&#8220;Tendremos actividades especiales, la exhibici\u00f3n de documentales, charlas en colegios y para la comunidad en general. Contaremos con la participaci\u00f3n de algunos investigadores seniors que han sido clave para resaltar la importancia del continente ant\u00e1rtico para el mundo. Queremos generar v\u00ednculos con la comunidad local; y ya realizamos junto al municipio una reuni\u00f3n de coordinaci\u00f3n con empresarios y gremios tur\u00edsticos para que esta sea una experiencia \u00fanica, incluyendo dentro de la cultura local un argumento importante respecto a los bosques, la naturaleza y sus seres vivos. Por eso se elige a Puc\u00f3n, una comuna con una importante flora que tiene su g\u00e9nesis en ecosistemas ant\u00e1rticos de entre 70 y 80 millones de a\u00f1os&#8221;, finaliz\u00f3 el doctor Leppe.<\/p>\n\n\n\n<p>Para m\u00e1s informaci\u00f3n y no perderse esta cita mundial, es necesario visitar los sitios web:\u00a0<a href=\"https:\/\/www.inach.cl\/?fbclid=IwZXh0bgNhZW0CMTAAAR3TVAknSRt7C5igplFV2WiVBlg0DC-rDrVBwPhfYYUj-55fE_yziZX8l_E_aem_nHAA2xeHfzSsxVaP03fK8g\" target=\"_blank\" rel=\"noreferrer noopener\">www.inach.cl<\/a>;\u00a0<a href=\"https:\/\/l.facebook.com\/l.php?u=https%3A%2F%2Fwww.scar2024.org%2F%3Ffbclid%3DIwZXh0bgNhZW0CMTAAAR0-5ADlA2ByOE1oDevhkdin_w6TvWR3rYIXhQtxgLH5SqeXbYkNzoTbnIs_aem_0SyHyI-9Ht1KYZssmp4apw&amp;h=AT2hyq9oARr7LoMk7fQIdv4tUZcsmDVXPygAXvRsd0Wu6V6fNvuY6sw4AXazQSEwObO2a6Lt48rs9eGFX_npqB4huTm3cU_qfmREQXtDn3uayB8FNdYTc64CWiF2B_0eoA&amp;__tn__=-UK-R&amp;c[0]=AT1QbSAbMMUqpDkepme8IoqafFfLIKuZpkEk1NIdJEKJfG6c_Ye30-PeRRiwQqmOWIDMtRUD2RcSVlz8kvhntBRnuFGi6GiwVx5gAZbEVvY7Q9dssj88-iiOKoMtBGE5GCc7vc6GjzhMapTeZ82fjAIaY5BHix1WYwUMu-4nj3hODqIqPEsAMIDvbesMd1UVLfhvYt9IwQ2ywrRAdKzGpzR4HOZMKXIcD0oH\" target=\"_blank\" rel=\"noreferrer noopener\">www.scar2024.org<\/a>; y\u00a0<a href=\"https:\/\/l.facebook.com\/l.php?u=http%3A%2F%2Fwww.puconchile.travel%2F%3Ffbclid%3DIwZXh0bgNhZW0CMTAAAR2i9lLziriTErapIyzrLO_LdbysST4kUggU0OBAKu9MLbuTjl7UnxDUkXU_aem_B7Stf5qrlrfVwYCZJOXMTg&amp;h=AT02Z_50eTPr-udHcgGSKFn1MHqxM4nc8ic1xEvq1550GAy39Cb0DaNNDaGu8LI3lXfbX5q6OkbgfTKmKB5zpj3aX5B6lJZGZMvRWWM8Ur3cyQCRUA4fEJoZm2AUaHaCWA&amp;__tn__=-UK-R&amp;c[0]=AT1QbSAbMMUqpDkepme8IoqafFfLIKuZpkEk1NIdJEKJfG6c_Ye30-PeRRiwQqmOWIDMtRUD2RcSVlz8kvhntBRnuFGi6GiwVx5gAZbEVvY7Q9dssj88-iiOKoMtBGE5GCc7vc6GjzhMapTeZ82fjAIaY5BHix1WYwUMu-4nj3hODqIqPEsAMIDvbesMd1UVLfhvYt9IwQ2ywrRAdKzGpzR4HOZMKXIcD0oH\" target=\"_blank\" rel=\"noreferrer noopener\">www.puconchile.travel.<\/a>\u00a0Y las redes sociales, &#8220;Inach_gob&#8221; y &#8220;Muni Puc\u00f3n Chile&#8221;.<\/p>\n\n\n\n<figure class=\"wp-block-image size-full\"><img loading=\"lazy\" decoding=\"async\" width=\"740\" height=\"370\" src=\"https:\/\/temucotelevision.cl\/web\/wp-content\/uploads\/2024\/07\/open-science-conference-740x428-1-740x370-1.jpg\" alt=\"\" class=\"wp-image-51146\"\/><\/figure>\n","protected":false},"excerpt":{"rendered":"<div class=\"pvc_clear\"><\/div>\n<p id=\"pvc_stats_51143\" class=\"pvc_stats total_only  \" data-element-id=\"51143\" style=\"\"><i class=\"pvc-stats-icon large\" aria-hidden=\"true\"><svg aria-hidden=\"true\" focusable=\"false\" data-prefix=\"far\" data-icon=\"chart-bar\" role=\"img\" xmlns=\"http:\/\/www.w3.org\/2000\/svg\" viewBox=\"0 0 512 512\" class=\"svg-inline--fa fa-chart-bar fa-w-16 fa-2x\"><path fill=\"currentColor\" d=\"M396.8 352h22.4c6.4 0 12.8-6.4 12.8-12.8V108.8c0-6.4-6.4-12.8-12.8-12.8h-22.4c-6.4 0-12.8 6.4-12.8 12.8v230.4c0 6.4 6.4 12.8 12.8 12.8zm-192 0h22.4c6.4 0 12.8-6.4 12.8-12.8V140.8c0-6.4-6.4-12.8-12.8-12.8h-22.4c-6.4 0-12.8 6.4-12.8 12.8v198.4c0 6.4 6.4 12.8 12.8 12.8zm96 0h22.4c6.4 0 12.8-6.4 12.8-12.8V204.8c0-6.4-6.4-12.8-12.8-12.8h-22.4c-6.4 0-12.8 6.4-12.8 12.8v134.4c0 6.4 6.4 12.8 12.8 12.8zM496 400H48V80c0-8.84-7.16-16-16-16H16C7.16 64 0 71.16 0 80v336c0 17.67 14.33 32 32 32h464c8.84 0 16-7.16 16-16v-16c0-8.84-7.16-16-16-16zm-387.2-48h22.4c6.4 0 12.8-6.4 12.8-12.8v-70.4c0-6.4-6.4-12.8-12.8-12.8h-22.4c-6.4 0-12.8 6.4-12.8 12.8v70.4c0 6.4 6.4 12.8 12.8 12.8z\" class=\"\"><\/path><\/svg><\/i> <img loading=\"lazy\" decoding=\"async\" width=\"16\" height=\"16\" alt=\"Loading\" src=\"https:\/\/temucotelevision.cl\/web\/wp-content\/plugins\/page-views-count\/ajax-loader-2x.gif\" border=0 \/><\/p>\n<div class=\"pvc_clear\"><\/div>\n<p>La Conferencia Abierta de Ciencia Ant\u00e1rtica SCAR OSC 2024 ha comenzado su arribo a Chile y se llevar\u00e1 a cabo<\/p>\n","protected":false},"author":1,"featured_media":51144,"comment_status":"open","ping_status":"open","sticky":false,"template":"","format":"standard","meta":{"colormag_page_container_layout":"default_layout","colormag_page_sidebar_layout":"default_layout","footnotes":""},"categories":[15],"tags":[6397],"class_list":["post-51143","post","type-post","status-publish","format-standard","has-post-thumbnail","hentry","category-la-araucania","tag-antartica"],"a3_pvc":{"activated":true,"total_views":1392,"today_views":0},"_links":{"self":[{"href":"https:\/\/temucotelevision.cl\/web\/wp-json\/wp\/v2\/posts\/51143","targetHints":{"allow":["GET"]}}],"collection":[{"href":"https:\/\/temucotelevision.cl\/web\/wp-json\/wp\/v2\/posts"}],"about":[{"href":"https:\/\/temucotelevision.cl\/web\/wp-json\/wp\/v2\/types\/post"}],"author":[{"embeddable":true,"href":"https:\/\/temucotelevision.cl\/web\/wp-json\/wp\/v2\/users\/1"}],"replies":[{"embeddable":true,"href":"https:\/\/temucotelevision.cl\/web\/wp-json\/wp\/v2\/comments?post=51143"}],"version-history":[{"count":1,"href":"https:\/\/temucotelevision.cl\/web\/wp-json\/wp\/v2\/posts\/51143\/revisions"}],"predecessor-version":[{"id":51147,"href":"https:\/\/temucotelevision.cl\/web\/wp-json\/wp\/v2\/posts\/51143\/revisions\/51147"}],"wp:featuredmedia":[{"embeddable":true,"href":"https:\/\/temucotelevision.cl\/web\/wp-json\/wp\/v2\/media\/51144"}],"wp:attachment":[{"href":"https:\/\/temucotelevision.cl\/web\/wp-json\/wp\/v2\/media?parent=51143"}],"wp:term":[{"taxonomy":"category","embeddable":true,"href":"https:\/\/temucotelevision.cl\/web\/wp-json\/wp\/v2\/categories?post=51143"},{"taxonomy":"post_tag","embeddable":true,"href":"https:\/\/temucotelevision.cl\/web\/wp-json\/wp\/v2\/tags?post=51143"}],"curies":[{"name":"wp","href":"https:\/\/api.w.org\/{rel}","templated":true}]}}