{"id":51137,"date":"2024-07-05T14:40:02","date_gmt":"2024-07-05T17:40:02","guid":{"rendered":"https:\/\/temucotelevision.cl\/web\/?p=51137"},"modified":"2024-07-05T14:41:52","modified_gmt":"2024-07-05T17:41:52","slug":"amanda-miguel-en-solitario-gira-por-mexico-y-mas-mientras-ana-victoria-espera-una-nina","status":"publish","type":"post","link":"https:\/\/temucotelevision.cl\/web\/2024\/07\/05\/amanda-miguel-en-solitario-gira-por-mexico-y-mas-mientras-ana-victoria-espera-una-nina\/","title":{"rendered":"Amanda Miguel en solitario: gira por M\u00e9xico y m\u00e1s mientras Ana Victoria espera una ni\u00f1a"},"content":{"rendered":"<div class=\"pvc_clear\"><\/div><p id=\"pvc_stats_51137\" class=\"pvc_stats total_only  \" data-element-id=\"51137\" style=\"\"><i class=\"pvc-stats-icon large\" aria-hidden=\"true\"><svg aria-hidden=\"true\" focusable=\"false\" data-prefix=\"far\" data-icon=\"chart-bar\" role=\"img\" xmlns=\"http:\/\/www.w3.org\/2000\/svg\" viewBox=\"0 0 512 512\" class=\"svg-inline--fa fa-chart-bar fa-w-16 fa-2x\"><path fill=\"currentColor\" d=\"M396.8 352h22.4c6.4 0 12.8-6.4 12.8-12.8V108.8c0-6.4-6.4-12.8-12.8-12.8h-22.4c-6.4 0-12.8 6.4-12.8 12.8v230.4c0 6.4 6.4 12.8 12.8 12.8zm-192 0h22.4c6.4 0 12.8-6.4 12.8-12.8V140.8c0-6.4-6.4-12.8-12.8-12.8h-22.4c-6.4 0-12.8 6.4-12.8 12.8v198.4c0 6.4 6.4 12.8 12.8 12.8zm96 0h22.4c6.4 0 12.8-6.4 12.8-12.8V204.8c0-6.4-6.4-12.8-12.8-12.8h-22.4c-6.4 0-12.8 6.4-12.8 12.8v134.4c0 6.4 6.4 12.8 12.8 12.8zM496 400H48V80c0-8.84-7.16-16-16-16H16C7.16 64 0 71.16 0 80v336c0 17.67 14.33 32 32 32h464c8.84 0 16-7.16 16-16v-16c0-8.84-7.16-16-16-16zm-387.2-48h22.4c6.4 0 12.8-6.4 12.8-12.8v-70.4c0-6.4-6.4-12.8-12.8-12.8h-22.4c-6.4 0-12.8 6.4-12.8 12.8v70.4c0 6.4 6.4 12.8 12.8 12.8z\" class=\"\"><\/path><\/svg><\/i> <img loading=\"lazy\" decoding=\"async\" width=\"16\" height=\"16\" alt=\"Loading\" src=\"https:\/\/temucotelevision.cl\/web\/wp-content\/plugins\/page-views-count\/ajax-loader-2x.gif\" border=0 \/><\/p><div class=\"pvc_clear\"><\/div>\n<p>Todos nos hemos apasionado y emocionado con muchas de las canciones de Amanda Miguel, su repertorio ha tocado el alma de varias generaciones y hasta la fecha contin\u00faa provoc\u00e1ndonos innumerables sensaciones, desde el amor m\u00e1s tierno y dulce, hasta el despecho y el dolor profundo.<\/p>\n\n\n\n<p>Su m\u00fasica es intensa, sus letras conmueven, su piano acaricia, su voz tiene fuerza y su interpretaci\u00f3n es poderosa, transmite, conecta\u2026 realmente estamos frente a una artista con una personalidad \u00fanica. Escucharla en la radio, en las plataformas o verla en televisi\u00f3n siempre nos ha erizado la piel,\u00a0<strong>pero verla actuar en vivo realmente es una experiencia que vale la pena conocer y disfrutar.<\/strong><\/p>\n\n\n\n<iframe loading=\"lazy\" width=\"560\" height=\"315\" src=\"https:\/\/www.youtube.com\/embed\/d-M8ijSjRYA?si=WHMRSNZiA2l1e9HR\" title=\"YouTube video player\" frameborder=\"0\" allow=\"accelerometer; autoplay; clipboard-write; encrypted-media; gyroscope; picture-in-picture; web-share\" referrerpolicy=\"strict-origin-when-cross-origin\" allowfullscreen><\/iframe>\n\n\n\n<p>Convertida en una gran se\u00f1ora, ganadora del Grammy a la Excelencia Musical y con el coraz\u00f3n abierto para continuar comparti\u00e9ndonos su faceta como cantautora y como la mujer fuerte que ha sabido sobreponerse a las \u00b4sacudidas\u00b4 de la vida, hoy Amanda Miguel tiene mucho m\u00e1s para ofrecer en un escenario: 45 a\u00f1os de enormes \u00e9xitos y temas de su nuevo \u00e1lbum titulado \u201cYo Soy\u201d, el cual contiene joyas del folclore latinoamericano y que en tan s\u00f3lo unas semanas ya registra 10 millones de descargas en las diversas plataformas.<\/p>\n\n\n\n<p>Pero adem\u00e1s de su m\u00fasica, ella misma, con sus comentarios, su presencia, sus videos, sus cambios de vestuario, bailarines, sus fotograf\u00edas y momentos importantes de su vida, nos va llevando de la mano por un recorrido de recuerdos y de m\u00faltiples sensaciones\u2026 son dos horas de un espect\u00e1culo redondo, donde cada espectador hace un recuento de su propia historia, del instante en que dedic\u00f3 alguno de sus temas a alguien especial o enton\u00f3 a todo pulm\u00f3n una de sus canciones. Es una experiencia envolvente, porque el arte de Amanda Miguel ha penetrado en el coraz\u00f3n de millones de personas en todo el continente, tocando sus fibras m\u00e1s sensibles.<\/p>\n\n\n\n<p><strong><em>\u201cEl tiempo me ha servido, me ha hecho crecer en muchos aspectos y estoy muy emocionada por empezar una \u00b4gira de verdad\u00b4. Me gusta cantar en vivo, me nutre el contacto con la gente, me sana y me transmite fuerza, para m\u00ed esos momentos son como caricias para el alma. Hace a\u00f1os que no voy a algunos pa\u00edses y quiero visitarlos porque est\u00e1n llenos de belleza y el p\u00fablico es muy afectuoso. En julio, agosto y septiembre me presentar\u00e9 en Colombia, Nicaragua y Costa Rica, adem\u00e1s de importantes ciudades de M\u00e9xico como Guaymas, Pachuca, Guadalajara y Le\u00f3n, se ir\u00e1n sumando fechas; para los \u00faltimos meses del a\u00f1o ir\u00e9 a Chile, Puerto Rico, Estados Unidos y me esperan dos citas relevantes en Monterrey y M\u00e9rida, ya les compartir\u00e9 otros sitios que vayamos confirmando. Le agradezco a la gente su lealtad, su retroalimentaci\u00f3n y su cari\u00f1o, me conmueve ver a personas de todas las generaciones en mis shows, incluso ni\u00f1os, gracias por tanto\u201d:<\/em><\/strong>&nbsp;<strong>AMANDA MIGUEL.<\/strong><\/p>\n\n\n\n<p>Al final de este comunicado se anexa la lista de los shows m\u00e1s cercanos, pero es importante se\u00f1alar que este&nbsp;<strong>13 de julio arranca la gira en Guaymas, Sonora,&nbsp;<\/strong>en un espect\u00e1culo al aire libre frente al hermoso malec\u00f3n tur\u00edstico; \u00e9ste ser\u00e1 el \u00faltimo concierto en el cual la acompa\u00f1ar\u00e1&nbsp;<strong>Ana Victoria Verdaguer<\/strong>&nbsp;antes de convertirse en madre por segunda vez. El resto de la gira la realizar\u00e1 Amanda Miguel en solitario, pues desea que su hija descanse y la haga nuevamente abuela;&nbsp;<strong>ambas esperan con ilusi\u00f3n la llegada de una ni\u00f1a.<\/strong><\/p>\n\n\n\n<div class=\"wp-block-media-text is-stacked-on-mobile\" style=\"grid-template-columns:35% auto\"><figure class=\"wp-block-media-text__media\"><img loading=\"lazy\" decoding=\"async\" width=\"801\" height=\"1000\" src=\"https:\/\/temucotelevision.cl\/web\/wp-content\/uploads\/2024\/07\/NUEVA-2-801x1000.jpg\" alt=\"\" class=\"wp-image-51141 size-full\" srcset=\"https:\/\/temucotelevision.cl\/web\/wp-content\/uploads\/2024\/07\/NUEVA-2-801x1000.jpg 801w, https:\/\/temucotelevision.cl\/web\/wp-content\/uploads\/2024\/07\/NUEVA-2-768x959.jpg 768w, https:\/\/temucotelevision.cl\/web\/wp-content\/uploads\/2024\/07\/NUEVA-2.jpg 997w\" sizes=\"auto, (max-width: 801px) 100vw, 801px\" \/><\/figure><div class=\"wp-block-media-text__content\">\n<p>El 27 de julio Amanda Miguel se presentar\u00e1 en concierto en Nicaragua (Polideportivo Alexis Arg\u00fcello), el 2 de agosto en Medell\u00edn, Colombia (Centro de eventos La Macarena), el 3 de agosto en San Jos\u00e9, Costa Rica (Parque Viva), el 9 de agosto en Pachuca, Hidalgo (Explanada), el 10 de agosto en Huamantla, Tlaxcala (Centro C\u00edvico), el 6 de septiembre en Guadalajara, Jalisco (Auditorio Telmex) y el 7 de septiembre en Le\u00f3n, Guanajuato (Domo de la Feria),\u00a0<strong>los boletos ya est\u00e1n a la venta para todos estos recintos.\u00a0<\/strong>Posteriormente se comunicar\u00e1n las fechas programadas para el resto del a\u00f1o, cuyo cierre ser\u00e1 espectacular y tambi\u00e9n incluye otros pa\u00edses.<\/p>\n<\/div><\/div>\n\n\n\n<p>AQU\u00cd PODR\u00c1S ADQUIRIR DESDE ESTE MOMENTO LOS BOLETOS PARA CADA CONCIERTO:&nbsp;<a href=\"https:\/\/amandamiguel.com\/events\" target=\"_blank\" rel=\"noreferrer noopener\"><strong>https:\/\/amandamiguel.com\/events<\/strong><\/a><strong><\/strong><\/p>\n\n\n\n<p>Finalmente es importante agregar que&nbsp;<strong>este 12 de julio se estrenar\u00e1 en plataformas el video que Amanda Miguel y Le\u00f3n Gieco grabaron juntos en Argentina.<\/strong>&nbsp;Basado en el dueto \u201cS\u00f3lo le pido a Dios\u201d, en este trabajo audiovisual se aprecia la camarader\u00eda entre ambos artistas y la admiraci\u00f3n mutua de d\u00e9cadas. El audio de este tema se dio a conocer hace algunos meses, pero es ahora cuando podremos disfrutar su respectivo video con la interacci\u00f3n de ambas figuras. La canci\u00f3n forma parte del nuevo \u00e1lbum de Amanda Miguel&nbsp;<strong>\u201cYo soy\u201d,<\/strong>&nbsp;que contiene piezas emblem\u00e1ticas del folclore y&nbsp;del arte musical latinoamericano.<\/p>\n\n\n\n<p>ALGO M\u00c1S ACERCA DE AMANDA MIGUEL:<\/p>\n\n\n\n<p>Ha grabado 14 exitosos \u00e1lbumes de estudio, 5 de conciertos en vivo y ha vendido m\u00e1s de 40 millones de discos en todo el mundo, por lo que ha sido acreedora a m\u00faltiples Discos de Oro y Platino. Sus obras m\u00e1s reconocidas son \u201cEl me minti\u00f3\u201d, \u201cAs\u00ed no te amar\u00e1 jam\u00e1s&#8221;, &#8220;Mi buen coraz\u00f3n\u201d, \u201cHagamos un trato\u201d, \u201cCastillos\u201d, \u201cComo un t\u00edtere\u201d, \u201cEl rostro del amor\u201d, \u201cA mi amiga\u201d, \u201cDudas\u201d, \u201cLas peque\u00f1as cosas\u201d, \u201cEl gato y yo\u201d, \u201cEl Pecado&#8221;, \u201cCosquillas en el pecho\u201d, \u201cSimplemente amor\u201d y muchas m\u00e1s. Ha recibido m\u00faltiples distinciones a lo largo de su carrera y en 2022 lleg\u00f3 a lo m\u00e1s alto al recibir el Premio Grammy a la Excelencia Musical, por parte de la Academia Latina de Artes y Ciencias de la Grabaci\u00f3n.<\/p>\n\n\n\n<p>Acorde a los nuevos tiempos, Amanda Miguel tambi\u00e9n ha tenido un gran impacto en el mundo digital, prueba de ello los m\u00e1s de 8,500,000&nbsp; seguidores que acumula en sus redes sociales (IG, FB, TW-X y suscriptores en su canal de YouTube) y Spotify; m\u00e1s de 728,000,000 de vistas en YouTube, m\u00e1s de 3,648,000 oyentes mensuales en Spotify y un acumulado hist\u00f3rico tambi\u00e9n en Spotify de 568,604,227 escuchas.&nbsp;<strong>En resumen, m\u00e1s de 1.3 BILLONES de visualizaciones y escuchas en las diferentes plataformas de m\u00fasica.<\/strong><\/p>\n\n\n\n<p>Amanda Miguel, la ni\u00f1a que estudi\u00f3 piano, la jovencita que compon\u00eda grandes canciones, la artista \u00fanica que nos marc\u00f3 desde 1979 y hoy la mujer fuerte que sigue llenando escenarios y es reconocida internacionalmente,\u00a0<strong>se encuentra en la mejor etapa de su vida creativa:<\/strong>\u00a0\u201cYO SOY\u201d es su m\u00e1s reciente trabajo discogr\u00e1fico y sus conciertos en vivo, cantando a todo pulm\u00f3n, son la comprobaci\u00f3n.<\/p>\n\n\n\n<iframe loading=\"lazy\" width=\"560\" height=\"315\" src=\"https:\/\/www.youtube.com\/embed\/G7ktj4mWwEE?si=69nsCymbQenAcrxw\" title=\"YouTube video player\" frameborder=\"0\" allow=\"accelerometer; autoplay; clipboard-write; encrypted-media; gyroscope; picture-in-picture; web-share\" referrerpolicy=\"strict-origin-when-cross-origin\" allowfullscreen><\/iframe>\n","protected":false},"excerpt":{"rendered":"<div class=\"pvc_clear\"><\/div>\n<p id=\"pvc_stats_51137\" class=\"pvc_stats total_only  \" data-element-id=\"51137\" style=\"\"><i class=\"pvc-stats-icon large\" aria-hidden=\"true\"><svg aria-hidden=\"true\" focusable=\"false\" data-prefix=\"far\" data-icon=\"chart-bar\" role=\"img\" xmlns=\"http:\/\/www.w3.org\/2000\/svg\" viewBox=\"0 0 512 512\" class=\"svg-inline--fa fa-chart-bar fa-w-16 fa-2x\"><path fill=\"currentColor\" d=\"M396.8 352h22.4c6.4 0 12.8-6.4 12.8-12.8V108.8c0-6.4-6.4-12.8-12.8-12.8h-22.4c-6.4 0-12.8 6.4-12.8 12.8v230.4c0 6.4 6.4 12.8 12.8 12.8zm-192 0h22.4c6.4 0 12.8-6.4 12.8-12.8V140.8c0-6.4-6.4-12.8-12.8-12.8h-22.4c-6.4 0-12.8 6.4-12.8 12.8v198.4c0 6.4 6.4 12.8 12.8 12.8zm96 0h22.4c6.4 0 12.8-6.4 12.8-12.8V204.8c0-6.4-6.4-12.8-12.8-12.8h-22.4c-6.4 0-12.8 6.4-12.8 12.8v134.4c0 6.4 6.4 12.8 12.8 12.8zM496 400H48V80c0-8.84-7.16-16-16-16H16C7.16 64 0 71.16 0 80v336c0 17.67 14.33 32 32 32h464c8.84 0 16-7.16 16-16v-16c0-8.84-7.16-16-16-16zm-387.2-48h22.4c6.4 0 12.8-6.4 12.8-12.8v-70.4c0-6.4-6.4-12.8-12.8-12.8h-22.4c-6.4 0-12.8 6.4-12.8 12.8v70.4c0 6.4 6.4 12.8 12.8 12.8z\" class=\"\"><\/path><\/svg><\/i> <img loading=\"lazy\" decoding=\"async\" width=\"16\" height=\"16\" alt=\"Loading\" src=\"https:\/\/temucotelevision.cl\/web\/wp-content\/plugins\/page-views-count\/ajax-loader-2x.gif\" border=0 \/><\/p>\n<div class=\"pvc_clear\"><\/div>\n<p>Todos nos hemos apasionado y emocionado con muchas de las canciones de Amanda Miguel, su repertorio ha tocado el alma<\/p>\n","protected":false},"author":1,"featured_media":51138,"comment_status":"open","ping_status":"open","sticky":false,"template":"","format":"standard","meta":{"colormag_page_container_layout":"default_layout","colormag_page_sidebar_layout":"default_layout","footnotes":""},"categories":[369],"tags":[7040,581],"class_list":["post-51137","post","type-post","status-publish","format-standard","has-post-thumbnail","hentry","category-musica","tag-amanda-miguel","tag-gira"],"a3_pvc":{"activated":true,"total_views":5317,"today_views":0},"_links":{"self":[{"href":"https:\/\/temucotelevision.cl\/web\/wp-json\/wp\/v2\/posts\/51137","targetHints":{"allow":["GET"]}}],"collection":[{"href":"https:\/\/temucotelevision.cl\/web\/wp-json\/wp\/v2\/posts"}],"about":[{"href":"https:\/\/temucotelevision.cl\/web\/wp-json\/wp\/v2\/types\/post"}],"author":[{"embeddable":true,"href":"https:\/\/temucotelevision.cl\/web\/wp-json\/wp\/v2\/users\/1"}],"replies":[{"embeddable":true,"href":"https:\/\/temucotelevision.cl\/web\/wp-json\/wp\/v2\/comments?post=51137"}],"version-history":[{"count":2,"href":"https:\/\/temucotelevision.cl\/web\/wp-json\/wp\/v2\/posts\/51137\/revisions"}],"predecessor-version":[{"id":51142,"href":"https:\/\/temucotelevision.cl\/web\/wp-json\/wp\/v2\/posts\/51137\/revisions\/51142"}],"wp:featuredmedia":[{"embeddable":true,"href":"https:\/\/temucotelevision.cl\/web\/wp-json\/wp\/v2\/media\/51138"}],"wp:attachment":[{"href":"https:\/\/temucotelevision.cl\/web\/wp-json\/wp\/v2\/media?parent=51137"}],"wp:term":[{"taxonomy":"category","embeddable":true,"href":"https:\/\/temucotelevision.cl\/web\/wp-json\/wp\/v2\/categories?post=51137"},{"taxonomy":"post_tag","embeddable":true,"href":"https:\/\/temucotelevision.cl\/web\/wp-json\/wp\/v2\/tags?post=51137"}],"curies":[{"name":"wp","href":"https:\/\/api.w.org\/{rel}","templated":true}]}}