{"id":51134,"date":"2024-07-04T23:20:34","date_gmt":"2024-07-05T02:20:34","guid":{"rendered":"https:\/\/temucotelevision.cl\/web\/?p=51134"},"modified":"2024-07-04T23:20:35","modified_gmt":"2024-07-05T02:20:35","slug":"el-teatro-municipal-de-temuco-recibe-a-fernando-ubiergo-en-concierto","status":"publish","type":"post","link":"https:\/\/temucotelevision.cl\/web\/2024\/07\/04\/el-teatro-municipal-de-temuco-recibe-a-fernando-ubiergo-en-concierto\/","title":{"rendered":"El Teatro Municipal de Temuco recibe a Fernando Ubiergo en concierto"},"content":{"rendered":"<div class=\"pvc_clear\"><\/div><p id=\"pvc_stats_51134\" class=\"pvc_stats total_only  \" data-element-id=\"51134\" style=\"\"><i class=\"pvc-stats-icon large\" aria-hidden=\"true\"><svg aria-hidden=\"true\" focusable=\"false\" data-prefix=\"far\" data-icon=\"chart-bar\" role=\"img\" xmlns=\"http:\/\/www.w3.org\/2000\/svg\" viewBox=\"0 0 512 512\" class=\"svg-inline--fa fa-chart-bar fa-w-16 fa-2x\"><path fill=\"currentColor\" d=\"M396.8 352h22.4c6.4 0 12.8-6.4 12.8-12.8V108.8c0-6.4-6.4-12.8-12.8-12.8h-22.4c-6.4 0-12.8 6.4-12.8 12.8v230.4c0 6.4 6.4 12.8 12.8 12.8zm-192 0h22.4c6.4 0 12.8-6.4 12.8-12.8V140.8c0-6.4-6.4-12.8-12.8-12.8h-22.4c-6.4 0-12.8 6.4-12.8 12.8v198.4c0 6.4 6.4 12.8 12.8 12.8zm96 0h22.4c6.4 0 12.8-6.4 12.8-12.8V204.8c0-6.4-6.4-12.8-12.8-12.8h-22.4c-6.4 0-12.8 6.4-12.8 12.8v134.4c0 6.4 6.4 12.8 12.8 12.8zM496 400H48V80c0-8.84-7.16-16-16-16H16C7.16 64 0 71.16 0 80v336c0 17.67 14.33 32 32 32h464c8.84 0 16-7.16 16-16v-16c0-8.84-7.16-16-16-16zm-387.2-48h22.4c6.4 0 12.8-6.4 12.8-12.8v-70.4c0-6.4-6.4-12.8-12.8-12.8h-22.4c-6.4 0-12.8 6.4-12.8 12.8v70.4c0 6.4 6.4 12.8 12.8 12.8z\" class=\"\"><\/path><\/svg><\/i> <img loading=\"lazy\" decoding=\"async\" width=\"16\" height=\"16\" alt=\"Loading\" src=\"https:\/\/temucotelevision.cl\/web\/wp-content\/plugins\/page-views-count\/ajax-loader-2x.gif\" border=0 \/><\/p><div class=\"pvc_clear\"><\/div>\n<p><em>El p\u00fablico podr\u00e1 disfrutar de sus cl\u00e1sicos y nuevas composiciones en un ambiente \u00edntimo y ac\u00fastico. No te pierdas esta experiencia \u00fanica el 12 de julio a las 20:00 horas. Entradas disponibles en&nbsp;<a href=\"http:\/\/www.corporaciontemuco.cl\/\" target=\"_blank\" rel=\"noreferrer noopener\">www.corporaciontemuco.cl<\/a>.<\/em><\/p>\n\n\n\n<p>El reconocido cantautor y m\u00fasico chileno Fernando Ubiergo se presentar\u00e1 en el Teatro Municipal de Temuco el pr\u00f3ximo viernes 12 de julio a las 20:00 horas, como parte de la temporada 2024 de eventos de este prestigioso recinto cultural. Las entradas para este esperado concierto est\u00e1n disponibles de manera online a trav\u00e9s del sitio web&nbsp;<a href=\"http:\/\/www.corporaciontemuco.cl\/\" target=\"_blank\" rel=\"noreferrer noopener\">www.corporaciontemuco.cl<\/a>.<\/p>\n\n\n\n<p>Con una carrera que abarca cuarenta y nueve a\u00f1os, Fernando Ubiergo se ha consolidado como uno de los artistas m\u00e1s emblem\u00e1ticos de la m\u00fasica chilena e internacional. Su destacada trayectoria incluye triunfos en importantes festivales como Vi\u00f1a del Mar en Chile, Benidorm en Espa\u00f1a y la OTI en M\u00e9xico. A lo largo de su carrera, ha publicado quince discos y ha realizado m\u00e1s de tres mil conciertos, manteni\u00e9ndose siempre fiel a su estilo y a las canciones que \u00e9l mismo escribe y compone.<\/p>\n\n\n\n<p>Ubiergo se distingue por su sello personal y su capacidad para trascender generaciones. Sus letras, cargadas de lirismo y poes\u00eda, han dejado una profunda huella en el p\u00fablico latinoamericano, caracteriz\u00e1ndose por sus met\u00e1foras y melancol\u00eda. Al respecto, el artista expres\u00f3: \u201cRegresar a Temuco a hacer un concierto despu\u00e9s de tantos a\u00f1os es muy emotivo en lo personal por muchas razones, no s\u00f3lo de \u00edndole profesional, sino porque hay v\u00ednculos personales y con mi propia historia que me atan y me relacionan enormemente con la ciudad y con la regi\u00f3n, as\u00ed que tenemos una gran expectativa en nuestro pr\u00f3ximo concierto del d\u00eda 12 de julio, yo voy acompa\u00f1ado por mi quinteto, que es como un quinteto de c\u00e1mara, son m\u00fasicos de gran nivel. Intentaremos generar con el p\u00fablico una complicidad y una atm\u00f3sfera que permita unir casi 50 a\u00f1os de m\u00fasica que son los que cumplo el pr\u00f3ximo a\u00f1o escribiendo canciones\u201d, sostuvo el cantautor chileno.<\/p>\n\n\n\n<p>El artista realiza presentaciones peri\u00f3dicas en Chile, combinando estas con giras anuales por Sudam\u00e9rica, Centroam\u00e9rica y comunidades hispanas en Europa, Estados Unidos y Australia. Este segundo semestre de 2024, Fernando estrenar\u00e1 un nuevo \u00e1lbum de diez canciones, del cual ya se han publicado seis sencillos: &#8220;Farah&#8221;, &#8220;El sue\u00f1o&#8221;, &#8220;Cuando el r\u00edo sue\u00f1a&#8221;, &#8220;Vahi\u00e9&#8221;, &#8220;Amar al viento&#8221; y, recientemente, &#8220;Todo el amor&#8221;, todos disponibles en plataformas digitales.<\/p>\n\n\n\n<p>En el escenario del Teatro Municipal de Temuco, Fernando Ubiergo presentar\u00e1 sus composiciones, tanto nuevas como cl\u00e1sicas, en un formato ac\u00fastico. Estar\u00e1 acompa\u00f1ado por un quinteto de talentosos m\u00fasicos: Pablo Ubiergo (piano, teclados y voz), Javier Tapia (guitarras ac\u00fasticas y voz), Esteban Gonz\u00e1lez (cello y voz), Jorge Prado (traversa, bandone\u00f3n y guitarra portuguesa) y Aldo Olave (bater\u00eda y percusi\u00f3n).<\/p>\n\n\n\n<p>No pierdas la oportunidad de disfrutar de una noche inolvidable con la m\u00fasica de Fernando Ubiergo. Las entradas est\u00e1n disponibles a trav\u00e9s de&nbsp;<a href=\"http:\/\/www.corporaciontemuco.cl\/\" target=\"_blank\" rel=\"noreferrer noopener\">www.corporaciontemuco.cl<\/a><\/p>\n\n\n\n<p><strong>Conversatorio &#8220;Detr\u00e1s del escenario: la creaci\u00f3n art\u00edstica de Fernando Ubiergo&#8221;<\/strong><\/p>\n\n\n\n<p>En el marco de su concierto, el \u00e1rea de educaci\u00f3n de la Corporaci\u00f3n Cultural ha organizado un conversatorio titulado &#8220;Detr\u00e1s del escenario: la creaci\u00f3n art\u00edstica de Fernando Ubiergo&#8221;. Este evento, especialmente dirigido a m\u00fasicos locales, artistas y profesores de m\u00fasica, se realizar\u00e1 en modalidad online previa inscripci\u00f3n con cupos limitados. El conversatorio tendr\u00e1 lugar el 10 de julio a las 18:30 horas, y ser\u00e1 una oportunidad \u00fanica para aprender sobre el proceso creativo del cantautor. Para obtener mayor informaci\u00f3n e inscribirse, ingresa a las redes sociales del Teatro Municipal de Temuco.<\/p>\n","protected":false},"excerpt":{"rendered":"<div class=\"pvc_clear\"><\/div>\n<p id=\"pvc_stats_51134\" class=\"pvc_stats total_only  \" data-element-id=\"51134\" style=\"\"><i class=\"pvc-stats-icon large\" aria-hidden=\"true\"><svg aria-hidden=\"true\" focusable=\"false\" data-prefix=\"far\" data-icon=\"chart-bar\" role=\"img\" xmlns=\"http:\/\/www.w3.org\/2000\/svg\" viewBox=\"0 0 512 512\" class=\"svg-inline--fa fa-chart-bar fa-w-16 fa-2x\"><path fill=\"currentColor\" d=\"M396.8 352h22.4c6.4 0 12.8-6.4 12.8-12.8V108.8c0-6.4-6.4-12.8-12.8-12.8h-22.4c-6.4 0-12.8 6.4-12.8 12.8v230.4c0 6.4 6.4 12.8 12.8 12.8zm-192 0h22.4c6.4 0 12.8-6.4 12.8-12.8V140.8c0-6.4-6.4-12.8-12.8-12.8h-22.4c-6.4 0-12.8 6.4-12.8 12.8v198.4c0 6.4 6.4 12.8 12.8 12.8zm96 0h22.4c6.4 0 12.8-6.4 12.8-12.8V204.8c0-6.4-6.4-12.8-12.8-12.8h-22.4c-6.4 0-12.8 6.4-12.8 12.8v134.4c0 6.4 6.4 12.8 12.8 12.8zM496 400H48V80c0-8.84-7.16-16-16-16H16C7.16 64 0 71.16 0 80v336c0 17.67 14.33 32 32 32h464c8.84 0 16-7.16 16-16v-16c0-8.84-7.16-16-16-16zm-387.2-48h22.4c6.4 0 12.8-6.4 12.8-12.8v-70.4c0-6.4-6.4-12.8-12.8-12.8h-22.4c-6.4 0-12.8 6.4-12.8 12.8v70.4c0 6.4 6.4 12.8 12.8 12.8z\" class=\"\"><\/path><\/svg><\/i> <img loading=\"lazy\" decoding=\"async\" width=\"16\" height=\"16\" alt=\"Loading\" src=\"https:\/\/temucotelevision.cl\/web\/wp-content\/plugins\/page-views-count\/ajax-loader-2x.gif\" border=0 \/><\/p>\n<div class=\"pvc_clear\"><\/div>\n<p>El p\u00fablico podr\u00e1 disfrutar de sus cl\u00e1sicos y nuevas composiciones en un ambiente \u00edntimo y ac\u00fastico. No te pierdas esta<\/p>\n","protected":false},"author":1,"featured_media":51135,"comment_status":"open","ping_status":"open","sticky":false,"template":"","format":"standard","meta":{"colormag_page_container_layout":"default_layout","colormag_page_sidebar_layout":"default_layout","footnotes":""},"categories":[86],"tags":[1010,283],"class_list":["post-51134","post","type-post","status-publish","format-standard","has-post-thumbnail","hentry","category-panoramas","tag-concierto","tag-teatro"],"a3_pvc":{"activated":true,"total_views":1827,"today_views":0},"_links":{"self":[{"href":"https:\/\/temucotelevision.cl\/web\/wp-json\/wp\/v2\/posts\/51134","targetHints":{"allow":["GET"]}}],"collection":[{"href":"https:\/\/temucotelevision.cl\/web\/wp-json\/wp\/v2\/posts"}],"about":[{"href":"https:\/\/temucotelevision.cl\/web\/wp-json\/wp\/v2\/types\/post"}],"author":[{"embeddable":true,"href":"https:\/\/temucotelevision.cl\/web\/wp-json\/wp\/v2\/users\/1"}],"replies":[{"embeddable":true,"href":"https:\/\/temucotelevision.cl\/web\/wp-json\/wp\/v2\/comments?post=51134"}],"version-history":[{"count":1,"href":"https:\/\/temucotelevision.cl\/web\/wp-json\/wp\/v2\/posts\/51134\/revisions"}],"predecessor-version":[{"id":51136,"href":"https:\/\/temucotelevision.cl\/web\/wp-json\/wp\/v2\/posts\/51134\/revisions\/51136"}],"wp:featuredmedia":[{"embeddable":true,"href":"https:\/\/temucotelevision.cl\/web\/wp-json\/wp\/v2\/media\/51135"}],"wp:attachment":[{"href":"https:\/\/temucotelevision.cl\/web\/wp-json\/wp\/v2\/media?parent=51134"}],"wp:term":[{"taxonomy":"category","embeddable":true,"href":"https:\/\/temucotelevision.cl\/web\/wp-json\/wp\/v2\/categories?post=51134"},{"taxonomy":"post_tag","embeddable":true,"href":"https:\/\/temucotelevision.cl\/web\/wp-json\/wp\/v2\/tags?post=51134"}],"curies":[{"name":"wp","href":"https:\/\/api.w.org\/{rel}","templated":true}]}}