{"id":51130,"date":"2024-07-04T19:19:53","date_gmt":"2024-07-04T22:19:53","guid":{"rendered":"https:\/\/temucotelevision.cl\/web\/?p=51130"},"modified":"2024-07-04T23:10:46","modified_gmt":"2024-07-05T02:10:46","slug":"cuales-son-las-comunas-mas-contaminadas-de-chile","status":"publish","type":"post","link":"https:\/\/temucotelevision.cl\/web\/2024\/07\/04\/cuales-son-las-comunas-mas-contaminadas-de-chile\/","title":{"rendered":"\u00bfCu\u00e1les son las comunas m\u00e1s contaminadas de Chile?"},"content":{"rendered":"<div class=\"pvc_clear\"><\/div><p id=\"pvc_stats_51130\" class=\"pvc_stats total_only  \" data-element-id=\"51130\" style=\"\"><i class=\"pvc-stats-icon large\" aria-hidden=\"true\"><svg aria-hidden=\"true\" focusable=\"false\" data-prefix=\"far\" data-icon=\"chart-bar\" role=\"img\" xmlns=\"http:\/\/www.w3.org\/2000\/svg\" viewBox=\"0 0 512 512\" class=\"svg-inline--fa fa-chart-bar fa-w-16 fa-2x\"><path fill=\"currentColor\" d=\"M396.8 352h22.4c6.4 0 12.8-6.4 12.8-12.8V108.8c0-6.4-6.4-12.8-12.8-12.8h-22.4c-6.4 0-12.8 6.4-12.8 12.8v230.4c0 6.4 6.4 12.8 12.8 12.8zm-192 0h22.4c6.4 0 12.8-6.4 12.8-12.8V140.8c0-6.4-6.4-12.8-12.8-12.8h-22.4c-6.4 0-12.8 6.4-12.8 12.8v198.4c0 6.4 6.4 12.8 12.8 12.8zm96 0h22.4c6.4 0 12.8-6.4 12.8-12.8V204.8c0-6.4-6.4-12.8-12.8-12.8h-22.4c-6.4 0-12.8 6.4-12.8 12.8v134.4c0 6.4 6.4 12.8 12.8 12.8zM496 400H48V80c0-8.84-7.16-16-16-16H16C7.16 64 0 71.16 0 80v336c0 17.67 14.33 32 32 32h464c8.84 0 16-7.16 16-16v-16c0-8.84-7.16-16-16-16zm-387.2-48h22.4c6.4 0 12.8-6.4 12.8-12.8v-70.4c0-6.4-6.4-12.8-12.8-12.8h-22.4c-6.4 0-12.8 6.4-12.8 12.8v70.4c0 6.4 6.4 12.8 12.8 12.8z\" class=\"\"><\/path><\/svg><\/i> <img loading=\"lazy\" decoding=\"async\" width=\"16\" height=\"16\" alt=\"Loading\" src=\"https:\/\/temucotelevision.cl\/web\/wp-content\/plugins\/page-views-count\/ajax-loader-2x.gif\" border=0 \/><\/p><div class=\"pvc_clear\"><\/div>\n<p><a><\/a>Un nuevo estudio revel\u00f3 altos niveles de contaminaci\u00f3n en tres importantes comunas del pa\u00eds.<\/p>\n\n\n\n<p>La empresa suiza IQAir ha publicado los resultados de su estudio de medici\u00f3n de la calidad del aire, revelando que varias comunas de Chile se encuentran con peligrosos niveles de contaminaci\u00f3n.<\/p>\n\n\n\n<p>Entre estas comunas destacan Pudahuel, Quilicura, Santiago, Talagante, Puente Alto y Las Condes, todas ellas ubicadas en la Regi\u00f3n Metropolitana.<\/p>\n\n\n\n<p>El estudio clasifica a Pudahuel en el sexto lugar, Quilicura en el noveno, Santiago en el dieciseisavo, Puente Alto en el diecisieteavo y Las Condes, uno de los&nbsp;<a href=\"https:\/\/launchcowork.com\/las-condes\/\"><u>epicentros laborales<\/u><\/a>&nbsp;m\u00e1s importantes, en el lugar diecinueve del ranking, como una de las menos contaminadas.&nbsp;<\/p>\n\n\n\n<p>\u00bfC\u00f3mo se mide? La calidad del aire se mide en t\u00e9rminos de materia particulada (PM) 2,5, un indicador de contaminaci\u00f3n que se refiere a part\u00edculas con un di\u00e1metro de 2,5 microgramos por metro c\u00fabico.&nbsp;<\/p>\n\n\n\n<h2 class=\"wp-block-heading\"><a><\/a>D\u00f3nde est\u00e1 la comuna m\u00e1s contaminada<\/h2>\n\n\n\n<p>Encabezando la lista se encuentra la comuna de Coyhaique en la Regi\u00f3n de Ays\u00e9n, con una PM32,2, seguida por Nacimiento, en la Regi\u00f3n del Biob\u00edo. El tercer lugar lo ocupa la comuna de Padre las Casas, en la Regi\u00f3n de La Araucan\u00eda, con una PM29,4.<\/p>\n\n\n\n<p>A continuaci\u00f3n descubre la lista completa de las 20 comunas m\u00e1s contaminadas en Chile:<\/p>\n\n\n\n<p>1. Coyhaique (Regi\u00f3n de Ays\u00e9n)<\/p>\n\n\n\n<p>2. Nacimiento (Regi\u00f3n del Biob\u00edo)<\/p>\n\n\n\n<p>3. Padre las Casas (Regi\u00f3n de La Araucan\u00eda)<\/p>\n\n\n\n<p>4. Victoria (Regi\u00f3n de La Araucan\u00eda)<\/p>\n\n\n\n<p>5. Angol (Regi\u00f3n de La Araucan\u00eda)<\/p>\n\n\n\n<p>6. Pudahuel (Regi\u00f3n Metropolitana)<\/p>\n\n\n\n<p>7. Llay-Llay (Regi\u00f3n de Valpara\u00edso)<\/p>\n\n\n\n<p>8. Rancagua (Regi\u00f3n de O&#8217;Higgins)<\/p>\n\n\n\n<p>9. Quilicura (Regi\u00f3n Metropolitana)<\/p>\n\n\n\n<p>10. San Fernando (Regi\u00f3n de O&#8217;Higgins)<\/p>\n\n\n\n<p>11. Coronel (Regi\u00f3n del Biob\u00edo)<\/p>\n\n\n\n<p>12. San Felipe (Regi\u00f3n de Valpara\u00edso)<\/p>\n\n\n\n<p>13. Chill\u00e1n (Regi\u00f3n de \u00d1uble)<\/p>\n\n\n\n<p>14. Talagante (Regi\u00f3n Metropolitana)<\/p>\n\n\n\n<p>15. Placilla (Regi\u00f3n de O&#8217;Higgins)<\/p>\n\n\n\n<p>16. Santiago (Regi\u00f3n Metropolitana)<\/p>\n\n\n\n<p>17. Puente Alto (Regi\u00f3n Metropolitana)<\/p>\n\n\n\n<p>18. Traigu\u00e9n (Regi\u00f3n de La Araucan\u00eda)<\/p>\n\n\n\n<p>19. Las Condes (Regi\u00f3n Metropolitana)<\/p>\n\n\n\n<p>20. Quilpu\u00e9 (Regi\u00f3n de Valpara\u00edso)<\/p>\n\n\n\n<p>El estudio de IQAir recomienda la urgente necesidad de implementar pol\u00edticas efectivas para mejorar la calidad del aire en el pa\u00eds, ya que la exposici\u00f3n prolongada a niveles altos puede tener graves consecuencias para la salud, incluyendo agravar las enfermedades respiratorias y cardiovasculares.<\/p>\n","protected":false},"excerpt":{"rendered":"<div class=\"pvc_clear\"><\/div>\n<p id=\"pvc_stats_51130\" class=\"pvc_stats total_only  \" data-element-id=\"51130\" style=\"\"><i class=\"pvc-stats-icon large\" aria-hidden=\"true\"><svg aria-hidden=\"true\" focusable=\"false\" data-prefix=\"far\" data-icon=\"chart-bar\" role=\"img\" xmlns=\"http:\/\/www.w3.org\/2000\/svg\" viewBox=\"0 0 512 512\" class=\"svg-inline--fa fa-chart-bar fa-w-16 fa-2x\"><path fill=\"currentColor\" d=\"M396.8 352h22.4c6.4 0 12.8-6.4 12.8-12.8V108.8c0-6.4-6.4-12.8-12.8-12.8h-22.4c-6.4 0-12.8 6.4-12.8 12.8v230.4c0 6.4 6.4 12.8 12.8 12.8zm-192 0h22.4c6.4 0 12.8-6.4 12.8-12.8V140.8c0-6.4-6.4-12.8-12.8-12.8h-22.4c-6.4 0-12.8 6.4-12.8 12.8v198.4c0 6.4 6.4 12.8 12.8 12.8zm96 0h22.4c6.4 0 12.8-6.4 12.8-12.8V204.8c0-6.4-6.4-12.8-12.8-12.8h-22.4c-6.4 0-12.8 6.4-12.8 12.8v134.4c0 6.4 6.4 12.8 12.8 12.8zM496 400H48V80c0-8.84-7.16-16-16-16H16C7.16 64 0 71.16 0 80v336c0 17.67 14.33 32 32 32h464c8.84 0 16-7.16 16-16v-16c0-8.84-7.16-16-16-16zm-387.2-48h22.4c6.4 0 12.8-6.4 12.8-12.8v-70.4c0-6.4-6.4-12.8-12.8-12.8h-22.4c-6.4 0-12.8 6.4-12.8 12.8v70.4c0 6.4 6.4 12.8 12.8 12.8z\" class=\"\"><\/path><\/svg><\/i> <img loading=\"lazy\" decoding=\"async\" width=\"16\" height=\"16\" alt=\"Loading\" src=\"https:\/\/temucotelevision.cl\/web\/wp-content\/plugins\/page-views-count\/ajax-loader-2x.gif\" border=0 \/><\/p>\n<div class=\"pvc_clear\"><\/div>\n<p>Un nuevo estudio revel\u00f3 altos niveles de contaminaci\u00f3n en tres importantes comunas del pa\u00eds. La empresa suiza IQAir ha publicado<\/p>\n","protected":false},"author":1,"featured_media":51133,"comment_status":"open","ping_status":"open","sticky":false,"template":"","format":"standard","meta":{"colormag_page_container_layout":"default_layout","colormag_page_sidebar_layout":"default_layout","footnotes":""},"categories":[15],"tags":[199],"class_list":["post-51130","post","type-post","status-publish","format-standard","has-post-thumbnail","hentry","category-la-araucania","tag-comunas"],"a3_pvc":{"activated":true,"total_views":3361,"today_views":1},"_links":{"self":[{"href":"https:\/\/temucotelevision.cl\/web\/wp-json\/wp\/v2\/posts\/51130","targetHints":{"allow":["GET"]}}],"collection":[{"href":"https:\/\/temucotelevision.cl\/web\/wp-json\/wp\/v2\/posts"}],"about":[{"href":"https:\/\/temucotelevision.cl\/web\/wp-json\/wp\/v2\/types\/post"}],"author":[{"embeddable":true,"href":"https:\/\/temucotelevision.cl\/web\/wp-json\/wp\/v2\/users\/1"}],"replies":[{"embeddable":true,"href":"https:\/\/temucotelevision.cl\/web\/wp-json\/wp\/v2\/comments?post=51130"}],"version-history":[{"count":1,"href":"https:\/\/temucotelevision.cl\/web\/wp-json\/wp\/v2\/posts\/51130\/revisions"}],"predecessor-version":[{"id":51132,"href":"https:\/\/temucotelevision.cl\/web\/wp-json\/wp\/v2\/posts\/51130\/revisions\/51132"}],"wp:featuredmedia":[{"embeddable":true,"href":"https:\/\/temucotelevision.cl\/web\/wp-json\/wp\/v2\/media\/51133"}],"wp:attachment":[{"href":"https:\/\/temucotelevision.cl\/web\/wp-json\/wp\/v2\/media?parent=51130"}],"wp:term":[{"taxonomy":"category","embeddable":true,"href":"https:\/\/temucotelevision.cl\/web\/wp-json\/wp\/v2\/categories?post=51130"},{"taxonomy":"post_tag","embeddable":true,"href":"https:\/\/temucotelevision.cl\/web\/wp-json\/wp\/v2\/tags?post=51130"}],"curies":[{"name":"wp","href":"https:\/\/api.w.org\/{rel}","templated":true}]}}