{"id":51110,"date":"2024-07-04T14:42:00","date_gmt":"2024-07-04T17:42:00","guid":{"rendered":"https:\/\/temucotelevision.cl\/web\/?p=51110"},"modified":"2024-07-04T14:42:01","modified_gmt":"2024-07-04T17:42:01","slug":"sigue-la-pasion-sobre-ruedas-todo-listo-para-la-segunda-fecha-del-campeonato-serie-campeones-2024-de-mountain-bike-escolar","status":"publish","type":"post","link":"https:\/\/temucotelevision.cl\/web\/2024\/07\/04\/sigue-la-pasion-sobre-ruedas-todo-listo-para-la-segunda-fecha-del-campeonato-serie-campeones-2024-de-mountain-bike-escolar\/","title":{"rendered":"Sigue la pasi\u00f3n sobre ruedas: Todo listo para la segunda fecha del campeonato Serie Campeones 2024 de Mountain Bike Escolar"},"content":{"rendered":"<div class=\"pvc_clear\"><\/div><p id=\"pvc_stats_51110\" class=\"pvc_stats total_only  \" data-element-id=\"51110\" style=\"\"><i class=\"pvc-stats-icon large\" aria-hidden=\"true\"><svg aria-hidden=\"true\" focusable=\"false\" data-prefix=\"far\" data-icon=\"chart-bar\" role=\"img\" xmlns=\"http:\/\/www.w3.org\/2000\/svg\" viewBox=\"0 0 512 512\" class=\"svg-inline--fa fa-chart-bar fa-w-16 fa-2x\"><path fill=\"currentColor\" d=\"M396.8 352h22.4c6.4 0 12.8-6.4 12.8-12.8V108.8c0-6.4-6.4-12.8-12.8-12.8h-22.4c-6.4 0-12.8 6.4-12.8 12.8v230.4c0 6.4 6.4 12.8 12.8 12.8zm-192 0h22.4c6.4 0 12.8-6.4 12.8-12.8V140.8c0-6.4-6.4-12.8-12.8-12.8h-22.4c-6.4 0-12.8 6.4-12.8 12.8v198.4c0 6.4 6.4 12.8 12.8 12.8zm96 0h22.4c6.4 0 12.8-6.4 12.8-12.8V204.8c0-6.4-6.4-12.8-12.8-12.8h-22.4c-6.4 0-12.8 6.4-12.8 12.8v134.4c0 6.4 6.4 12.8 12.8 12.8zM496 400H48V80c0-8.84-7.16-16-16-16H16C7.16 64 0 71.16 0 80v336c0 17.67 14.33 32 32 32h464c8.84 0 16-7.16 16-16v-16c0-8.84-7.16-16-16-16zm-387.2-48h22.4c6.4 0 12.8-6.4 12.8-12.8v-70.4c0-6.4-6.4-12.8-12.8-12.8h-22.4c-6.4 0-12.8 6.4-12.8 12.8v70.4c0 6.4 6.4 12.8 12.8 12.8z\" class=\"\"><\/path><\/svg><\/i> <img loading=\"lazy\" decoding=\"async\" width=\"16\" height=\"16\" alt=\"Loading\" src=\"https:\/\/temucotelevision.cl\/web\/wp-content\/plugins\/page-views-count\/ajax-loader-2x.gif\" border=0 \/><\/p><div class=\"pvc_clear\"><\/div>\n<ul class=\"wp-block-list\">\n<li><em>Esta competencia formativa, \u00fanica en Chile, se realizar\u00e1 este fin de semana en el Parque CMPC Junquillar de Angol y tendr\u00e1 nuevas pistas, con mayor dificultad, para que los competidores puedan aprender nuevas t\u00e9cnicas.<\/em><\/li>\n\n\n\n<li><em>Las inscripciones se encuentran abiertas para quienes deseen participar. Pueden acudir ni\u00f1os y adolescentes de 4 a 17 a\u00f1os, y habr\u00e1 actividades complementarias para toda la familia.\u00a0<\/em><\/li>\n<\/ul>\n\n\n\n<p>Desempolva tu bicicleta y arregla tus neum\u00e1ticos, porque la segunda jornada de la Serie Interescolar Junquillar MTB 2024 ya est\u00e1 esperando a sus competidores. Este torneo se erige como la \u00fanica serie de carreras de mountain bike en Chile, que es pensada s\u00f3lo para ni\u00f1os y j\u00f3venes. El campeonato, cuya segunda fecha se desarrollar\u00e1 en el Parque CMPC Junquillar, promete ser un evento imperdible para los entusiastas del ciclismo.<\/p>\n\n\n\n<p>Cabe recordar que la primera fecha de esta serie de carreras se desarroll\u00f3 en junio de este a\u00f1o en el Parque Pumalal de CMPC en Temuco, y atrajo a ciclistas y familias de todo el sur de Chile, desde \u00d1uble hasta Osorno, demostrando el gran inter\u00e9s y entusiasmo por este tipo de encuentros deportivos.&nbsp;<\/p>\n\n\n\n<p><strong>Un campeonato que sigue escalando<\/strong><\/p>\n\n\n\n<p>La serie de descenso (<em>downhill<\/em>) formativa tiene como objetivo principal que los ni\u00f1os y j\u00f3venes puedan aprender y mejorar sus habilidades en un entorno seguro y divertido. Las categor\u00edas estar\u00e1n divididas en masculino y femenino, permitiendo que todos los participantes compitan en igualdad de condiciones. Adem\u00e1s, la participaci\u00f3n en esta serie permitir\u00e1 a los ni\u00f1os acumular puntos del ranking, con la posibilidad de ganar premios al final del campeonato.<\/p>\n\n\n\n<p>Roberto Mieres, uno de los organizadores del evento, coment\u00f3 sobre la importancia de esta iniciativa: &#8220;El desarrollo de este campeonato es fundamental para permitir el acceso al ciclismo de descenso a ni\u00f1os y ni\u00f1as. Estamos muy agradecidos con CMPC por haber facilitado su parque y sus recursos, lo que ha sido clave para que este campeonato se lleve a cabo con \u00e9xito&#8221;.<\/p>\n\n\n\n<p>El campeonato se divide en tres fechas clave, cada una de las cuales incluye competencias tanto de&nbsp;<em>Downhill<\/em>&nbsp;como de&nbsp;<em>Cross Country<\/em>. La primera de ellas se realiz\u00f3 el s\u00e1bado 1 y domingo 2 de junio; luego contin\u00faa la segunda fecha este 7 de julio, para finalizar los d\u00edas 3 y 4 de agosto. En cada una de estas jornadas, todos los ni\u00f1os que finalicen la competencia recibir\u00e1n una medalla &#8220;finisher&#8221; en reconocimiento a su esfuerzo y participaci\u00f3n. Adem\u00e1s, se otorgar\u00e1n trofeos de 1\u00b0 a 5\u00b0 lugar en cada categor\u00eda para ambas modalidades.<\/p>\n\n\n\n<p><strong>Una fiesta completa para ir en familia<\/strong><\/p>\n\n\n\n<p>Para asegurar que toda la familia pueda disfrutar del evento, se han preparado diversas actividades complementarias. Habr\u00e1 camas el\u00e1sticas y entretenimiento especialmente pensados para los ni\u00f1os, as\u00ed como una variedad de foodtrucks que ofrecer\u00e1n opciones gastron\u00f3micas para todos los gustos. As\u00ed, mientras los peque\u00f1os participan en la carrera, los dem\u00e1s miembros de la familia podr\u00e1n disfrutar de una jornada al aire libre.<\/p>\n\n\n\n<p>&#8220;Esta iniciativa refleja el compromiso de CMPC con la promoci\u00f3n del deporte y el bienestar de los j\u00f3venes. Al abrir las puertas del Parque Junquillar y proporcionar nuestros recursos, no solo fomentamos la pr\u00e1ctica deportiva desde edades tempranas, sino que tambi\u00e9n ofrecemos un espacio seguro y controlado para que los ni\u00f1os puedan desarrollar habilidades competitivas de alto nivel&#8221;, destac\u00f3 Paula Aguirre, subgerenta de Proyectos CMPC Sur.<\/p>\n\n\n\n<p><strong>Inscripciones<\/strong><\/p>\n\n\n\n<p>La Serie Interescolar Junquillar MTB 2024 no solo busca descubrir y fomentar nuevos talentos en el ciclismo, sino tambi\u00e9n crear un espacio donde los j\u00f3venes puedan disfrutar del deporte, aprender y crecer en un ambiente seguro y estimulante. Las inscripciones est\u00e1n abiertas y se realizan en el sitio web<a href=\"https:\/\/cronometrajeinstantaneo.com\/inscripciones\/serie-campeones-fecha-2-2024\">https:\/\/cronometrajeinstantaneo.com\/inscripciones\/serie-campeones-fecha-2-2024<\/a><\/p>\n","protected":false},"excerpt":{"rendered":"<div class=\"pvc_clear\"><\/div>\n<p id=\"pvc_stats_51110\" class=\"pvc_stats total_only  \" data-element-id=\"51110\" style=\"\"><i class=\"pvc-stats-icon large\" aria-hidden=\"true\"><svg aria-hidden=\"true\" focusable=\"false\" data-prefix=\"far\" data-icon=\"chart-bar\" role=\"img\" xmlns=\"http:\/\/www.w3.org\/2000\/svg\" viewBox=\"0 0 512 512\" class=\"svg-inline--fa fa-chart-bar fa-w-16 fa-2x\"><path fill=\"currentColor\" d=\"M396.8 352h22.4c6.4 0 12.8-6.4 12.8-12.8V108.8c0-6.4-6.4-12.8-12.8-12.8h-22.4c-6.4 0-12.8 6.4-12.8 12.8v230.4c0 6.4 6.4 12.8 12.8 12.8zm-192 0h22.4c6.4 0 12.8-6.4 12.8-12.8V140.8c0-6.4-6.4-12.8-12.8-12.8h-22.4c-6.4 0-12.8 6.4-12.8 12.8v198.4c0 6.4 6.4 12.8 12.8 12.8zm96 0h22.4c6.4 0 12.8-6.4 12.8-12.8V204.8c0-6.4-6.4-12.8-12.8-12.8h-22.4c-6.4 0-12.8 6.4-12.8 12.8v134.4c0 6.4 6.4 12.8 12.8 12.8zM496 400H48V80c0-8.84-7.16-16-16-16H16C7.16 64 0 71.16 0 80v336c0 17.67 14.33 32 32 32h464c8.84 0 16-7.16 16-16v-16c0-8.84-7.16-16-16-16zm-387.2-48h22.4c6.4 0 12.8-6.4 12.8-12.8v-70.4c0-6.4-6.4-12.8-12.8-12.8h-22.4c-6.4 0-12.8 6.4-12.8 12.8v70.4c0 6.4 6.4 12.8 12.8 12.8z\" class=\"\"><\/path><\/svg><\/i> <img loading=\"lazy\" decoding=\"async\" width=\"16\" height=\"16\" alt=\"Loading\" src=\"https:\/\/temucotelevision.cl\/web\/wp-content\/plugins\/page-views-count\/ajax-loader-2x.gif\" border=0 \/><\/p>\n<div class=\"pvc_clear\"><\/div>\n<p>Desempolva tu bicicleta y arregla tus neum\u00e1ticos, porque la segunda jornada de la Serie Interescolar Junquillar MTB 2024 ya est\u00e1<\/p>\n","protected":false},"author":1,"featured_media":51111,"comment_status":"open","ping_status":"open","sticky":false,"template":"","format":"standard","meta":{"colormag_page_container_layout":"default_layout","colormag_page_sidebar_layout":"default_layout","footnotes":""},"categories":[86],"tags":[4967],"class_list":["post-51110","post","type-post","status-publish","format-standard","has-post-thumbnail","hentry","category-panoramas","tag-mountan-bike"],"a3_pvc":{"activated":true,"total_views":2199,"today_views":0},"_links":{"self":[{"href":"https:\/\/temucotelevision.cl\/web\/wp-json\/wp\/v2\/posts\/51110","targetHints":{"allow":["GET"]}}],"collection":[{"href":"https:\/\/temucotelevision.cl\/web\/wp-json\/wp\/v2\/posts"}],"about":[{"href":"https:\/\/temucotelevision.cl\/web\/wp-json\/wp\/v2\/types\/post"}],"author":[{"embeddable":true,"href":"https:\/\/temucotelevision.cl\/web\/wp-json\/wp\/v2\/users\/1"}],"replies":[{"embeddable":true,"href":"https:\/\/temucotelevision.cl\/web\/wp-json\/wp\/v2\/comments?post=51110"}],"version-history":[{"count":1,"href":"https:\/\/temucotelevision.cl\/web\/wp-json\/wp\/v2\/posts\/51110\/revisions"}],"predecessor-version":[{"id":51112,"href":"https:\/\/temucotelevision.cl\/web\/wp-json\/wp\/v2\/posts\/51110\/revisions\/51112"}],"wp:featuredmedia":[{"embeddable":true,"href":"https:\/\/temucotelevision.cl\/web\/wp-json\/wp\/v2\/media\/51111"}],"wp:attachment":[{"href":"https:\/\/temucotelevision.cl\/web\/wp-json\/wp\/v2\/media?parent=51110"}],"wp:term":[{"taxonomy":"category","embeddable":true,"href":"https:\/\/temucotelevision.cl\/web\/wp-json\/wp\/v2\/categories?post=51110"},{"taxonomy":"post_tag","embeddable":true,"href":"https:\/\/temucotelevision.cl\/web\/wp-json\/wp\/v2\/tags?post=51110"}],"curies":[{"name":"wp","href":"https:\/\/api.w.org\/{rel}","templated":true}]}}